{"id":51778,"date":"2016-03-19T00:41:47","date_gmt":"2016-03-18T21:41:47","guid":{"rendered":"https:\/\/www.enerjigazetesi.ist\/?p=51778"},"modified":"2016-03-19T00:42:11","modified_gmt":"2016-03-18T21:42:11","slug":"epiastan-yerli-yazilim-atagi-elektrikte-gun-oncesi-piyasasi-yuzde-100-yerli-olacak","status":"publish","type":"post","link":"https:\/\/www.enerjigazetesi.ist\/en\/epiastan-yerli-yazilim-atagi-elektrikte-gun-oncesi-piyasasi-yuzde-100-yerli-olacak\/","title":{"rendered":"(Turkish) EP\u0130A\u015e\u2019tan Yerli Yaz\u0131l\u0131m Ata\u011f\u0131: Elektrikte G\u00fcn \u00d6ncesi %100 Yerli Olacak&#8230;"},"content":{"rendered":"<p class=\"qtranxs-available-languages-message qtranxs-available-languages-message-en\">Sorry, this entry is only available in <a href=\"https:\/\/www.enerjigazetesi.ist\/tr\/wp-json\/wp\/v2\/posts\/51778\" class=\"qtranxs-available-language-link qtranxs-available-language-link-tr\" title=\"Turkish\">Turkish<\/a>. For the sake of viewer convenience, the content is shown below in the alternative language. You may click the link to switch the active language.<\/p><p><\/p>\n<p style=\"color: #0a0a0a;\"><strong>Enerji Piyasalar\u0131 \u0130\u015fletme A.\u015e. (EP\u0130A\u015e) elektrik piyasas\u0131 i\u00e7in yerli yaz\u0131l\u0131m projesinde \u00f6nemli bir ad\u0131m att\u0131. Elektrik piyasas\u0131nda al\u0131c\u0131 ve sat\u0131c\u0131lar\u0131n bulu\u015ftu\u011fu ve referans fiyat\u0131n belirlendi\u011fi online platform olan g\u00fcn \u00f6ncesi piyasas\u0131n\u0131n yerlile\u015ftirilmesi projesinde\u00a0bir a\u015fama\u00a0tamamland\u0131.<\/strong><span id=\"more-76919\"><\/span><\/p>\n<p style=\"color: #0a0a0a;\">Elektrik piyasas\u0131nda mevcut durumda Fransa k\u00f6kenli AREVA \u015firketi taraf\u0131ndan geli\u015ftirilen Eterra \u00fcr\u00fcn\u00fc k<a href=\"https:\/\/www.enerjigazetesi.ist\/wp-content\/uploads\/2016\/03\/epiastan-yerli-yazilim-atagi-elektrikte-gun-oncesi-piyasasi-yuzde-100-yerli-olacak.png\"><img loading=\"lazy\" class=\"alignright size-medium wp-image-51779\" src=\"https:\/\/www.enerjigazetesi.ist\/wp-content\/uploads\/2016\/03\/epiastan-yerli-yazilim-atagi-elektrikte-gun-oncesi-piyasasi-yuzde-100-yerli-olacak-300x165.png\" alt=\"epiastan-yerli-yazilim-atagi-elektrikte-gun-oncesi-piyasasi-yuzde-100-yerli-olacak\" width=\"300\" height=\"165\" srcset=\"https:\/\/www.enerjigazetesi.ist\/wp-content\/uploads\/2016\/03\/epiastan-yerli-yazilim-atagi-elektrikte-gun-oncesi-piyasasi-yuzde-100-yerli-olacak-300x165.png 300w, https:\/\/www.enerjigazetesi.ist\/wp-content\/uploads\/2016\/03\/epiastan-yerli-yazilim-atagi-elektrikte-gun-oncesi-piyasasi-yuzde-100-yerli-olacak-500x276.png 500w, https:\/\/www.enerjigazetesi.ist\/wp-content\/uploads\/2016\/03\/epiastan-yerli-yazilim-atagi-elektrikte-gun-oncesi-piyasasi-yuzde-100-yerli-olacak-80x44.png 80w, https:\/\/www.enerjigazetesi.ist\/wp-content\/uploads\/2016\/03\/epiastan-yerli-yazilim-atagi-elektrikte-gun-oncesi-piyasasi-yuzde-100-yerli-olacak.png 696w\" sizes=\"(max-width: 300px) 100vw, 300px\" \/><\/a>ullan\u0131l\u0131yor. 2011 y\u0131l\u0131nda sat\u0131n al\u0131nan yaz\u0131l\u0131m, 2004 y\u0131l\u0131na ait yaz\u0131l\u0131m teknolojisi ve algoritma teknolojisine sahip olmas\u0131ndan dolay\u0131 geli\u015fmekte olan\u00a0enerji piyasas\u0131n\u0131n ihtiya\u00e7lar\u0131n\u0131 kar\u015f\u0131layam\u0131yor. Yaz\u0131l\u0131m\u0131n kaynak kodu a\u00e7\u0131k olmad\u0131\u011f\u0131ndan EP\u0130A\u015e ekibi gerekli de\u011fi\u015fiklik ve g\u00fcncellemeleri yapam\u0131yor,\u00a0sekt\u00f6r\u00fcn ihtiya\u00e7lar\u0131n\u0131 ve beklentilerini kar\u015f\u0131lamakta yetersiz kal\u0131yor. Kritik s\u00fcre\u00e7lerin bulundu\u011fu piyasa yaz\u0131l\u0131m\u0131nda ar\u0131za olmas\u0131 durumunda m\u00fcdahale edemiyor. EP\u0130A\u015e taraf\u0131ndan bug\u00fcn yay\u0131nlanan duyuru ile yerli yaz\u0131l\u0131ma ait test platformunun piyasa kat\u0131l\u0131mc\u0131lar\u0131na a\u00e7\u0131ld\u0131\u011f\u0131 belirtildi. \u00d6n\u00fcm\u00fczdeki s\u00fcre\u00e7te, kat\u0131l\u0131mc\u0131lardan gelen geri bildirimlere g\u00f6re geli\u015ftirmeler tamamlanarak en k\u0131sa s\u00fcrede platformun hataya ge\u00e7irilmesi planlan\u0131yor.<\/p>\n<blockquote style=\"color: #0a0a0a;\">\n<p style=\"color: #1e73be;\"><strong>EP\u0130A\u015e Duyurusu:<\/strong><\/p>\n<p style=\"color: #1e73be;\">EP\u0130A\u015e\u2019\u0131n elektrik piyasas\u0131 i\u015fletme lisans\u0131 almas\u0131yla birlikte, piyasa i\u015fletim lisans\u0131nda yer alan elektrik piyasalar\u0131n\u0131n etkin, \u015feffaf, g\u00fcvenilir ve sekt\u00f6r ihtiya\u00e7lar\u0131n\u0131 kar\u015f\u0131layacak \u015fekilde planlanmas\u0131, kurulmas\u0131, geli\u015ftirilmesi ve i\u015fletilmesi amac\u0131 ile bir\u00e7ok yenili\u011fin hayata ge\u00e7irilmesi hedeflenmi\u015ftir. Bu hedefler do\u011frultusunda, artan piyasa kat\u0131l\u0131mc\u0131 say\u0131s\u0131na cevap verebilecek, sekt\u00f6r beklentilerini kar\u015f\u0131layacak ve yurtd\u0131\u015f\u0131 muadilleri seviyesinde bir G\u00fcn \u00d6ncesi Piyasas\u0131 yaz\u0131l\u0131m\u0131n\u0131n olu\u015fturulmas\u0131 i\u00e7in \u201cYerli G\u00fcn \u00d6ncesi Piyasas\u0131 Projesine\u201d ba\u015flanm\u0131\u015ft\u0131r. Elektri\u011fin referans fiyat\u0131n\u0131n (PTF) belirlendi\u011fi yaz\u0131l\u0131m oldu\u011fu s\u00f6z konusu proje i\u00e7in \u015eirketimizin en \u00f6ncelikli projeleri aras\u0131nda yer almaktad\u0131r.<\/p>\n<p style=\"color: #1e73be;\">Hali haz\u0131rda kullan\u0131lan G\u00fcn \u00d6ncesi Piyasas\u0131 yaz\u0131l\u0131m\u0131 1 Aral\u0131k 2011 tarihinden itibaren kullan\u0131lmakta olup, yaz\u0131l\u0131m\u0131n 2004 y\u0131l\u0131na ait yaz\u0131l\u0131m teknolojisine ve algoritmas\u0131na sahip olmas\u0131ndan dolay\u0131 sekt\u00f6r\u00fcn ihtiya\u00e7lar\u0131n\u0131 ve beklentilerini kar\u015f\u0131lamakta yetersiz kald\u0131\u011f\u0131 g\u00f6r\u00fclm\u00fc\u015ft\u00fcr.<\/p>\n<p style=\"color: #1e73be;\">Mevcut yaz\u0131l\u0131m\u0131n kaynak kodunun eri\u015fime a\u00e7\u0131k olmamas\u0131, buna ba\u011fl\u0131 olarak geli\u015ftirme ve m\u00fcdahale faaliyetlerinde d\u0131\u015fa ba\u011f\u0131ml\u0131l\u0131k gibi pek \u00e7ok olumsuzluk yeni yaz\u0131l\u0131mla birlikte ortadan kalkacakt\u0131r.<\/p>\n<p style=\"color: #1e73be;\">1 Aral\u0131k 2011 tarihi itibariyle g\u00fcn \u00f6ncesi piyasas\u0131n\u0131 i\u015fleten tecr\u00fcbe, Yerli G\u00d6P Projesinin temelini olu\u015fturmaktad\u0131r. Ayr\u0131ca yerli G\u00d6P projesi tasarlan\u0131rken Avrupa \u00f6rnekleri detayl\u0131 bir \u015fekilde incelenmi\u015ftir.<\/p>\n<p style=\"color: #1e73be;\">Gelinen s\u00fcre\u00e7te kullan\u0131c\u0131lar i\u00e7in kullan\u0131\u015fl\u0131 bir ara y\u00fcz tasar\u0131m\u0131na sahip, tamamen yerli kaynaklar\u0131m\u0131z taraf\u0131ndan tasarland\u0131\u011f\u0131 ve yaz\u0131ld\u0131\u011f\u0131 i\u00e7in esnekli\u011fe ve geli\u015ftirmelere a\u00e7\u0131k olan bir G\u00fcn \u00d6ncesi Piyasas\u0131 yaz\u0131l\u0131m\u0131n\u0131n ve optimizasyon modeli tamamlanm\u0131\u015ft\u0131r. \u00c7a\u011f\u0131n gerekti\u011fi teknolojiyi ve bilgiyi kullanan bilgi teknolojileri \u0131\u015f\u0131\u011f\u0131nda geli\u015ftirilen altyap\u0131 art\u0131k haz\u0131r hale gelmi\u015ftir.<\/p>\n<p style=\"color: #1e73be;\">Yeni yaz\u0131l\u0131m\u0131m\u0131z\u0131n sahip oldu\u011fu kullan\u0131c\u0131 dostu \u00f6zelliklerin geli\u015ftirilmesi ve piyasa kat\u0131l\u0131mc\u0131lar\u0131 taraf\u0131ndan yeni fonksiyonlar\u0131n test edilmesi amac\u0131yla yaz\u0131l\u0131m 18 Mart 2016 (Bug\u00fcn) itibariyle https:\/\/goptest.epias.com.tr adresinden kendi kullan\u0131c\u0131 ad ve \u015fifreleri ile piyasa kat\u0131l\u0131mc\u0131lar\u0131n\u0131n kullan\u0131m\u0131na a\u00e7\u0131lm\u0131\u015ft\u0131r. Piyasa kat\u0131l\u0131mc\u0131lar\u0131n\u0131n, sadece PK\u2019l\u0131 kullan\u0131c\u0131lar\u0131 test ortam\u0131 i\u00e7in yetkilendirilmi\u015f olup, PK\u2019l\u0131 kullan\u0131c\u0131lar\u0131n, alt kullan\u0131c\u0131lar\u0131na dgpys ekranlar\u0131ndan yetki vermeleri gerekmektedir.<\/p>\n<p style=\"color: #1e73be;\">Yeni yaz\u0131l\u0131m\u0131n test s\u00fcrecinin, faaliyete devam eden mevcut g\u00fcn \u00f6ncesi piyasas\u0131 s\u00fcre\u00e7leri ile \u00e7ak\u0131\u015fmamas\u0131 ve testlerin sa\u011fl\u0131kl\u0131 yap\u0131labilmesi amac\u0131yla yeni yaz\u0131l\u0131m\u0131n test s\u00fcrecince teklif bildirim s\u00fcresi 13:30\u2019a, ticari i\u015flem onaylar\u0131n\u0131n yay\u0131nlanmas\u0131 15:00\u2019a ve ikili anla\u015fmalar s\u00fcreci ise 17:00\u2019a \u00f6telenmi\u015ftir. S\u00fcre\u00e7ler, sadece test ortam\u0131 s\u00fcrecince \u00f6telenmi\u015f olup, mevcut g\u00fcn \u00f6ncesi piyasas\u0131 s\u00fcre\u00e7lerinde herhangi bir de\u011fi\u015fiklik yap\u0131lmam\u0131\u015ft\u0131r.<\/p>\n<p style=\"color: #1e73be;\">Yeni yaz\u0131l\u0131m hakk\u0131ndaki g\u00f6r\u00fc\u015fler gorusleriniz.gop@epias.com.tr mail adresinden iletilebilecektir. Piyasa kat\u0131l\u0131mc\u0131lar\u0131ndan gelen geri bildirimler sayesinde, yeni yaz\u0131l\u0131m daha da geli\u015ftirilerek en y\u00fcksek faydan\u0131n sa\u011flanmas\u0131 hedeflenmektedir.<\/p>\n<p style=\"color: #1e73be;\">Kaynak: B\u00fcltenler<\/p>\n<\/blockquote>\n<p><\/p>","protected":false},"excerpt":{"rendered":"<p>Sorry, this entry is only available in Turkish. For the sake of viewer convenience, the content is shown below in the alternative language. You may click the link to switch the active language. Enerji Piyasalar\u0131 \u0130\u015fletme A.\u015e. (EP\u0130A\u015e) elektrik piyasas\u0131 i\u00e7in yerli yaz\u0131l\u0131m projesinde \u00f6nemli bir ad\u0131m att\u0131. Elektrik piyasas\u0131nda al\u0131c\u0131 ve sat\u0131c\u0131lar\u0131n bulu\u015ftu\u011fu ve [&hellip;]<\/p>\n","protected":false},"author":1,"featured_media":51779,"comment_status":"open","ping_status":"open","sticky":false,"template":"","format":"standard","meta":[],"categories":[51,53],"tags":[68,61,19638,2873,63,67,1009,2698,165,1010,28992,28993,23669,28994,28995,28996],"views":1018,"_links":{"self":[{"href":"https:\/\/www.enerjigazetesi.ist\/en\/wp-json\/wp\/v2\/posts\/51778"}],"collection":[{"href":"https:\/\/www.enerjigazetesi.ist\/en\/wp-json\/wp\/v2\/posts"}],"about":[{"href":"https:\/\/www.enerjigazetesi.ist\/en\/wp-json\/wp\/v2\/types\/post"}],"author":[{"embeddable":true,"href":"https:\/\/www.enerjigazetesi.ist\/en\/wp-json\/wp\/v2\/users\/1"}],"replies":[{"embeddable":true,"href":"https:\/\/www.enerjigazetesi.ist\/en\/wp-json\/wp\/v2\/comments?post=51778"}],"version-history":[{"count":2,"href":"https:\/\/www.enerjigazetesi.ist\/en\/wp-json\/wp\/v2\/posts\/51778\/revisions"}],"predecessor-version":[{"id":51781,"href":"https:\/\/www.enerjigazetesi.ist\/en\/wp-json\/wp\/v2\/posts\/51778\/revisions\/51781"}],"wp:featuredmedia":[{"embeddable":true,"href":"https:\/\/www.enerjigazetesi.ist\/en\/wp-json\/wp\/v2\/media\/51779"}],"wp:attachment":[{"href":"https:\/\/www.enerjigazetesi.ist\/en\/wp-json\/wp\/v2\/media?parent=51778"}],"wp:term":[{"taxonomy":"category","embeddable":true,"href":"https:\/\/www.enerjigazetesi.ist\/en\/wp-json\/wp\/v2\/categories?post=51778"},{"taxonomy":"post_tag","embeddable":true,"href":"https:\/\/www.enerjigazetesi.ist\/en\/wp-json\/wp\/v2\/tags?post=51778"}],"curies":[{"name":"wp","href":"https:\/\/api.w.org\/{rel}","templated":true}]}}