{"id":51695,"date":"2016-03-17T12:00:51","date_gmt":"2016-03-17T09:00:51","guid":{"rendered":"https:\/\/www.enerjigazetesi.ist\/?p=51695"},"modified":"2016-03-17T12:00:51","modified_gmt":"2016-03-17T09:00:51","slug":"dunyanin-ilk-gunes-enerjili-havalimani-artik-elektrik-faturasi-odemiyor","status":"publish","type":"post","link":"https:\/\/www.enerjigazetesi.ist\/en\/dunyanin-ilk-gunes-enerjili-havalimani-artik-elektrik-faturasi-odemiyor\/","title":{"rendered":"(Turkish) D\u00fcnyan\u0131n \u0130lk G\u00fcne\u015f Enerjili Havaliman\u0131 Art\u0131k Elektrik Faturas\u0131 \u00d6demiyor&#8230;"},"content":{"rendered":"<p class=\"qtranxs-available-languages-message qtranxs-available-languages-message-en\">Sorry, this entry is only available in <a href=\"https:\/\/www.enerjigazetesi.ist\/tr\/wp-json\/wp\/v2\/posts\/51695\" class=\"qtranxs-available-language-link qtranxs-available-language-link-tr\" title=\"Turkish\">Turkish<\/a>. For the sake of viewer convenience, the content is shown below in the alternative language. You may click the link to switch the active language.<\/p><p><\/p>\n<p style=\"color: #0a0a0a;\"><strong>Hindistan\u2019\u0131n \u015fehirlerinden biri olan Cochin\u2019de d\u00fcnyan\u0131n ilk g\u00fcne\u015f enerjisiyle \u00e7al\u0131\u015fan havaliman\u0131 i\u00e7in 3 y\u0131l \u00f6nce terminal binas\u0131n\u0131n \u00e7at\u0131lar\u0131na g\u00fcne\u015f panelleri yerle\u015ftirilmeye ba\u015fland\u0131. Bu \u00e7abalar ile\u00a0b\u00fcy\u00fck ba\u015far\u0131ya imza at\u0131larak 46.000 g\u00fcne\u015f paneli yerle\u015ftirildi.<\/strong><span id=\"more-76861\"><\/span><\/p>\n<p style=\"color: #0a0a0a;\">D\u00fcnyan\u0131n ilk g\u00fcne\u015f enerjisiyle \u00e7al\u0131\u015fan havaliman\u0131 olarak bu y\u0131l A\u011fustos ay\u0131nda kendi elektri\u011fini \u00fcretmeye b<a href=\"https:\/\/www.enerjigazetesi.ist\/wp-content\/uploads\/2016\/03\/dunyanin-ilk-gunes-enerjili-havalimani-artik-elektrik-faturasi-odemiyor.jpg\"><img loading=\"lazy\" class=\"alignright size-medium wp-image-51696\" src=\"https:\/\/www.enerjigazetesi.ist\/wp-content\/uploads\/2016\/03\/dunyanin-ilk-gunes-enerjili-havalimani-artik-elektrik-faturasi-odemiyor-300x165.jpg\" alt=\"dunyanin-ilk-gunes-enerjili-havalimani-artik-elektrik-faturasi-odemiyor\" width=\"300\" height=\"165\" srcset=\"https:\/\/www.enerjigazetesi.ist\/wp-content\/uploads\/2016\/03\/dunyanin-ilk-gunes-enerjili-havalimani-artik-elektrik-faturasi-odemiyor-300x165.jpg 300w, https:\/\/www.enerjigazetesi.ist\/wp-content\/uploads\/2016\/03\/dunyanin-ilk-gunes-enerjili-havalimani-artik-elektrik-faturasi-odemiyor-500x276.jpg 500w, https:\/\/www.enerjigazetesi.ist\/wp-content\/uploads\/2016\/03\/dunyanin-ilk-gunes-enerjili-havalimani-artik-elektrik-faturasi-odemiyor-80x44.jpg 80w, https:\/\/www.enerjigazetesi.ist\/wp-content\/uploads\/2016\/03\/dunyanin-ilk-gunes-enerjili-havalimani-artik-elektrik-faturasi-odemiyor.jpg 696w\" sizes=\"(max-width: 300px) 100vw, 300px\" \/><\/a>a\u015flad\u0131. Havaliman\u0131n\u0131n kargo hangarlar\u0131n\u0131n yan\u0131na yerle\u015ftirilen paneller\u00a0yakla\u015f\u0131k 4000 metrekare alan \u00fczerine kuruldu. Yap\u0131lan a\u00e7\u0131klamaya g\u00f6re paneller havaliman\u0131nda 50-60 bin \u00fcniteye elektrik sa\u011fl\u0131yor ve bu havaliman\u0131n\u0131 \u00e7al\u0131\u015f\u0131r halde tutan cihazlar\u0131n tamam\u0131na e\u015fit.\u00a09.3 milyon dolar maliyetli proje 12 MW kurulu g\u00fcce sahip ve \u00f6n\u00fcm\u00fczdeki 25 y\u0131l boyunca 300.000 tonluk karbon sal\u0131n\u0131m\u0131n\u0131 engelleyecek. Ge\u00e7ti\u011fimiz 6 ayd\u0131r elektrik faturas\u0131 \u00f6demeyen havaliman\u0131nda, santral yat\u0131r\u0131m maliyetinin\u00a06\u00a0y\u0131lda kar\u015f\u0131lanaca\u011f\u0131\u00a0belirtiliyor.<\/p>\n<p style=\"color: #0a0a0a;\">Havaliman\u0131 Genel M\u00fcd\u00fcr\u00fc Jose Thomas, \u201celektrik da\u011f\u0131t\u0131m sisteminden tamemen ba\u011f\u0131ms\u0131z olmak istedik\u201d diyor. Thomas, havalimanlar\u0131n\u0131n g\u00fcne\u015f panelleri i\u00e7in olduk\u00e7a yeterli alanlar\u0131n\u0131n oldu\u011funa dikkat \u00e7ekiyor ve k\u00fc\u00e7\u00fck tesislerin tamamen g\u00fcne\u015f enerjisi ile \u00e7al\u0131\u015fmalar\u0131n\u0131n \u00e7ok daha kolay oldu\u011funu ifade ediyor. Cochin havaliman\u0131 yeni terminal binas\u0131 ile artan talebi kar\u015f\u0131lamak i\u00e7in g\u00fcne\u015f enerjisi tesisinin kapasitesini art\u0131r\u0131yor. Nisan ay\u0131 itibari ile bir k\u00fc\u00e7\u00fck tesis daha devreye girecek ve havaliman\u0131 \u00e7evresindeki kanal\u0131n \u00fcst\u00fc beton ile kapat\u0131larak g\u00fcne\u015f panellerinin say\u0131s\u0131 art\u0131r\u0131lacak.<\/p>\n<p style=\"color: #0a0a0a;\">Kaynak:\u00a0B\u00fcltenler<\/p>\n<p><\/p>","protected":false},"excerpt":{"rendered":"<p>Sorry, this entry is only available in Turkish. For the sake of viewer convenience, the content is shown below in the alternative language. You may click the link to switch the active language. Hindistan\u2019\u0131n \u015fehirlerinden biri olan Cochin\u2019de d\u00fcnyan\u0131n ilk g\u00fcne\u015f enerjisiyle \u00e7al\u0131\u015fan havaliman\u0131 i\u00e7in 3 y\u0131l \u00f6nce terminal binas\u0131n\u0131n \u00e7at\u0131lar\u0131na g\u00fcne\u015f panelleri yerle\u015ftirilmeye ba\u015fland\u0131. [&hellip;]<\/p>\n","protected":false},"author":1,"featured_media":51696,"comment_status":"open","ping_status":"open","sticky":false,"template":"","format":"standard","meta":[],"categories":[53,49],"tags":[63,67,1009,2698,165,227,13,1353,23133,22975,4269,23589],"views":733,"_links":{"self":[{"href":"https:\/\/www.enerjigazetesi.ist\/en\/wp-json\/wp\/v2\/posts\/51695"}],"collection":[{"href":"https:\/\/www.enerjigazetesi.ist\/en\/wp-json\/wp\/v2\/posts"}],"about":[{"href":"https:\/\/www.enerjigazetesi.ist\/en\/wp-json\/wp\/v2\/types\/post"}],"author":[{"embeddable":true,"href":"https:\/\/www.enerjigazetesi.ist\/en\/wp-json\/wp\/v2\/users\/1"}],"replies":[{"embeddable":true,"href":"https:\/\/www.enerjigazetesi.ist\/en\/wp-json\/wp\/v2\/comments?post=51695"}],"version-history":[{"count":1,"href":"https:\/\/www.enerjigazetesi.ist\/en\/wp-json\/wp\/v2\/posts\/51695\/revisions"}],"predecessor-version":[{"id":51697,"href":"https:\/\/www.enerjigazetesi.ist\/en\/wp-json\/wp\/v2\/posts\/51695\/revisions\/51697"}],"wp:featuredmedia":[{"embeddable":true,"href":"https:\/\/www.enerjigazetesi.ist\/en\/wp-json\/wp\/v2\/media\/51696"}],"wp:attachment":[{"href":"https:\/\/www.enerjigazetesi.ist\/en\/wp-json\/wp\/v2\/media?parent=51695"}],"wp:term":[{"taxonomy":"category","embeddable":true,"href":"https:\/\/www.enerjigazetesi.ist\/en\/wp-json\/wp\/v2\/categories?post=51695"},{"taxonomy":"post_tag","embeddable":true,"href":"https:\/\/www.enerjigazetesi.ist\/en\/wp-json\/wp\/v2\/tags?post=51695"}],"curies":[{"name":"wp","href":"https:\/\/api.w.org\/{rel}","templated":true}]}}