{"id":51677,"date":"2016-03-16T13:17:09","date_gmt":"2016-03-16T10:17:09","guid":{"rendered":"https:\/\/www.enerjigazetesi.ist\/?p=51677"},"modified":"2016-03-16T13:17:09","modified_gmt":"2016-03-16T10:17:09","slug":"dunya-devlerinin-gozu-turkiyenin-3-uncu-nukleer-santralinde","status":"publish","type":"post","link":"https:\/\/www.enerjigazetesi.ist\/en\/dunya-devlerinin-gozu-turkiyenin-3-uncu-nukleer-santralinde\/","title":{"rendered":"(Turkish) D\u00fcnya Devlerinin G\u00f6z\u00fc T\u00fcrkiye\u2019nin 3. N\u00fckleer Santralinde&#8230;"},"content":{"rendered":"<p class=\"qtranxs-available-languages-message qtranxs-available-languages-message-en\">Sorry, this entry is only available in <a href=\"https:\/\/www.enerjigazetesi.ist\/tr\/wp-json\/wp\/v2\/posts\/51677\" class=\"qtranxs-available-language-link qtranxs-available-language-link-tr\" title=\"Turkish\">Turkish<\/a>. For the sake of viewer convenience, the content is shown below in the alternative language. You may click the link to switch the active language.<\/p><p><\/p>\n<p style=\"color: #0a0a0a;\"><strong>\u0130lk iki n\u00fckleer santralla ilgili s\u00fcre\u00e7leri devam ettiren T\u00fcrkiye, \u00fc\u00e7\u00fcnc\u00fc santral i\u00e7in de yer tespit \u00e7al\u0131\u015fmalar\u0131na h\u0131z verdi. Marmara\u2019ya in\u015fa edilmesi beklenen santral i\u00e7in Amerikal\u0131 ve \u00c7inli \u015firketler \u00e7al\u0131\u015fmalara \u015fimdiden ba\u015flad\u0131.<\/strong><span id=\"more-76837\"><\/span><\/p>\n<p style=\"color: #0a0a0a;\">T\u00fcrkiye, Mersin ve Sinop\u2019ta in\u015fa edilmesi planlanan iki n\u00fckleer santralla ilgili s\u00fcre\u00e7leri ba\u015flat\u0131rken, bir y<a href=\"https:\/\/www.enerjigazetesi.ist\/wp-content\/uploads\/2016\/03\/dunya-devlerinin-gozu-turkiyenin-3-uncu-nukleer-santralinde.jpg\"><img loading=\"lazy\" class=\"alignright size-medium wp-image-51678\" src=\"https:\/\/www.enerjigazetesi.ist\/wp-content\/uploads\/2016\/03\/dunya-devlerinin-gozu-turkiyenin-3-uncu-nukleer-santralinde-300x165.jpg\" alt=\"dunya-devlerinin-gozu-turkiyenin-3-uncu-nukleer-santralinde\" width=\"300\" height=\"165\" srcset=\"https:\/\/www.enerjigazetesi.ist\/wp-content\/uploads\/2016\/03\/dunya-devlerinin-gozu-turkiyenin-3-uncu-nukleer-santralinde-300x165.jpg 300w, https:\/\/www.enerjigazetesi.ist\/wp-content\/uploads\/2016\/03\/dunya-devlerinin-gozu-turkiyenin-3-uncu-nukleer-santralinde-500x276.jpg 500w, https:\/\/www.enerjigazetesi.ist\/wp-content\/uploads\/2016\/03\/dunya-devlerinin-gozu-turkiyenin-3-uncu-nukleer-santralinde-80x44.jpg 80w, https:\/\/www.enerjigazetesi.ist\/wp-content\/uploads\/2016\/03\/dunya-devlerinin-gozu-turkiyenin-3-uncu-nukleer-santralinde.jpg 696w\" sizes=\"(max-width: 300px) 100vw, 300px\" \/><\/a>andan da \u00fc\u00e7\u00fcnc\u00fc santral i\u00e7in g\u00f6r\u00fc\u015fmeler y\u00fcr\u00fct\u00fcyor. Marmara B\u00f6lgesi\u2019ne yap\u0131lmas\u0131 planlanan santral, d\u00fcnya devlerinin de i\u015ftah\u0131n\u0131 kabart\u0131yor. \u00d6zellikle Amerikal\u0131 ve \u00c7inli \u015firketler, \u015fimdiden enerji yetkilileriyle temasa ge\u00e7mi\u015f durumda.<\/p>\n<p style=\"color: #0a0a0a;\">Santral i\u00e7in favori adaylar aras\u0131nda g\u00f6sterilen Amerikan Westinghouse \u015firketinin K\u0131demli Ba\u015fkan Yard\u0131mc\u0131s\u0131 Jeff Benjamin, T\u00fcrkiye\u2019de n\u00fckleer santrallar\u0131n yap\u0131lmas\u0131n\u0131n \u00fclkedeki enerji \u00e7e\u015fitlili\u011fine b\u00fcy\u00fck katk\u0131 sa\u011flayaca\u011f\u0131n\u0131 ifade etti. Benjamin, Elektrik \u00dcretim A\u015e\u2019nin (E\u00dcA\u015e), ABD\u2019li Westinghouse ve \u00c7inli SNPTC ile Kas\u0131m 2014\u2019te iyi niyet anla\u015fmas\u0131 imzalad\u0131\u011f\u0131 3. n\u00fckleer santrala ili\u015fkin de \u201cT\u00fcrkiye\u2019ye 3. n\u00fckleer santralla ilgili g\u00f6r\u00fc\u015flerimizin yer ald\u0131\u011f\u0131, projenin nas\u0131l ba\u015far\u0131l\u0131 olabilece\u011fi konusunda, h\u00fck\u00fcmetinize bir rapor sunduk ve yak\u0131nda cevab\u0131n\u0131 bekliyoruz. Bunun, birka\u00e7 hafta i\u00e7inde sonu\u00e7lanaca\u011f\u0131 d\u00fc\u015f\u00fcncesindeyiz\u201d ifadelerini kulland\u0131.<\/p>\n<p style=\"color: #0a0a0a;\">T\u00fcrk H\u00fck\u00fcmeti\u2019nin n\u00fckleer enerji konusunda g\u00fc\u00e7l\u00fc bir kararl\u0131l\u0131\u011fa sahip oldu\u011funu belirten Benjamin, \u201cT\u00fcrk firmalar\u0131na da f\u0131rsatlar sunaca\u011f\u0131z. Tedarik zincirinde mutlaka T\u00fcrk firmalar\u0131yla \u00e7al\u0131\u015faca\u011f\u0131z\u201d dedi.<\/p>\n<p style=\"color: #0a0a0a;\">T\u00fcrkiye\u2019de ilk olacak Mersin\u2019deki Akkuyu N\u00fckleer Santral\u0131\u2019na ili\u015fkin anla\u015fma 2010\u2019da Rusya ile imzaland\u0131. \u0130kinci n\u00fckleer i\u00e7in Sinop\u2019ta planlanan reakt\u00f6r\u00fcn 2023\u2019te devreye girmesi planlan\u0131yor. \u00dc\u00e7\u00fcnc\u00fc n\u00fckleer santral i\u00e7in ise b\u00f6lge \u00e7al\u0131\u015fmalar\u0131 s\u00fcr\u00fcyor.<\/p>\n<p style=\"color: #0a0a0a;\">D\u00fcnya Enerji Konseyi T\u00fcrkiye Ulusal Komitesi Ba\u015fkan\u0131 Murat Mercan da, teklif s\u00fcrecinin gelecek y\u0131l ba\u015flayaca\u011f\u0131 ve 22-25 milyar dolara mal olaca\u011f\u0131 tahmin edilen 3. n\u00fckleer santrala \u00c7inli \u015firketlerin ilgi g\u00f6stermelerinin beklendi\u011fini s\u00f6yledi. China Daily\u2019e konu\u015fan Mercan, santral\u0131n toplam kapasitesinin 5.000 megawatt olarak planland\u0131\u011f\u0131n\u0131 ifade etti.<\/p>\n<p style=\"color: #0a0a0a;\">Kaynak: Enerji Enstit\u00fcs\u00fc<\/p>\n<p><\/p>","protected":false},"excerpt":{"rendered":"<p>Sorry, this entry is only available in Turkish. For the sake of viewer convenience, the content is shown below in the alternative language. You may click the link to switch the active language. \u0130lk iki n\u00fckleer santralla ilgili s\u00fcre\u00e7leri devam ettiren T\u00fcrkiye, \u00fc\u00e7\u00fcnc\u00fc santral i\u00e7in de yer tespit \u00e7al\u0131\u015fmalar\u0131na h\u0131z verdi. Marmara\u2019ya in\u015fa edilmesi beklenen [&hellip;]<\/p>\n","protected":false},"author":1,"featured_media":51678,"comment_status":"open","ping_status":"open","sticky":false,"template":"","format":"standard","meta":[],"categories":[53,43],"tags":[5209,9118,63,67,1009,2698,165,1033,1301,71,21,25480,23614,2973,27762,1595,19773],"views":891,"_links":{"self":[{"href":"https:\/\/www.enerjigazetesi.ist\/en\/wp-json\/wp\/v2\/posts\/51677"}],"collection":[{"href":"https:\/\/www.enerjigazetesi.ist\/en\/wp-json\/wp\/v2\/posts"}],"about":[{"href":"https:\/\/www.enerjigazetesi.ist\/en\/wp-json\/wp\/v2\/types\/post"}],"author":[{"embeddable":true,"href":"https:\/\/www.enerjigazetesi.ist\/en\/wp-json\/wp\/v2\/users\/1"}],"replies":[{"embeddable":true,"href":"https:\/\/www.enerjigazetesi.ist\/en\/wp-json\/wp\/v2\/comments?post=51677"}],"version-history":[{"count":1,"href":"https:\/\/www.enerjigazetesi.ist\/en\/wp-json\/wp\/v2\/posts\/51677\/revisions"}],"predecessor-version":[{"id":51679,"href":"https:\/\/www.enerjigazetesi.ist\/en\/wp-json\/wp\/v2\/posts\/51677\/revisions\/51679"}],"wp:featuredmedia":[{"embeddable":true,"href":"https:\/\/www.enerjigazetesi.ist\/en\/wp-json\/wp\/v2\/media\/51678"}],"wp:attachment":[{"href":"https:\/\/www.enerjigazetesi.ist\/en\/wp-json\/wp\/v2\/media?parent=51677"}],"wp:term":[{"taxonomy":"category","embeddable":true,"href":"https:\/\/www.enerjigazetesi.ist\/en\/wp-json\/wp\/v2\/categories?post=51677"},{"taxonomy":"post_tag","embeddable":true,"href":"https:\/\/www.enerjigazetesi.ist\/en\/wp-json\/wp\/v2\/tags?post=51677"}],"curies":[{"name":"wp","href":"https:\/\/api.w.org\/{rel}","templated":true}]}}