{"id":51668,"date":"2016-03-16T12:32:14","date_gmt":"2016-03-16T09:32:14","guid":{"rendered":"https:\/\/www.enerjigazetesi.ist\/?p=51668"},"modified":"2016-03-16T12:32:14","modified_gmt":"2016-03-16T09:32:14","slug":"dedastan-diyarbakira-4-1-milyon-liralik-enerji-nakil-hatti-yatirimi","status":"publish","type":"post","link":"https:\/\/www.enerjigazetesi.ist\/en\/dedastan-diyarbakira-4-1-milyon-liralik-enerji-nakil-hatti-yatirimi\/","title":{"rendered":"(Turkish) DEDA\u015e\u2019tan Diyarbak\u0131r\u2019a 4.1 Milyon Liral\u0131k Enerji Nakil Hatt\u0131 Yat\u0131r\u0131m\u0131!"},"content":{"rendered":"<p class=\"qtranxs-available-languages-message qtranxs-available-languages-message-en\">Sorry, this entry is only available in <a href=\"https:\/\/www.enerjigazetesi.ist\/tr\/wp-json\/wp\/v2\/posts\/51668\" class=\"qtranxs-available-language-link qtranxs-available-language-link-tr\" title=\"Turkish\">Turkish<\/a>. For the sake of viewer convenience, the content is shown below in the alternative language. You may click the link to switch the active language.<\/p><p><\/p>\n<p style=\"color: #0a0a0a;\"><strong>Dicle Elektrik Da\u011f\u0131t\u0131m A.\u015e (DEDA\u015e), Diyarbak\u0131r merkezin enerji ihtiyac\u0131n\u0131n kar\u015f\u0131lanmas\u0131 i\u00e7in 16 kilometrelik yeni bir enerji nakil hatt\u0131n\u0131n d\u00f6\u015fendi\u011fini bildirdi.<\/strong><span id=\"more-76833\"><\/span><\/p>\n<p style=\"color: #0a0a0a;\">DEDA\u015e \u0130l M\u00fcd\u00fcr\u00fc U\u011fur Yaka, yapt\u0131\u011f\u0131 a\u00e7\u0131klamada, n\u00fcfusa paralel olarak artan enerji talebini kar\u015f\u0131lamak ve m\u00fc\u015fterilerine kesintisiz enerji sunm<a href=\"https:\/\/www.enerjigazetesi.ist\/wp-content\/uploads\/2016\/03\/dedastan-diyarbakira-4-1-milyon-liralik-enerji-nakil-hatti-yatirimi.jpg\"><img loading=\"lazy\" class=\"alignleft size-medium wp-image-51669\" src=\"https:\/\/www.enerjigazetesi.ist\/wp-content\/uploads\/2016\/03\/dedastan-diyarbakira-4-1-milyon-liralik-enerji-nakil-hatti-yatirimi-300x165.jpg\" alt=\"dedastan-diyarbakira-4-1-milyon-liralik-enerji-nakil-hatti-yatirimi\" width=\"300\" height=\"165\" srcset=\"https:\/\/www.enerjigazetesi.ist\/wp-content\/uploads\/2016\/03\/dedastan-diyarbakira-4-1-milyon-liralik-enerji-nakil-hatti-yatirimi-300x165.jpg 300w, https:\/\/www.enerjigazetesi.ist\/wp-content\/uploads\/2016\/03\/dedastan-diyarbakira-4-1-milyon-liralik-enerji-nakil-hatti-yatirimi-500x276.jpg 500w, https:\/\/www.enerjigazetesi.ist\/wp-content\/uploads\/2016\/03\/dedastan-diyarbakira-4-1-milyon-liralik-enerji-nakil-hatti-yatirimi-80x44.jpg 80w, https:\/\/www.enerjigazetesi.ist\/wp-content\/uploads\/2016\/03\/dedastan-diyarbakira-4-1-milyon-liralik-enerji-nakil-hatti-yatirimi.jpg 696w\" sizes=\"(max-width: 300px) 100vw, 300px\" \/><\/a>ak amac\u0131yla planlamas\u0131 yap\u0131lan ve 27 Nisan 2015\u2019te yap\u0131m\u0131na ba\u015flanan yeni enerji nakil hatt\u0131n\u0131n Mart ay\u0131 sonunda faaliyete sokulmas\u0131n\u0131n planland\u0131\u011f\u0131n\u0131 belirtti. Kent merkezinin enerji ihtiyac\u0131n\u0131n bu g\u00fcne kadar TE\u0130A\u015e\u2019a ait 3 trafo merkezindeki 33 fider ile kar\u015f\u0131land\u0131\u011f\u0131 bilgisini veren Yaka, yeni hatt\u0131n devreye girmesiyle bundan b\u00f6yle merkezin 4 trafo merkezinden beslenece\u011fini ve merkeze verilecek elektri\u011fin yakla\u015f\u0131k y\u00fczde 10 artaca\u011f\u0131n\u0131 ifade etti. Yeni hatt\u0131n yat\u0131r\u0131m bedelinin 4 milyon 100 bin lira oldu\u011funu, m\u00fc\u015fterilerine kaliteli ve kesintisiz enerji sunmak i\u00e7in yat\u0131r\u0131mlar\u0131n\u0131n s\u00fcrece\u011fini dile getiren Yaka, yeni hat hakk\u0131nda \u015fu bilgileri verdi:<\/p>\n<p style=\"color: #0a0a0a;\">\u201cYap\u0131m\u0131 tamamlanmak \u00fczere olan ve \u00c7\u0131nar\u2019\u0131n \u015e\u00fck\u00fcrl\u00fc k\u00f6y\u00fc yak\u0131nlar\u0131ndaki Diyarbak\u0131r-1 Trafo Merkezi\u2019nden il merkezine kadar uzanan 16 kilometrelik yeni enerji nakil hatt\u0131nda 95 adet uzun aral\u0131kl\u0131 beton direk kullan\u0131ld\u0131. K\u0131rsaldaki k\u0131sm\u0131 havai hattan olu\u015fan projenin \u015fehir merkezindeki k\u0131sm\u0131 ise yeralt\u0131na al\u0131nd\u0131. Bunun i\u00e7in de 6.4 kilometre yeralt\u0131 hatt\u0131nda 29 kilometre uzunlu\u011funda \u00f6zel kablo kullan\u0131ld\u0131.\u201d<\/p>\n<p style=\"color: #0a0a0a;\">Kaynak: Enerji Enstit\u00fcs\u00fc<\/p>\n<p><\/p>","protected":false},"excerpt":{"rendered":"<p>Sorry, this entry is only available in Turkish. For the sake of viewer convenience, the content is shown below in the alternative language. You may click the link to switch the active language. Dicle Elektrik Da\u011f\u0131t\u0131m A.\u015e (DEDA\u015e), Diyarbak\u0131r merkezin enerji ihtiyac\u0131n\u0131n kar\u015f\u0131lanmas\u0131 i\u00e7in 16 kilometrelik yeni bir enerji nakil hatt\u0131n\u0131n d\u00f6\u015fendi\u011fini bildirdi. DEDA\u015e \u0130l [&hellip;]<\/p>\n","protected":false},"author":1,"featured_media":51669,"comment_status":"open","ping_status":"open","sticky":false,"template":"","format":"standard","meta":[],"categories":[51,53],"tags":[11725,3002,671,68,61,19638,1451,2873,63,67,1009,28946,2698,165,1582],"views":1353,"_links":{"self":[{"href":"https:\/\/www.enerjigazetesi.ist\/en\/wp-json\/wp\/v2\/posts\/51668"}],"collection":[{"href":"https:\/\/www.enerjigazetesi.ist\/en\/wp-json\/wp\/v2\/posts"}],"about":[{"href":"https:\/\/www.enerjigazetesi.ist\/en\/wp-json\/wp\/v2\/types\/post"}],"author":[{"embeddable":true,"href":"https:\/\/www.enerjigazetesi.ist\/en\/wp-json\/wp\/v2\/users\/1"}],"replies":[{"embeddable":true,"href":"https:\/\/www.enerjigazetesi.ist\/en\/wp-json\/wp\/v2\/comments?post=51668"}],"version-history":[{"count":1,"href":"https:\/\/www.enerjigazetesi.ist\/en\/wp-json\/wp\/v2\/posts\/51668\/revisions"}],"predecessor-version":[{"id":51670,"href":"https:\/\/www.enerjigazetesi.ist\/en\/wp-json\/wp\/v2\/posts\/51668\/revisions\/51670"}],"wp:featuredmedia":[{"embeddable":true,"href":"https:\/\/www.enerjigazetesi.ist\/en\/wp-json\/wp\/v2\/media\/51669"}],"wp:attachment":[{"href":"https:\/\/www.enerjigazetesi.ist\/en\/wp-json\/wp\/v2\/media?parent=51668"}],"wp:term":[{"taxonomy":"category","embeddable":true,"href":"https:\/\/www.enerjigazetesi.ist\/en\/wp-json\/wp\/v2\/categories?post=51668"},{"taxonomy":"post_tag","embeddable":true,"href":"https:\/\/www.enerjigazetesi.ist\/en\/wp-json\/wp\/v2\/tags?post=51668"}],"curies":[{"name":"wp","href":"https:\/\/api.w.org\/{rel}","templated":true}]}}