{"id":51662,"date":"2016-03-16T12:24:33","date_gmt":"2016-03-16T09:24:33","guid":{"rendered":"https:\/\/www.enerjigazetesi.ist\/?p=51662"},"modified":"2016-03-16T12:24:33","modified_gmt":"2016-03-16T09:24:33","slug":"mahkeme-elektrik-faturasindaki-5-kalemi-iptal-etti","status":"publish","type":"post","link":"https:\/\/www.enerjigazetesi.ist\/en\/mahkeme-elektrik-faturasindaki-5-kalemi-iptal-etti\/","title":{"rendered":"(Turkish) Mahkeme Elektrik Faturas\u0131ndaki 5 Kalemi \u0130ptal Etti!"},"content":{"rendered":"<p class=\"qtranxs-available-languages-message qtranxs-available-languages-message-en\">Sorry, this entry is only available in <a href=\"https:\/\/www.enerjigazetesi.ist\/tr\/wp-json\/wp\/v2\/posts\/51662\" class=\"qtranxs-available-language-link qtranxs-available-language-link-tr\" title=\"Turkish\">Turkish<\/a>. For the sake of viewer convenience, the content is shown below in the alternative language. You may click the link to switch the active language.<\/p><p><\/p>\n<p style=\"color: #0a0a0a;\"><strong>Erzincan T\u00fcketici Mahkemesi, avukat Bahad\u0131r Pir\u2019in orta\u011f\u0131 oldu\u011fu akaryak\u0131t istasyonuna gelen elektrik faturas\u0131nda yer alan 5 kalem \u00f6demenin yasad\u0131\u015f\u0131 oldu\u011fu iddias\u0131yla a\u00e7t\u0131\u011f\u0131 davada, bu bedellerin iadesi ile bundan sonraki faturalardan \u00e7\u0131kar\u0131lmas\u0131na karar verdi.<\/strong><span id=\"more-76827\"><\/span><\/p>\n<p style=\"color: #0a0a0a;\">Erzincan Barosu\u2019na kay\u0131tl\u0131 avukatlardan Bahad\u0131r Pir\u2019in, orta\u011f\u0131 oldu\u011fu akaryak\u0131t istasyonuna tahakkuk edilen elektrik faturas\u0131nda, \u201cda\u011f\u0131t\u0131m\u201d, \u201cilet<a href=\"https:\/\/www.enerjigazetesi.ist\/wp-content\/uploads\/2016\/03\/mahkeme-elektrik-faturasindaki-5-kalemi-iptal-etti.jpg\"><img loading=\"lazy\" class=\"alignleft size-medium wp-image-51663\" src=\"https:\/\/www.enerjigazetesi.ist\/wp-content\/uploads\/2016\/03\/mahkeme-elektrik-faturasindaki-5-kalemi-iptal-etti-300x165.jpg\" alt=\"mahkeme-elektrik-faturasindaki-5-kalemi-iptal-etti\" width=\"300\" height=\"165\" srcset=\"https:\/\/www.enerjigazetesi.ist\/wp-content\/uploads\/2016\/03\/mahkeme-elektrik-faturasindaki-5-kalemi-iptal-etti-300x165.jpg 300w, https:\/\/www.enerjigazetesi.ist\/wp-content\/uploads\/2016\/03\/mahkeme-elektrik-faturasindaki-5-kalemi-iptal-etti-500x276.jpg 500w, https:\/\/www.enerjigazetesi.ist\/wp-content\/uploads\/2016\/03\/mahkeme-elektrik-faturasindaki-5-kalemi-iptal-etti-80x44.jpg 80w, https:\/\/www.enerjigazetesi.ist\/wp-content\/uploads\/2016\/03\/mahkeme-elektrik-faturasindaki-5-kalemi-iptal-etti.jpg 696w\" sizes=\"(max-width: 300px) 100vw, 300px\" \/><\/a>im\u201d, \u201ckay\u0131p\u201d, \u201cPSH saya\u00e7\u201d ve \u201cPHS\u201d bedeli ad\u0131 alt\u0131ndaki kalemlerin yasa d\u0131\u015f\u0131 oldu\u011fu iddias\u0131yla Erzincan T\u00fcketici Mahkemesi\u2019ne a\u00e7t\u0131\u011f\u0131 dava sonu\u00e7land\u0131.<\/p>\n<p style=\"color: #0a0a0a;\">Mahkeme, 10 Mart tarihinde sonu\u00e7land\u0131rd\u0131\u011f\u0131 davada, s\u00f6z konusu bedellerin yasal dayana\u011f\u0131 olmad\u0131\u011f\u0131na karar vererek, davaya konu faturadaki kesinti bedellerinin iadesine ve bundan sonraki faturalarda bu kalemlerin \u00e7\u0131kar\u0131lmas\u0131na h\u00fckmetti.<\/p>\n<p style=\"color: #0a0a0a;\">Pir, mahkeme karar\u0131na ili\u015fkin yapt\u0131\u011f\u0131 a\u00e7\u0131klamada, gelen elektrik faturalar\u0131nda yer alan \u00f6deme kalemlerine ili\u015fkin ara\u015ft\u0131rmaya i\u00e7ine girdi\u011fini ve daha \u00f6nce Yarg\u0131tay Hukuk Genel Kurulu taraf\u0131ndan al\u0131nan bir karardan yola \u00e7\u0131karak, haks\u0131z oldu\u011funu d\u00fc\u015f\u00fcnd\u00fc\u011f\u00fc \u00f6deme kalemlerinin iptali ve iadesi istemiyle dava a\u00e7t\u0131\u011f\u0131n\u0131 belirtti.<\/p>\n<p style=\"color: #0a0a0a;\">Mahkemenin yakla\u015f\u0131k 1 y\u0131l s\u00fcren yarg\u0131lama sonucunda, gerekli ara\u015ft\u0131rmalar ve bilirki\u015fi raporlar\u0131 al\u0131narak, iddiaya konu olan \u00f6deme kalemlerini yasa d\u0131\u015f\u0131 bularak iadesine ve bundan sonraki faturalarda yer almamas\u0131na karar verdi\u011fini anlatan Pir, \u015funlar\u0131 kaydetti:<\/p>\n<p style=\"color: #0a0a0a;\">\u201cT\u00fcketici mahkemesinin verdi\u011fi bu karar, t\u00fcm t\u00fcketicilerin faydalanaca\u011f\u0131 bir karar oldu. Bu kararla vatanda\u015flar haklar\u0131n\u0131 arayarak, bir y\u0131lda \u00f6dedi\u011fi fatura bedeli emsalinde, 10 y\u0131ll\u0131k yasal olmayan ba\u015fl\u0131klar alt\u0131nda kesilen miktarlar\u0131 da\u011f\u0131t\u0131m \u015firketlerinden alabilecekler. Bu karar\u0131n, vatanda\u015flara yol g\u00f6sterici olaca\u011f\u0131 ve di\u011fer davalar i\u00e7in emsal olaca\u011f\u0131 d\u00fc\u015f\u00fcncesindeyiz.\u201d<\/p>\n<p style=\"color: #0a0a0a;\">Pir, vatanda\u015flar\u0131n \u00f6dedi\u011fi fatura bedeli 3 bin 480 liran\u0131n alt\u0131nda olmas\u0131 halinde \u0130l T\u00fcketici Hakem Heyetlerine ba\u015fvurarak, 3 bin 480 liran\u0131n \u00fczerinde olamas\u0131 halinde ise T\u00fcketici Mahkemelerine dava a\u00e7arak, haks\u0131z kesintilerin iadesi ve iptalini isteyebileceklerini s\u00f6zlerine ekledi.<\/p>\n<p style=\"color: #0a0a0a;\">Kaynak: Enerji Enstit\u00fcs\u00fc<\/p>\n<p><\/p>","protected":false},"excerpt":{"rendered":"<p>Sorry, this entry is only available in Turkish. For the sake of viewer convenience, the content is shown below in the alternative language. You may click the link to switch the active language. Erzincan T\u00fcketici Mahkemesi, avukat Bahad\u0131r Pir\u2019in orta\u011f\u0131 oldu\u011fu akaryak\u0131t istasyonuna gelen elektrik faturas\u0131nda yer alan 5 kalem \u00f6demenin yasad\u0131\u015f\u0131 oldu\u011fu iddias\u0131yla a\u00e7t\u0131\u011f\u0131 [&hellip;]<\/p>\n","protected":false},"author":1,"featured_media":51663,"comment_status":"open","ping_status":"open","sticky":false,"template":"","format":"standard","meta":[],"categories":[51,53],"tags":[68,21397,61,1229,19638,1451,2873,63,67,1009,2698,165,28943,13184,28944,20516],"views":891,"_links":{"self":[{"href":"https:\/\/www.enerjigazetesi.ist\/en\/wp-json\/wp\/v2\/posts\/51662"}],"collection":[{"href":"https:\/\/www.enerjigazetesi.ist\/en\/wp-json\/wp\/v2\/posts"}],"about":[{"href":"https:\/\/www.enerjigazetesi.ist\/en\/wp-json\/wp\/v2\/types\/post"}],"author":[{"embeddable":true,"href":"https:\/\/www.enerjigazetesi.ist\/en\/wp-json\/wp\/v2\/users\/1"}],"replies":[{"embeddable":true,"href":"https:\/\/www.enerjigazetesi.ist\/en\/wp-json\/wp\/v2\/comments?post=51662"}],"version-history":[{"count":1,"href":"https:\/\/www.enerjigazetesi.ist\/en\/wp-json\/wp\/v2\/posts\/51662\/revisions"}],"predecessor-version":[{"id":51664,"href":"https:\/\/www.enerjigazetesi.ist\/en\/wp-json\/wp\/v2\/posts\/51662\/revisions\/51664"}],"wp:featuredmedia":[{"embeddable":true,"href":"https:\/\/www.enerjigazetesi.ist\/en\/wp-json\/wp\/v2\/media\/51663"}],"wp:attachment":[{"href":"https:\/\/www.enerjigazetesi.ist\/en\/wp-json\/wp\/v2\/media?parent=51662"}],"wp:term":[{"taxonomy":"category","embeddable":true,"href":"https:\/\/www.enerjigazetesi.ist\/en\/wp-json\/wp\/v2\/categories?post=51662"},{"taxonomy":"post_tag","embeddable":true,"href":"https:\/\/www.enerjigazetesi.ist\/en\/wp-json\/wp\/v2\/tags?post=51662"}],"curies":[{"name":"wp","href":"https:\/\/api.w.org\/{rel}","templated":true}]}}