{"id":51646,"date":"2016-03-15T14:00:44","date_gmt":"2016-03-15T11:00:44","guid":{"rendered":"https:\/\/www.enerjigazetesi.ist\/?p=51646"},"modified":"2016-03-15T14:00:44","modified_gmt":"2016-03-15T11:00:44","slug":"yerli-komur-elektrik-uretiminde-sektore-bir-umut-oldu","status":"publish","type":"post","link":"https:\/\/www.enerjigazetesi.ist\/en\/yerli-komur-elektrik-uretiminde-sektore-bir-umut-oldu\/","title":{"rendered":"(Turkish) \u201cYerli K\u00f6m\u00fcr Elektrik \u00dcretiminde Sekt\u00f6re Bir Umut Oldu&#8230;\u201d"},"content":{"rendered":"<p class=\"qtranxs-available-languages-message qtranxs-available-languages-message-en\">Sorry, this entry is only available in <a href=\"https:\/\/www.enerjigazetesi.ist\/tr\/wp-json\/wp\/v2\/posts\/51646\" class=\"qtranxs-available-language-link qtranxs-available-language-link-tr\" title=\"Turkish\">Turkish<\/a>. For the sake of viewer convenience, the content is shown below in the alternative language. You may click the link to switch the active language.<\/p><p><\/p>\n<p style=\"color: #0a0a0a;\"><strong>T\u00fcrkiye\u2019nin enerji yat\u0131r\u0131mlar\u0131 \u015firketler i\u00e7in de f\u0131rsatlar\u0131 beraberinde getiriyor. Enerji ve Tabi Kaynaklar Bakan\u0131n yapt\u0131\u011f\u0131 Ar-Ge \u00e7al\u0131\u015fmalar\u0131n\u0131n \u00f6nemine de\u011finen \u0130stanbul Ticaret Odas\u0131 Meclis \u00dcyesi H\u00fcseyin Akar\u00e7e\u015fme, bu y\u00f6ndeki \u00e7abalar\u0131n sekt\u00f6re yeni bir doping etkisi olu\u015fturaca\u011f\u0131n\u0131 s\u00f6yledi.<\/strong><span id=\"more-76782\"><\/span><\/p>\n<p style=\"color: #0a0a0a;\">Akar\u00e7e\u015fme, k\u00f6m\u00fcr\u00fc, do\u011fal \u00e7<a href=\"https:\/\/www.enerjigazetesi.ist\/wp-content\/uploads\/2016\/03\/yerli-komur-elektrik-uretiminde-sektore-bir-umut-oldu.jpg\"><img loading=\"lazy\" class=\"alignleft size-medium wp-image-51647\" src=\"https:\/\/www.enerjigazetesi.ist\/wp-content\/uploads\/2016\/03\/yerli-komur-elektrik-uretiminde-sektore-bir-umut-oldu-300x165.jpg\" alt=\"yerli-komur-elektrik-uretiminde-sektore-bir-umut-oldu\" width=\"300\" height=\"165\" srcset=\"https:\/\/www.enerjigazetesi.ist\/wp-content\/uploads\/2016\/03\/yerli-komur-elektrik-uretiminde-sektore-bir-umut-oldu-300x165.jpg 300w, https:\/\/www.enerjigazetesi.ist\/wp-content\/uploads\/2016\/03\/yerli-komur-elektrik-uretiminde-sektore-bir-umut-oldu-500x276.jpg 500w, https:\/\/www.enerjigazetesi.ist\/wp-content\/uploads\/2016\/03\/yerli-komur-elektrik-uretiminde-sektore-bir-umut-oldu-80x44.jpg 80w, https:\/\/www.enerjigazetesi.ist\/wp-content\/uploads\/2016\/03\/yerli-komur-elektrik-uretiminde-sektore-bir-umut-oldu.jpg 696w\" sizes=\"(max-width: 300px) 100vw, 300px\" \/><\/a>evreye zarar vermeden enerjiye d\u00f6n\u00fc\u015ft\u00fcrme \u00e7al\u0131\u015fmalar\u0131na ba\u015flad\u0131klar\u0131n\u0131 belirtti.<\/p>\n<p style=\"color: #0a0a0a;\">T\u00fcrkiye\u2019de yerli k\u00f6m\u00fcr sekt\u00f6r\u00fcn canlanmas\u0131 i\u00e7in \u00e7al\u0131\u015fmalara h\u0131z verilmesiyle enerjide \u00e7e\u015fitlilik sa\u011flanarak ba\u011f\u0131ml\u0131l\u0131\u011f\u0131n azalt\u0131ld\u0131\u011f\u0131n\u0131 kaydeden Akar\u00e7e\u015fme, \u201cBakan Berat Albayrak\u2019\u0131n linyit ve ta\u015f k\u00f6m\u00fcr\u00fc kaynaklar\u0131n\u0131n b\u00fcy\u00fck bir b\u00f6l\u00fcm\u00fcn\u00fcn 2023 y\u0131l\u0131na kadar elektrik \u00fcretimi i\u00e7in de\u011ferlendirece\u011fini a\u00e7\u0131klamas\u0131 sekt\u00f6re umut oldu\u201d dedi.<\/p>\n<p style=\"color: #0a0a0a;\">Cari a\u00e7\u0131\u011f\u0131n d\u00fc\u015f\u00fcr\u00fclmesinin enerji faturalar\u0131n\u0131n azalmas\u0131 a\u00e7\u0131ndan \u00f6nemli oldu\u011funun alt\u0131n\u0131 \u00e7izen Akar\u00e7e\u015fme \u015funlar\u0131 s\u00f6yledi: \u201cHer t\u00fcrl\u00fc s\u0131v\u0131 yak\u0131t \u00fcretimi \u00e7al\u0131\u015fmas\u0131 k\u00f6m\u00fcrden h\u00fcmik asit \u00fcretilmesi \u00fcretilen h\u00fcmik asitin s\u00fct ineklerinin ba\u011f\u0131\u015f\u0131kl\u0131\u011f\u0131 \u00fczerindeki etkilerinin tespitine ba\u015flad\u0131k.\u201d<\/p>\n<p style=\"color: #0a0a0a;\">Kaynak: Enerji Enstit\u00fcs\u00fc<\/p>\n<p><\/p>","protected":false},"excerpt":{"rendered":"<p>Sorry, this entry is only available in Turkish. For the sake of viewer convenience, the content is shown below in the alternative language. You may click the link to switch the active language. T\u00fcrkiye\u2019nin enerji yat\u0131r\u0131mlar\u0131 \u015firketler i\u00e7in de f\u0131rsatlar\u0131 beraberinde getiriyor. Enerji ve Tabi Kaynaklar Bakan\u0131n yapt\u0131\u011f\u0131 Ar-Ge \u00e7al\u0131\u015fmalar\u0131n\u0131n \u00f6nemine de\u011finen \u0130stanbul Ticaret Odas\u0131 [&hellip;]<\/p>\n","protected":false},"author":1,"featured_media":51647,"comment_status":"open","ping_status":"open","sticky":false,"template":"","format":"standard","meta":[],"categories":[51,53,24649],"tags":[11683,27051,68,61,19,63,2152,67,1009,2698,165,28937,1675,5923,1375],"views":1104,"_links":{"self":[{"href":"https:\/\/www.enerjigazetesi.ist\/en\/wp-json\/wp\/v2\/posts\/51646"}],"collection":[{"href":"https:\/\/www.enerjigazetesi.ist\/en\/wp-json\/wp\/v2\/posts"}],"about":[{"href":"https:\/\/www.enerjigazetesi.ist\/en\/wp-json\/wp\/v2\/types\/post"}],"author":[{"embeddable":true,"href":"https:\/\/www.enerjigazetesi.ist\/en\/wp-json\/wp\/v2\/users\/1"}],"replies":[{"embeddable":true,"href":"https:\/\/www.enerjigazetesi.ist\/en\/wp-json\/wp\/v2\/comments?post=51646"}],"version-history":[{"count":1,"href":"https:\/\/www.enerjigazetesi.ist\/en\/wp-json\/wp\/v2\/posts\/51646\/revisions"}],"predecessor-version":[{"id":51648,"href":"https:\/\/www.enerjigazetesi.ist\/en\/wp-json\/wp\/v2\/posts\/51646\/revisions\/51648"}],"wp:featuredmedia":[{"embeddable":true,"href":"https:\/\/www.enerjigazetesi.ist\/en\/wp-json\/wp\/v2\/media\/51647"}],"wp:attachment":[{"href":"https:\/\/www.enerjigazetesi.ist\/en\/wp-json\/wp\/v2\/media?parent=51646"}],"wp:term":[{"taxonomy":"category","embeddable":true,"href":"https:\/\/www.enerjigazetesi.ist\/en\/wp-json\/wp\/v2\/categories?post=51646"},{"taxonomy":"post_tag","embeddable":true,"href":"https:\/\/www.enerjigazetesi.ist\/en\/wp-json\/wp\/v2\/tags?post=51646"}],"curies":[{"name":"wp","href":"https:\/\/api.w.org\/{rel}","templated":true}]}}