{"id":51614,"date":"2016-03-14T22:31:58","date_gmt":"2016-03-14T19:31:58","guid":{"rendered":"https:\/\/www.enerjigazetesi.ist\/?p=51614"},"modified":"2016-03-14T22:31:58","modified_gmt":"2016-03-14T19:31:58","slug":"kose-yazisi-elli-yillik-masal-nukleer-santral","status":"publish","type":"post","link":"https:\/\/www.enerjigazetesi.ist\/en\/kose-yazisi-elli-yillik-masal-nukleer-santral\/","title":{"rendered":"(Turkish) K\u00f6\u015fe Yaz\u0131s\u0131: Elli Y\u0131ll\u0131k Masal: N\u00fckleer Santral&#8230;"},"content":{"rendered":"<p class=\"qtranxs-available-languages-message qtranxs-available-languages-message-en\">Sorry, this entry is only available in <a href=\"https:\/\/www.enerjigazetesi.ist\/tr\/wp-json\/wp\/v2\/posts\/51614\" class=\"qtranxs-available-language-link qtranxs-available-language-link-tr\" title=\"Turkish\">Turkish<\/a>. For the sake of viewer convenience, the content is shown below in the alternative language. You may click the link to switch the active language.<\/p><p><strong>G\u00fcndem o kadar yo\u011fun, \u00fcz\u00fcnt\u00fclerimiz o kadar derin ki, gelece\u011fimizle ilgili al\u0131nan bir \u00e7ok karar\u0131 duyam\u0131yoruz bile\u2026<\/strong><\/p>\n<p>N\u00fckleer santral konusunu sanki unuttuk gibi\u2026.<\/p>\n<p>Mersin Akkuyu&#8217;da n<a href=\"https:\/\/www.enerjigazetesi.ist\/wp-content\/uploads\/2015\/05\/turkiyenin-nukleer-enerji-santrali-projelerini-destekliyoruz.jpg\"><img loading=\"lazy\" class=\"alignleft size-medium wp-image-39717\" src=\"https:\/\/www.enerjigazetesi.ist\/wp-content\/uploads\/2015\/05\/turkiyenin-nukleer-enerji-santrali-projelerini-destekliyoruz-300x166.jpg\" alt=\"turkiyenin-nukleer-enerji-santrali-projelerini-destekliyoruz\" width=\"300\" height=\"166\" srcset=\"https:\/\/www.enerjigazetesi.ist\/wp-content\/uploads\/2015\/05\/turkiyenin-nukleer-enerji-santrali-projelerini-destekliyoruz-300x166.jpg 300w, https:\/\/www.enerjigazetesi.ist\/wp-content\/uploads\/2015\/05\/turkiyenin-nukleer-enerji-santrali-projelerini-destekliyoruz-500x277.jpg 500w, https:\/\/www.enerjigazetesi.ist\/wp-content\/uploads\/2015\/05\/turkiyenin-nukleer-enerji-santrali-projelerini-destekliyoruz-80x44.jpg 80w, https:\/\/www.enerjigazetesi.ist\/wp-content\/uploads\/2015\/05\/turkiyenin-nukleer-enerji-santrali-projelerini-destekliyoruz.jpg 630w\" sizes=\"(max-width: 300px) 100vw, 300px\" \/><\/a>\u00fckleer santral kurmay\u0131 planlayan \u00fcnl\u00fc Rosatom \u015eirketi&#8217;nin \u00fc\u00e7\u00fcnc\u00fc kez \u00c7evre ve \u015eehircilik Bakanl\u0131\u011f\u0131&#8217;na sundu\u011fu \u00c7evre Etki De\u011ferlendirmesi Raporu&#8217;nun (\u00c7ED) onayland\u0131\u011f\u0131ndan bilmem haberiniz var m\u0131?<\/p>\n<p>Olmayabilir\u2026<\/p>\n<p>Her konuda oldu\u011fu gibi yine \u015feffafl\u0131ktan uzak, y\u00f6re halk\u0131n\u0131n yakla\u015f\u0131m\u0131, \u00e7evre kurulu\u015flar\u0131n\u0131n itiraz\u0131 g\u00f6z ard\u0131 edilerek onaylanan rapor, sanki g\u00fcll\u00fck g\u00fclistanl\u0131k.<\/p>\n<p>Greenpeace&#8217;in iptal davas\u0131 a\u00e7t\u0131\u011f\u0131 raporda, &#8220;T\u00fcrkiye&#8217;nin kalk\u0131nmas\u0131 ve kendi enerjisini \u00fcreten bir \u00fclke olmas\u0131 i\u00e7in bu santrale ihtiya\u00e7 var&#8221; deniliyor.<\/p>\n<p>\u0130nanmayacaks\u0131n\u0131z, ama bu t\u00fcmce tam elli y\u0131ld\u0131r tekrarlan\u0131yor.<\/p>\n<p>Y\u0131l 1966&#8230; T\u00fcrkiye Atom Enerjisi eski ba\u015fkanlar\u0131nda Prof. Dr. Nejat Aybers, &#8220;1977 senesinden itibaren kendini g\u00f6sterecek enerji a\u00e7\u0131\u011f\u0131m\u0131z\u0131 n\u00fckleer santrallerle kapatmak l\u00fczumu has\u0131l olacakt\u0131r&#8221; diyor. Kitab\u0131nda yaz\u0131yor.<\/p>\n<p>80&#8217;li, 90&#8217;l\u0131 y\u0131llarda da ayn\u0131 \u00f6rnekler var da ba\u015f\u0131n\u0131z\u0131 a\u011fr\u0131tmayay\u0131m, ama ilgin\u00e7 anekdotlar\u0131 payla\u015fay\u0131m.<\/p>\n<p>\u0130zmir&#8217;de ger\u00e7ekle\u015ftirilen 6. Enerji Kongresi&#8217;nde, y\u0131llar \u00f6nce buna benzer t\u00fcmceyi kuran yetkiliye sordular: &#8220;Hani 2000&#8217;li y\u0131llarda elektrik tesislerinin y\u00fczde 60&#8217;\u0131 n\u00fckleer santral olacak demi\u015ftiniz. Neden yan\u0131ld\u0131n\u0131z?&#8221;<\/p>\n<p>Kaynak:\u00a0<a href=\"http:\/\/t24.com.tr\/yazarlar\/umit-otan\/elli-yillik-masal-nukleer-santral,14098\" target=\"_blank\">T 24<\/a><\/p>","protected":false},"excerpt":{"rendered":"<p>Sorry, this entry is only available in Turkish. For the sake of viewer convenience, the content is shown below in the alternative language. You may click the link to switch the active language.G\u00fcndem o kadar yo\u011fun, \u00fcz\u00fcnt\u00fclerimiz o kadar derin ki, gelece\u011fimizle ilgili al\u0131nan bir \u00e7ok karar\u0131 duyam\u0131yoruz bile\u2026 N\u00fckleer santral konusunu sanki unuttuk gibi\u2026. [&hellip;]<\/p>\n","protected":false},"author":1,"featured_media":39717,"comment_status":"open","ping_status":"open","sticky":false,"template":"","format":"standard","meta":[],"categories":[53,43],"tags":[3019,63,67,1009,2698,165,71,21,25480,23614,2973,28929],"views":924,"_links":{"self":[{"href":"https:\/\/www.enerjigazetesi.ist\/en\/wp-json\/wp\/v2\/posts\/51614"}],"collection":[{"href":"https:\/\/www.enerjigazetesi.ist\/en\/wp-json\/wp\/v2\/posts"}],"about":[{"href":"https:\/\/www.enerjigazetesi.ist\/en\/wp-json\/wp\/v2\/types\/post"}],"author":[{"embeddable":true,"href":"https:\/\/www.enerjigazetesi.ist\/en\/wp-json\/wp\/v2\/users\/1"}],"replies":[{"embeddable":true,"href":"https:\/\/www.enerjigazetesi.ist\/en\/wp-json\/wp\/v2\/comments?post=51614"}],"version-history":[{"count":1,"href":"https:\/\/www.enerjigazetesi.ist\/en\/wp-json\/wp\/v2\/posts\/51614\/revisions"}],"predecessor-version":[{"id":51615,"href":"https:\/\/www.enerjigazetesi.ist\/en\/wp-json\/wp\/v2\/posts\/51614\/revisions\/51615"}],"wp:featuredmedia":[{"embeddable":true,"href":"https:\/\/www.enerjigazetesi.ist\/en\/wp-json\/wp\/v2\/media\/39717"}],"wp:attachment":[{"href":"https:\/\/www.enerjigazetesi.ist\/en\/wp-json\/wp\/v2\/media?parent=51614"}],"wp:term":[{"taxonomy":"category","embeddable":true,"href":"https:\/\/www.enerjigazetesi.ist\/en\/wp-json\/wp\/v2\/categories?post=51614"},{"taxonomy":"post_tag","embeddable":true,"href":"https:\/\/www.enerjigazetesi.ist\/en\/wp-json\/wp\/v2\/tags?post=51614"}],"curies":[{"name":"wp","href":"https:\/\/api.w.org\/{rel}","templated":true}]}}