{"id":51584,"date":"2016-03-14T12:18:16","date_gmt":"2016-03-14T09:18:16","guid":{"rendered":"https:\/\/www.enerjigazetesi.ist\/?p=51584"},"modified":"2016-03-14T12:18:16","modified_gmt":"2016-03-14T09:18:16","slug":"agaoglu-enerji-yatirimlari-tam-gaz-devam-ediyor","status":"publish","type":"post","link":"https:\/\/www.enerjigazetesi.ist\/en\/agaoglu-enerji-yatirimlari-tam-gaz-devam-ediyor\/","title":{"rendered":"(Turkish) A\u011fao\u011flu: \u201cEnerji Yat\u0131r\u0131mlar\u0131 Tam Gaz Devam Ediyor!\u201d"},"content":{"rendered":"<p class=\"qtranxs-available-languages-message qtranxs-available-languages-message-en\">Sorry, this entry is only available in <a href=\"https:\/\/www.enerjigazetesi.ist\/tr\/wp-json\/wp\/v2\/posts\/51584\" class=\"qtranxs-available-language-link qtranxs-available-language-link-tr\" title=\"Turkish\">Turkish<\/a>. For the sake of viewer convenience, the content is shown below in the alternative language. You may click the link to switch the active language.<\/p><p><\/p>\n<p style=\"color: #0a0a0a;\"><strong>Gayrimenkul muhabirleri ile Uluda\u011f\u2019da bir araya gelen A\u011fao\u011flu \u015eirketler Grubu Y\u00f6netim Kurulu Ba\u015fkan\u0131 Ali A\u011fao\u011flu, bas\u0131n mensuplar\u0131n\u0131n sorular\u0131n\u0131 da yan\u0131tlad\u0131.<\/strong><span id=\"more-76747\"><\/span><\/p>\n<p style=\"color: #0a0a0a;\">A\u011fao\u011flu, enerji sekt\u00f6r\u00fcndeki faaliyetlerinin sorulmas\u0131 \u00fczerine, bu alanda 23 \u015firketleri oldu\u011funu belirt<a href=\"https:\/\/www.enerjigazetesi.ist\/wp-content\/uploads\/2016\/03\/agaoglu-enerji-yatirimlari-tam-gaz-devam-ediyor.jpg\"><img loading=\"lazy\" class=\"alignright size-medium wp-image-51585\" src=\"https:\/\/www.enerjigazetesi.ist\/wp-content\/uploads\/2016\/03\/agaoglu-enerji-yatirimlari-tam-gaz-devam-ediyor-300x165.jpg\" alt=\"agaoglu-enerji-yatirimlari-tam-gaz-devam-ediyor\" width=\"300\" height=\"165\" srcset=\"https:\/\/www.enerjigazetesi.ist\/wp-content\/uploads\/2016\/03\/agaoglu-enerji-yatirimlari-tam-gaz-devam-ediyor-300x165.jpg 300w, https:\/\/www.enerjigazetesi.ist\/wp-content\/uploads\/2016\/03\/agaoglu-enerji-yatirimlari-tam-gaz-devam-ediyor-500x276.jpg 500w, https:\/\/www.enerjigazetesi.ist\/wp-content\/uploads\/2016\/03\/agaoglu-enerji-yatirimlari-tam-gaz-devam-ediyor-80x44.jpg 80w, https:\/\/www.enerjigazetesi.ist\/wp-content\/uploads\/2016\/03\/agaoglu-enerji-yatirimlari-tam-gaz-devam-ediyor.jpg 696w\" sizes=\"(max-width: 300px) 100vw, 300px\" \/><\/a>erek, \u201c1300 megavat civar\u0131nda r\u00fczgarda lisans\u0131m\u0131z var. Baz\u0131s\u0131 mahkemelikti, davay\u0131 kazand\u0131k. 200 megavat civar\u0131nda hidromuz var. Ama iki santral satt\u0131k, \u2018A\u011fao\u011flu enerjiden \u00e7\u0131kt\u0131\u2019 dediler. Biz portf\u00f6y\u00fcm\u00fcz\u00fcn y\u00fczde 10\u2019unu satt\u0131k\u201d de\u011ferlendirmesinde bulundu.<\/p>\n<p style=\"color: #0a0a0a;\">Amasya\u2019daki hidroelektrik santrallerinin 15 Mart\u2019ta, Seferihisar R\u00fczgar Enerjisi Projesi\u2019nin ise nisan ay\u0131n\u0131n sonunda veya may\u0131sta devreye girece\u011fini anlatan A\u011fao\u011flu, \u015fu anda yenilenebilir enerjide elinde en fazla lisans\u0131 bulunan firmalardan olduklar\u0131n\u0131, yat\u0131r\u0131mlar\u0131n\u0131n h\u0131zla s\u00fcrd\u00fc\u011f\u00fcn\u00fc bildirdi.<\/p>\n<p style=\"color: #0a0a0a;\">A\u011fao\u011flu, enerji yat\u0131r\u0131mlar\u0131n\u0131n tam gaz devam etti\u011fini, bu sekt\u00f6rden \u00e7\u0131kmad\u0131klar\u0131n\u0131 dile getirdi.<\/p>\n<p style=\"color: #0a0a0a;\">Enerji alan\u0131ndaki d\u0131\u015fa ba\u011f\u0131ml\u0131l\u0131\u011fa dikkati \u00e7eken A\u011fao\u011flu,\u00a0Rusya ile krizin enerjide d\u0131\u015fa ba\u011f\u0131ml\u0131l\u0131\u011f\u0131 g\u00f6stermesinin \u00f6nemli oldu\u011funu belirtti.<\/p>\n<p style=\"color: #0a0a0a;\">A\u011fao\u011flu, \u015f\u00f6yle devam etti:<\/p>\n<p style=\"color: #0a0a0a;\">\u201cEnerji ve Tabii Kaynaklar Bakan\u0131 Berat Albayrak da bunu s\u00f6yl\u00fcyor. Enerjide d\u0131\u015fa ba\u011f\u0131ml\u0131l\u0131\u011f\u0131m\u0131z\u0131 azaltmak i\u00e7in ba\u015fta yenilenebilir enerji olmak \u00fczere bu konuya \u00f6nem verece\u011fiz. Bakan\u0131m\u0131z bunu s\u00f6yledi. En fazla yat\u0131r\u0131m buraya yap\u0131lacak. Burada inan\u0131lmaz bir b\u00fcrokratik s\u00fcre\u00e7 i\u015fliyor. Bir direk dikmek bir y\u0131l s\u00fcr\u00fcyor. Bunlar\u0131n azalmas\u0131 konusunda Say\u0131n Bakan\u0131m\u0131z\u0131n da beyanlar\u0131 \u00e7ok net. Bakan\u0131m\u0131z sayesinde bu s\u00fcrecin h\u0131zlanaca\u011f\u0131n\u0131 d\u00fc\u015f\u00fcn\u00fcyorum. Enerji Piyasas\u0131 D\u00fczenleme Kurumunun (EPDK) b\u00fcrokrasi konusunda \u00e7ok b\u00fcy\u00fck s\u0131k\u0131nt\u0131lar\u0131 var. Sy\u0131n Bakan\u0131n bunu de\u011fi\u015ftirece\u011fini d\u00fc\u015f\u00fcn\u00fcyorum.\u201d<\/p>\n<p style=\"color: #0a0a0a;\">\u2013 \u201c\u0130ran pazar\u0131nda potansiyel var, hedeflerimiz aras\u0131nda\u201d<\/p>\n<p style=\"color: #0a0a0a;\">A\u011fao\u011flu, k\u0131sa s\u00fcre \u00f6nce sat\u0131\u015fa \u00e7\u0131kard\u0131klar\u0131 A\u011fao\u011flu Maslak 1453 projesine de de\u011finerek, 258 ba\u011f\u0131ms\u0131z b\u00f6l\u00fcmden olu\u015fan ilk ofis blokunda sat\u0131\u015flar\u0131n beklentilerinden iyi gitti\u011fini, ay sonuna kalmadan buradaki ofislerin tamamen sat\u0131lmas\u0131n\u0131 hedeflediklerini aktard\u0131.<\/p>\n<p style=\"color: #0a0a0a;\">Maslak 1453\u2019teki konutlar\u0131n bitmek \u00fczere oldu\u011funu dile getiren A\u011fao\u011flu, zor zamanlarda bile bu kadar h\u0131zl\u0131 sat\u0131\u015f yapmalar\u0131n\u0131 \u201cPiyasa yap\u0131c\u0131 konumlar\u0131na\u201d ba\u011flad\u0131.<\/p>\n<p style=\"color: #0a0a0a;\">A\u011fao\u011flu, sekt\u00f6r\u00fcn durgun oldu\u011fu zamanlarda projelerini sat\u0131\u015fa \u00e7\u0131kard\u0131klar\u0131n\u0131 ve sekt\u00f6re hareket kazand\u0131rd\u0131klar\u0131n\u0131 kaydederek, \u201cBizden alan her zaman kazanaca\u011f\u0131n\u0131 biliyor. Biz kar\u0131m\u0131z\u0131 h\u0131zl\u0131 yap\u0131yoruz. Maliyette bizle yar\u0131\u015facak ba\u015fka bir firma yoktur. Ucuza mal etti\u011fimiz \u015feyi de m\u00fc\u015fterilerimizle payla\u015f\u0131yoruz. 100 liradan sat\u0131\u015fa \u00e7\u0131kacak \u015feyi, 60-70 liradan \u00e7\u0131kart\u0131yoruz ve yat\u0131r\u0131mc\u0131m\u0131za da kazand\u0131r\u0131yoruz\u201d \u015feklinde konu\u015ftu.<\/p>\n<p style=\"color: #0a0a0a;\">\u0130ran pazar\u0131na girip girmeyeceklerine ili\u015fkin soru \u00fczerine ise A\u011fao\u011flu, potansiyelinin y\u00fcksek ve \u00a0n\u00fcfusu fazla olan\u00a0\u0130ran\u2019\u0131n, hedefleri aras\u0131nda bulundu\u011funu vurgulad\u0131.<\/p>\n<p style=\"color: #0a0a0a;\">Kaynak: Enerji Enstit\u00fcs\u00fc<\/p>\n<p><\/p>","protected":false},"excerpt":{"rendered":"<p>Sorry, this entry is only available in Turkish. For the sake of viewer convenience, the content is shown below in the alternative language. You may click the link to switch the active language. Gayrimenkul muhabirleri ile Uluda\u011f\u2019da bir araya gelen A\u011fao\u011flu \u015eirketler Grubu Y\u00f6netim Kurulu Ba\u015fkan\u0131 Ali A\u011fao\u011flu, bas\u0131n mensuplar\u0131n\u0131n sorular\u0131n\u0131 da yan\u0131tlad\u0131. A\u011fao\u011flu, enerji [&hellip;]<\/p>\n","protected":false},"author":1,"featured_media":51585,"comment_status":"open","ping_status":"open","sticky":false,"template":"","format":"standard","meta":[],"categories":[53,47,50],"tags":[28917,28918,63,67,1009,2698,20878,165,117,532,750,4724,1333,5131],"views":1087,"_links":{"self":[{"href":"https:\/\/www.enerjigazetesi.ist\/en\/wp-json\/wp\/v2\/posts\/51584"}],"collection":[{"href":"https:\/\/www.enerjigazetesi.ist\/en\/wp-json\/wp\/v2\/posts"}],"about":[{"href":"https:\/\/www.enerjigazetesi.ist\/en\/wp-json\/wp\/v2\/types\/post"}],"author":[{"embeddable":true,"href":"https:\/\/www.enerjigazetesi.ist\/en\/wp-json\/wp\/v2\/users\/1"}],"replies":[{"embeddable":true,"href":"https:\/\/www.enerjigazetesi.ist\/en\/wp-json\/wp\/v2\/comments?post=51584"}],"version-history":[{"count":1,"href":"https:\/\/www.enerjigazetesi.ist\/en\/wp-json\/wp\/v2\/posts\/51584\/revisions"}],"predecessor-version":[{"id":51586,"href":"https:\/\/www.enerjigazetesi.ist\/en\/wp-json\/wp\/v2\/posts\/51584\/revisions\/51586"}],"wp:featuredmedia":[{"embeddable":true,"href":"https:\/\/www.enerjigazetesi.ist\/en\/wp-json\/wp\/v2\/media\/51585"}],"wp:attachment":[{"href":"https:\/\/www.enerjigazetesi.ist\/en\/wp-json\/wp\/v2\/media?parent=51584"}],"wp:term":[{"taxonomy":"category","embeddable":true,"href":"https:\/\/www.enerjigazetesi.ist\/en\/wp-json\/wp\/v2\/categories?post=51584"},{"taxonomy":"post_tag","embeddable":true,"href":"https:\/\/www.enerjigazetesi.ist\/en\/wp-json\/wp\/v2\/tags?post=51584"}],"curies":[{"name":"wp","href":"https:\/\/api.w.org\/{rel}","templated":true}]}}