{"id":51555,"date":"2016-03-13T13:56:00","date_gmt":"2016-03-13T10:56:00","guid":{"rendered":"https:\/\/www.enerjigazetesi.ist\/?p=51555"},"modified":"2016-03-13T13:56:11","modified_gmt":"2016-03-13T10:56:11","slug":"turkoglu-dunya-kalite-elcisi-secildi","status":"publish","type":"post","link":"https:\/\/www.enerjigazetesi.ist\/en\/turkoglu-dunya-kalite-elcisi-secildi\/","title":{"rendered":"(Turkish) T\u00fcrko\u011flu \u2018D\u00fcnya Kalite El\u00e7isi\u2019 Se\u00e7ildi&#8230;"},"content":{"rendered":"<p class=\"qtranxs-available-languages-message qtranxs-available-languages-message-en\">Sorry, this entry is only available in <a href=\"https:\/\/www.enerjigazetesi.ist\/tr\/wp-json\/wp\/v2\/posts\/51555\" class=\"qtranxs-available-language-link qtranxs-available-language-link-tr\" title=\"Turkish\">Turkish<\/a>. For the sake of viewer convenience, the content is shown below in the alternative language. You may click the link to switch the active language.<\/p><p><\/p>\n<p style=\"color: #363636;\"><strong>Karadeniz\u2019den y\u00fckselen enerji t\u00fcm d\u00fcnyay\u0131 sard\u0131.<br \/>\n<\/strong><\/p>\n<p style=\"color: #363636;\">G\u00f6z kama\u015ft\u0131ran y\u00f6netim modeliyle Business Initiative Directions (BID) taraf\u0131ndan \u20182016-2018 Y\u0131l\u0131<img loading=\"lazy\" class=\"alignright  wp-image-51556\" src=\"https:\/\/www.enerjigazetesi.ist\/wp-content\/uploads\/2016\/03\/turkoglu-dunya-kalite-elcisi-secildi.jpg\" alt=\"turkoglu-dunya-kalite-elcisi-secildi\" width=\"300\" height=\"199\" \/> Kalite El\u00e7isi\u2019 unvan\u0131na lay\u0131k g\u00f6r\u00fclen YEDA\u015e, bu gurura sahip \u00fclkemizdeki \u2018\u0130lk ve Tek \u015eirket\u2019 oldu. YEDA\u015e Genel M\u00fcd\u00fcr\u00fc Nurettin T\u00fcrko\u011flu, \u201cArt\u0131k \u00f6d\u00fcl alan de\u011fil, \u00f6d\u00fcl veren \u015firket olaca\u011f\u0131z\u201d dedi.<\/p>\n<p style=\"color: #363636;\">Karadeniz B\u00f6lgesi\u2019nin d\u00fcnyaya a\u00e7\u0131lan kap\u0131s\u0131 olan Samsun\u2019dan ba\u015flayarak, Ordu, Amasya, Sinop ve \u00c7orum illerinde ya\u015fayan 3 milyonun \u00fczerinde insan\u0131n sadece ya\u015fam kayna\u011f\u0131 olan elektrik enerjisi ihtiyac\u0131n\u0131 kar\u015f\u0131lamakla yetinmeyen YEDA\u015e\u2019a bir \u00f6v\u00fcn\u00e7 kayna\u011f\u0131 mektubu da Business Initiative Directions (BID) taraf\u0131ndan geldi. Uluslararas\u0131 arenada kabul g\u00f6rm\u00fc\u015f, \u201clider, s\u00fcrd\u00fcr\u00fclebilir, kaliteli ve teknolojik\u201d i\u015f s\u00fcre\u00e7leri ile d\u00fcnya ve Avrupa \u00fczerinde d\u00fczenlenen her platformda \u201cEn Prestijli\u201d \u00f6d\u00fclleri ve takdirleri alan YEDA\u015e, BID\u2019nin d\u00fczenledi\u011fi \u2018\u0130novasyon, Teknoloji ve Toplam Kalite Y\u00f6netimi Kongreleri\u2019ne, \u201c2016-2018 Y\u0131l\u0131 Kalite El\u00e7isi\u201d (QualityAmbassador) unvan\u0131yla kat\u0131lacak.<\/p>\n<p style=\"color: #363636;\"><strong>ARTIK \u00d6D\u00dcL ALAN \u015e\u0130RKET DE\u011e\u0130L \u00d6D\u00dcL VEREN \u015e\u0130RKET OLACA\u011eIZ<\/strong><\/p>\n<p style=\"color: #363636;\">2013 y\u0131l\u0131nda tan\u0131\u015ft\u0131\u011f\u0131 ve 3 y\u0131l boyunca kurumsal ve operasyonel m\u00fckemmellik alan\u0131nda \u201cs\u00fcrd\u00fcr\u00fclebilir ili\u015fkiler\u201d kurdu\u011fu BIDtaraf\u0131ndan \u201cKalite El\u00e7isi\u201d (Quality Ambassador) unvan\u0131na lay\u0131k g\u00f6r\u00fclen YEDA\u015e\u2019\u0131n Genel M\u00fcd\u00fcr\u00fc Nurettin T\u00fcrko\u011flu\u2019na resmi davet mektubu g\u00f6nderen BID Ba\u015fkan\u0131 Jose E. Prieto, \u201cYEDA\u015e, i\u015f ve meslek d\u00fcnyas\u0131na rol model uygulamalar\u0131yla liderlik etmeye haz\u0131r\u201d dedi.Samsun\u2019un parlayan ve g\u00f6z kama\u015ft\u0131ran \u015firketi YEDA\u015e, bu g\u00fczel haberle hakl\u0131 gururunu t\u00fcm payda\u015flar\u0131yla birlikte ya\u015farken, hem \u00fclkemizi ba\u015far\u0131yla temsil etmenin hem de sekt\u00f6r\u00fcnde ilklere imza atman\u0131n \u00f6v\u00fcnc\u00fcn\u00fc ya\u015f\u0131yor. Bu y\u0131l d\u00fcnyan\u0131n ve Avrupa\u2019n\u0131n en b\u00fcy\u00fck \u015fehirlerinde d\u00fczenlenecek olan BID Kongreleri\u2019ne, \u201c2016-2018 Y\u0131l\u0131 Kalite El\u00e7isi\u201d unvan\u0131yla kat\u0131lacak olan YEDA\u015e Genel M\u00fcd\u00fcr\u00fc Nurettin T\u00fcrko\u011flu, \u201cArt\u0131k \u00f6d\u00fcl alan de\u011fil, \u00f6d\u00fcl veren \u015firket olaca\u011f\u0131z\u201d dedi.<\/p>\n<p style=\"color: #363636;\"><strong>\u201cYEDA\u015e, \u0130\u015e VE MESLEK D\u00dcNYASINA L\u0130DERL\u0130K ETMEYE HAZIR \u015e\u0130RKETT\u0130R\u201d<\/strong><\/p>\n<p style=\"color: #363636;\">\u0130\u015f ve meslek d\u00fcnyas\u0131na rol model uygulamalar\u0131yla liderlik etmeye haz\u0131r olan YEDA\u015e\u2019\u0131, \u201c2016-2018 Y\u0131l\u0131 Kalite El\u00e7isi\u201dse\u00e7tiklerini belirten BID Ba\u015fkan\u0131 Jose E. Prieto, bu \u00f6v\u00fcn\u00e7 kayna\u011f\u0131 mektubu YEDA\u015e Genel M\u00fcd\u00fcr\u00fc Nurettin T\u00fcrko\u011flu\u2019na g\u00f6nderdi. \u201c\u0130novasyon, Teknoloji ve Toplam Kalite Y\u00f6netimi\u201d modellerini i\u015f s\u00fcre\u00e7leriyle i\u00e7selle\u015ftiren \u015firketleri \u00f6d\u00fcllendiren BID\u2019nin Ba\u015fkan\u0131 Prieto, ileti\u015fim kurmaktan onur duydu\u011funu belirtti\u011fi mektubunda, \u201c21 Aral\u0131k 2015 tarihinde \u0130spanya\u2019n\u0131n Madrid Kenti\u2019nde bir araya gelen BID Y\u00fcr\u00fctme Komitesi, YEDA\u015e\u2019\u0131, 2016-2018 y\u0131llar\u0131 aras\u0131n\u0131 kapsayan d\u00f6nem i\u00e7in \u2018Kalite El\u00e7isi\u2019 olarak temsil etmesine karar vermi\u015ftir. Say\u0131n T\u00fcrko\u011flu, 2016 y\u0131l\u0131nda Cenevre, Frankfurt, Paris, Madrid, Londra ve New York \u015fehirlerinde ger\u00e7ekle\u015fecek olan \u0130novasyon, Teknoloji ve Toplam Kalite Y\u00f6netimi Kongreleri\u2019nde, M\u00fckemmellik Ni\u015fan\u0131\u2019na sahip \u20182016-2018 Y\u0131l\u0131 Kalite El\u00e7isi\u2019 olarak davet edilmi\u015ftir.Bu atama \u2018S\u00fcrd\u00fcr\u00fclebilir Kalite\u2019 uygulamalar\u0131n\u0131z\u0131n analiz, geli\u015ftirme,\u00f6l\u00e7\u00fcm vekontrol edilmesinde \u00f6nc\u00fcl\u00fck edecektir ve yine bu atamay\u0131 m\u00fckemmelli\u011fin bir i\u015fareti olarak g\u00f6rmenizi isterim\u201d dedi.<\/p>\n<p style=\"color: #363636;\"><strong>YEDA\u015e, \u00dcLKEM\u0130Z\u0130 HER ALANDA GURURLA TEMS\u0130L ED\u0130YOR<\/strong><\/p>\n<p style=\"color: #363636;\">YEDA\u015e Genel M\u00fcd\u00fcr\u00fc Nurettin T\u00fcrko\u011flu, ise \u015funlar\u0131 belirtti: \u201cKalite, Liderlik, Teknoloji ve S\u00fcrd\u00fcr\u00fclebilirlik\u2019 anlay\u0131\u015f\u0131n\u0131 y\u00f6netim modeliyle i\u00e7selle\u015ftiren \u015firketleri \u00f6d\u00fcllendiren Business Initiative Directions (BID) tamamen ba\u011f\u0131ms\u0131z bir kurulu\u015f. 2013 y\u0131l\u0131nda tan\u0131\u015ft\u0131\u011f\u0131m\u0131z BID taraf\u0131ndan Uluslararas\u0131 M\u00fckemmellik ve \u0130\u015f Prestiji \u00d6d\u00fclleri\u2019nde Alt\u0131n, Platin ve Elmas Tac\u0131 \u00d6d\u00fclleri\u2019ne lay\u0131k g\u00f6r\u00fclen \u015firketimiz, art\u0131k \u00f6d\u00fcl alan de\u011fil, adaylar\u0131 \u00f6d\u00fcllendiren, \u2018kalitenin el\u00e7isi\u2019 unvan\u0131na sahip olmu\u015ftur\u201d diye konu\u015ftu. Ge\u00e7ti\u011fimiz y\u0131l \u2018BID Komite \u00dcyesi\u2019, bu y\u0131l da \u20182016-2018 Y\u0131l\u0131 Kalite El\u00e7isi\u2019 se\u00e7ilen Genel M\u00fcd\u00fcrT\u00fcrko\u011flu, \u201cD\u00fcnya \u00fczerinde hizmet kalitesinde d\u00fcnya standartlar\u0131 ile uyumunu belgeleyen \u015firketlere bu \u00f6d\u00fcllerin verilmesinde art\u0131k s\u00f6z sahibiyiz. Bu unvana sahip \u00fclkemizde ba\u015fka bir \u015firket yok. Bu hakl\u0131 gurur hem YEDA\u015e i\u00e7in hem de \u00fclkemiz i\u00e7in bir \u00f6v\u00fcn\u00e7 kayna\u011f\u0131d\u0131r. Vizyonumuzda vurgulad\u0131\u011f\u0131m\u0131z gibi gerek kurumsal gerekse de operasyonel m\u00fckemmellik alan\u0131ndaki pozitif enerjimizin meyvelerini topluyoruz.\u201d<\/p>\n<p style=\"color: #363636;\">Kaynak: Energyworld Dergisi<\/p>\n<p><\/p>","protected":false},"excerpt":{"rendered":"<p>Sorry, this entry is only available in Turkish. For the sake of viewer convenience, the content is shown below in the alternative language. You may click the link to switch the active language. Karadeniz\u2019den y\u00fckselen enerji t\u00fcm d\u00fcnyay\u0131 sard\u0131. G\u00f6z kama\u015ft\u0131ran y\u00f6netim modeliyle Business Initiative Directions (BID) taraf\u0131ndan \u20182016-2018 Y\u0131l\u0131 Kalite El\u00e7isi\u2019 unvan\u0131na lay\u0131k g\u00f6r\u00fclen [&hellip;]<\/p>\n","protected":false},"author":1,"featured_media":51556,"comment_status":"open","ping_status":"open","sticky":false,"template":"","format":"standard","meta":[],"categories":[51,53],"tags":[10693,68,61,19638,2873,63,67,1009,2698,165,28912,4346,9138],"views":1026,"_links":{"self":[{"href":"https:\/\/www.enerjigazetesi.ist\/en\/wp-json\/wp\/v2\/posts\/51555"}],"collection":[{"href":"https:\/\/www.enerjigazetesi.ist\/en\/wp-json\/wp\/v2\/posts"}],"about":[{"href":"https:\/\/www.enerjigazetesi.ist\/en\/wp-json\/wp\/v2\/types\/post"}],"author":[{"embeddable":true,"href":"https:\/\/www.enerjigazetesi.ist\/en\/wp-json\/wp\/v2\/users\/1"}],"replies":[{"embeddable":true,"href":"https:\/\/www.enerjigazetesi.ist\/en\/wp-json\/wp\/v2\/comments?post=51555"}],"version-history":[{"count":1,"href":"https:\/\/www.enerjigazetesi.ist\/en\/wp-json\/wp\/v2\/posts\/51555\/revisions"}],"predecessor-version":[{"id":51557,"href":"https:\/\/www.enerjigazetesi.ist\/en\/wp-json\/wp\/v2\/posts\/51555\/revisions\/51557"}],"wp:featuredmedia":[{"embeddable":true,"href":"https:\/\/www.enerjigazetesi.ist\/en\/wp-json\/wp\/v2\/media\/51556"}],"wp:attachment":[{"href":"https:\/\/www.enerjigazetesi.ist\/en\/wp-json\/wp\/v2\/media?parent=51555"}],"wp:term":[{"taxonomy":"category","embeddable":true,"href":"https:\/\/www.enerjigazetesi.ist\/en\/wp-json\/wp\/v2\/categories?post=51555"},{"taxonomy":"post_tag","embeddable":true,"href":"https:\/\/www.enerjigazetesi.ist\/en\/wp-json\/wp\/v2\/tags?post=51555"}],"curies":[{"name":"wp","href":"https:\/\/api.w.org\/{rel}","templated":true}]}}