{"id":51463,"date":"2016-03-11T00:15:42","date_gmt":"2016-03-10T21:15:42","guid":{"rendered":"https:\/\/www.enerjigazetesi.ist\/?p=51463"},"modified":"2016-03-11T00:15:42","modified_gmt":"2016-03-10T21:15:42","slug":"dunya-saati-etkinligi-iklim-degisikligine-10-yilinda-yine-dikkat-cekiyor","status":"publish","type":"post","link":"https:\/\/www.enerjigazetesi.ist\/en\/dunya-saati-etkinligi-iklim-degisikligine-10-yilinda-yine-dikkat-cekiyor\/","title":{"rendered":"(Turkish) D\u00fcnya Saati Etkinli\u011fi \u0130klim De\u011fi\u015fikli\u011fine 10.y\u0131l\u0131nda Yine Dikkat \u00c7ekiyor!"},"content":{"rendered":"<p class=\"qtranxs-available-languages-message qtranxs-available-languages-message-en\">Sorry, this entry is only available in <a href=\"https:\/\/www.enerjigazetesi.ist\/tr\/wp-json\/wp\/v2\/posts\/51463\" class=\"qtranxs-available-language-link qtranxs-available-language-link-tr\" title=\"Turkish\">Turkish<\/a>. For the sake of viewer convenience, the content is shown below in the alternative language. You may click the link to switch the active language.<\/p><p><strong>WWF\u2019in 2007\u2019den beri her y\u0131l d\u00fczenledi\u011fi D\u00fcnya Saati etkinli\u011fi 10 ya\u015f\u0131nda. D\u00fcnyadaki bir\u00e7ok an\u0131tsal yap\u0131, kurum binas\u0131 ve evlerin \u0131\u015f\u0131klar\u0131, 19 Mart 20.30-21.30 saatleri aras\u0131nda bir saatli\u011fine iklim i\u00e7in kapat\u0131lacak.<\/strong><\/p>\n<p>\u0130lk defa 2007 y\u0131l\u0131nda Avustralya\u2019n\u0131n Sidney kentinde iklim de\u011fi\u015fikli\u011fine dikkat \u00e7ekmek i\u00e7in ger\u00e7ekle\u015ftirilen ve\u00a02 m<a href=\"https:\/\/www.enerjigazetesi.ist\/wp-content\/uploads\/2016\/03\/dunya-saati-etkinligi-iklim-degisikligine-10-yilinda-yine-dikkat-cekiyor.jpg\"><img loading=\"lazy\" class=\"alignright size-medium wp-image-51464\" src=\"https:\/\/www.enerjigazetesi.ist\/wp-content\/uploads\/2016\/03\/dunya-saati-etkinligi-iklim-degisikligine-10-yilinda-yine-dikkat-cekiyor-300x200.jpg\" alt=\"dunya-saati-etkinligi-iklim-degisikligine-10-yilinda-yine-dikkat-cekiyor\" width=\"300\" height=\"200\" srcset=\"https:\/\/www.enerjigazetesi.ist\/wp-content\/uploads\/2016\/03\/dunya-saati-etkinligi-iklim-degisikligine-10-yilinda-yine-dikkat-cekiyor-300x200.jpg 300w, https:\/\/www.enerjigazetesi.ist\/wp-content\/uploads\/2016\/03\/dunya-saati-etkinligi-iklim-degisikligine-10-yilinda-yine-dikkat-cekiyor-1024x682.jpg 1024w, https:\/\/www.enerjigazetesi.ist\/wp-content\/uploads\/2016\/03\/dunya-saati-etkinligi-iklim-degisikligine-10-yilinda-yine-dikkat-cekiyor-500x333.jpg 500w, https:\/\/www.enerjigazetesi.ist\/wp-content\/uploads\/2016\/03\/dunya-saati-etkinligi-iklim-degisikligine-10-yilinda-yine-dikkat-cekiyor-75x50.jpg 75w, https:\/\/www.enerjigazetesi.ist\/wp-content\/uploads\/2016\/03\/dunya-saati-etkinligi-iklim-degisikligine-10-yilinda-yine-dikkat-cekiyor.jpg 1890w\" sizes=\"(max-width: 300px) 100vw, 300px\" \/><\/a>ilyon ki\u015finin bir saatli\u011fine \u0131\u015f\u0131klar\u0131n\u0131 kapatt\u0131\u011f\u0131 D\u00fcnya Saati etkinli\u011fi, 10 y\u0131l gibi k\u0131sa bir s\u00fcre i\u00e7inde 172 \u00fclkeye yay\u0131ld\u0131. WWF\u2019in bu y\u0131l 19 Mart\u2019ta d\u00fczenleyece\u011fi etkinli\u011fe ge\u00e7en sene 7 binden fazla kentte 2 milyardan fazla insan kat\u0131ld\u0131.<\/p>\n<p>Tarihin en b\u00fcy\u00fck kitlesel \u00e7evre hareketlerinden biri haline gelen D\u00fcnya Saati\u2019ne bu y\u0131l T\u00fcrkiye\u2019nin \u00f6nemli tarihi mek\u00e2nlar\u0131 ve an\u0131tsal yap\u0131lar\u0131 da destek veriyor. T\u00fcrkiye\u2019den \u015fu ana kadar<strong> 38 valilik ve belediye ile 188 kurum<\/strong> toplamda 2 bine yak\u0131n binada \u0131\u015f\u0131klar\u0131n\u0131 kapatarak D\u00fcnya Saati\u2019ne kat\u0131laca\u011f\u0131n\u0131 a\u00e7\u0131klad\u0131. Kampanyaya bireyler de evlerinde \u0131\u015f\u0131klar\u0131 kapatarak destek veriyor.<\/p>\n<p><strong>D\u00fcnya Saati bu y\u0131l Facebook\u2019ta<\/strong><\/p>\n<p>Etkinli\u011fe kat\u0131lmak isteyen birey ve kurumlar\u0131n <a href=\"http:\/\/www.dunyasaati.org\">www.dunyasaati.org<\/a> adresine girerek kat\u0131l\u0131mlar\u0131n\u0131 onaylamalar\u0131, daha sonra da 19 Mart\u2019ta \u0131\u015f\u0131klar\u0131n\u0131 bir saatli\u011fine kapatmalar\u0131 gerekiyor. Bu y\u0131l \u0131\u015f\u0131k kapatma etkinli\u011fini dijital ortama da ta\u015f\u0131yan D\u00fcnya Saati, kat\u0131l\u0131mc\u0131lar\u0131 Facebook hesaplar\u0131ndan be\u015f otomatik payla\u015f\u0131m yapmaya davet ediyor ve sosyal medyadaki g\u00fc\u00e7lerini kullanmaya \u00e7a\u011f\u0131r\u0131yor. D\u00fcnya Saati\u2019ne destek verdi\u011fini g\u00f6stermek isteyen kurum ve bireyler Facebook sayfalar\u0131ndaki profil foto\u011fraflar\u0131n\u0131 dunyasaati.org adresine kay\u0131t yapt\u0131rd\u0131ktan sonra isterlerse de\u011fi\u015ftirebiliyor.<\/p>\n<p>T\u00fcm d\u00fcnyada 10 binden fazla kentsel simge ve an\u0131tsal yap\u0131n\u0131n bir saatli\u011fine karanl\u0131kta kald\u0131\u011f\u0131 D\u00fcnya Saati\u2019ne T\u00fcrkiye bu y\u0131l <strong>Truva At\u0131,<\/strong> <strong>Efes Antik Kenti, Peri Bacalar\u0131 ve Selimiye Cami<\/strong>\u2019nin \u0131\u015f\u0131klar\u0131n\u0131 kapatarak tarihi bir destek veriyor. T\u00fcrkiye\u2019de Bo\u011fazi\u00e7i K\u00f6pr\u00fcs\u00fc, Sultanahmet Cami ve Aya Sofya M\u00fczesi gibi T\u00fcrkiye\u2019yi simgeleyen 23 \u00f6nemli yap\u0131 da y\u0131llard\u0131r destek verdi\u011fi D\u00fcnya Saati\u2019ne bu y\u0131l da kat\u0131larak yine \u0131\u015f\u0131klar\u0131n\u0131 bir saatli\u011fine kapatacak.<\/p>\n<p><strong>T\u00fcrkiye\u2019den D\u00fcnya Saati\u2019ne Kat\u0131lacak Yap\u0131lar<\/strong><\/p>\n<table>\n<tbody>\n<tr>\n<td width=\"307\">Bo\u011fazi\u00e7i K\u00f6pr\u00fcs\u00fc<\/td>\n<td width=\"307\">Efes Antik Kenti<\/td>\n<\/tr>\n<tr>\n<td width=\"307\">Selimiye Cami<\/td>\n<td width=\"307\">Peri Bacalar\u0131 (U\u00e7hisar Kalesi)<\/td>\n<\/tr>\n<tr>\n<td width=\"307\">Truva At\u0131<\/td>\n<td width=\"307\">Fatih Sultan Mehmet K\u00f6pr\u00fcs\u00fc<\/td>\n<\/tr>\n<tr>\n<td width=\"307\">Topkap\u0131 Saray\u0131<\/td>\n<td width=\"307\">Sultanahmet Cami<\/td>\n<\/tr>\n<tr>\n<td width=\"307\">S\u00fcleymaniye Cami<\/td>\n<td width=\"307\">Ayasofya M\u00fczesi<\/td>\n<\/tr>\n<tr>\n<td width=\"307\">Galata Kulesi<\/td>\n<td width=\"307\">Rumeli Hisar\u0131<\/td>\n<\/tr>\n<tr>\n<td width=\"307\">Ortak\u00f6y Cami (B\u00fcy\u00fck Mecidiye Cami)<\/td>\n<td width=\"307\">\u0130zmir Saat Kulesi<\/td>\n<\/tr>\n<tr>\n<td width=\"307\">Dolmabah\u00e7e Saray\u0131 ve Saat Kulesi<\/td>\n<td width=\"307\">Ihlamur Kasr\u0131<\/td>\n<\/tr>\n<tr>\n<td width=\"307\">Beylerbeyi Saray\u0131<\/td>\n<td width=\"307\">K\u00fc\u00e7\u00fck Su Kasr\u0131<\/td>\n<\/tr>\n<tr>\n<td width=\"307\">Ankara Opera ve Balesi<\/td>\n<td width=\"307\">Nur-u Osmaniye Cami<\/td>\n<\/tr>\n<tr>\n<td width=\"307\">Yeni Cami<\/td>\n<td width=\"307\">Dolmabah\u00e7e Cami<\/td>\n<\/tr>\n<tr>\n<td width=\"307\">Mihrimah Sultan Cami<\/td>\n<td width=\"307\">Beylerbeyi Cami<\/td>\n<\/tr>\n<tr>\n<td width=\"307\">Alanya Kalesi<\/td>\n<td width=\"307\">Beykoz Kasr\u0131<\/td>\n<\/tr>\n<tr>\n<td width=\"307\">Y\u0131ld\u0131z \u015eale K\u00f6\u015fk\u00fc<\/td>\n<td width=\"307\">&nbsp;<\/td>\n<\/tr>\n<\/tbody>\n<\/table>\n<p><strong>D\u00fcnya Saati Hakk\u0131nda;<\/strong><\/p>\n<p><strong>D\u00fcnya Saati (Earth Hour), iklim de\u011fi\u015fikli\u011fi sorununa dikkat \u00e7ekmek i\u00e7in d\u00fczenlenen d\u00fcnyan\u0131n en b\u00fcy\u00fck \u00e7evre etkinliklerinden biri. Y<\/strong>\u00fczlerce kentte, milyonlarca insan\u0131n bir saatli\u011fine \u0131\u015f\u0131klar\u0131n\u0131 kapatarak<strong> k\u00fcresel iklim de\u011fi\u015fikli\u011fine dikkat \u00e7ekti\u011fi D\u00fcnya Saati, <\/strong>2007 y\u0131l\u0131nda Avustralya&#8217;da ba\u015flad\u0131. WWF\u2019in organizasyonuyla k\u0131sa s\u00fcrede yedi k\u0131tada 150&#8217;den fazla \u00fclkeye ve 7 binden fazla kente yay\u0131ld\u0131. <a href=\"http:\/\/www.dunyasaati.org\">www.dunyasaati.org<\/a><\/p>\n<p>Kaynak: B\u00fcltenler<\/p>","protected":false},"excerpt":{"rendered":"<p>Sorry, this entry is only available in Turkish. For the sake of viewer convenience, the content is shown below in the alternative language. You may click the link to switch the active language.WWF\u2019in 2007\u2019den beri her y\u0131l d\u00fczenledi\u011fi D\u00fcnya Saati etkinli\u011fi 10 ya\u015f\u0131nda. D\u00fcnyadaki bir\u00e7ok an\u0131tsal yap\u0131, kurum binas\u0131 ve evlerin \u0131\u015f\u0131klar\u0131, 19 Mart 20.30-21.30 [&hellip;]<\/p>\n","protected":false},"author":1,"featured_media":51464,"comment_status":"open","ping_status":"open","sticky":false,"template":"","format":"standard","meta":[],"categories":[53],"tags":[22128,63,67,1009,2698,165,1999,1298],"views":758,"_links":{"self":[{"href":"https:\/\/www.enerjigazetesi.ist\/en\/wp-json\/wp\/v2\/posts\/51463"}],"collection":[{"href":"https:\/\/www.enerjigazetesi.ist\/en\/wp-json\/wp\/v2\/posts"}],"about":[{"href":"https:\/\/www.enerjigazetesi.ist\/en\/wp-json\/wp\/v2\/types\/post"}],"author":[{"embeddable":true,"href":"https:\/\/www.enerjigazetesi.ist\/en\/wp-json\/wp\/v2\/users\/1"}],"replies":[{"embeddable":true,"href":"https:\/\/www.enerjigazetesi.ist\/en\/wp-json\/wp\/v2\/comments?post=51463"}],"version-history":[{"count":1,"href":"https:\/\/www.enerjigazetesi.ist\/en\/wp-json\/wp\/v2\/posts\/51463\/revisions"}],"predecessor-version":[{"id":51465,"href":"https:\/\/www.enerjigazetesi.ist\/en\/wp-json\/wp\/v2\/posts\/51463\/revisions\/51465"}],"wp:featuredmedia":[{"embeddable":true,"href":"https:\/\/www.enerjigazetesi.ist\/en\/wp-json\/wp\/v2\/media\/51464"}],"wp:attachment":[{"href":"https:\/\/www.enerjigazetesi.ist\/en\/wp-json\/wp\/v2\/media?parent=51463"}],"wp:term":[{"taxonomy":"category","embeddable":true,"href":"https:\/\/www.enerjigazetesi.ist\/en\/wp-json\/wp\/v2\/categories?post=51463"},{"taxonomy":"post_tag","embeddable":true,"href":"https:\/\/www.enerjigazetesi.ist\/en\/wp-json\/wp\/v2\/tags?post=51463"}],"curies":[{"name":"wp","href":"https:\/\/api.w.org\/{rel}","templated":true}]}}