{"id":51434,"date":"2016-03-10T14:00:03","date_gmt":"2016-03-10T11:00:03","guid":{"rendered":"https:\/\/www.enerjigazetesi.ist\/?p=51434"},"modified":"2016-03-10T14:00:03","modified_gmt":"2016-03-10T11:00:03","slug":"gunes-enerjisi-gucu-son-3-ayda-yuzde-60-artarak-327-megavata-ulasti","status":"publish","type":"post","link":"https:\/\/www.enerjigazetesi.ist\/en\/gunes-enerjisi-gucu-son-3-ayda-yuzde-60-artarak-327-megavata-ulasti\/","title":{"rendered":"(Turkish) G\u00fcne\u015f Enerjisi G\u00fcc\u00fc Son 3 Ayda %60 Artarak 327 Megavata Ula\u015ft\u0131!"},"content":{"rendered":"<p class=\"qtranxs-available-languages-message qtranxs-available-languages-message-en\">Sorry, this entry is only available in <a href=\"https:\/\/www.enerjigazetesi.ist\/tr\/wp-json\/wp\/v2\/posts\/51434\" class=\"qtranxs-available-language-link qtranxs-available-language-link-tr\" title=\"Turkish\">Turkish<\/a>. For the sake of viewer convenience, the content is shown below in the alternative language. You may click the link to switch the active language.<\/p><p><\/p>\n<p style=\"color: #0a0a0a;\"><strong>T\u00fcrkiye\u2019de lisanss\u0131z elektrik \u00fcretim kapasitesi h\u0131zla artmaya devam ediyor. TE\u0130A\u015e ve Enerji Bakanl\u0131\u011f\u0131\u00a0elektrik istatistiklerine g\u00f6re \u015eubat ay\u0131 itibari ile T\u00fcrkiye\u2019de g\u00fcne\u015f enerjisinden elektrik \u00fcreten santral say\u0131s\u0131 son 3\u00a0ayda\u00a0%48\u00a0artarak 30\u2019dan\u00a0454\u00a0tesise\u00a0ula\u015ft\u0131. <\/strong><\/p>\n<p style=\"color: #0a0a0a;\">Toplam kurulu g\u00fc\u00e7\u00a0<strong>327\u00a0MW<\/strong>\u00a0ol<a href=\"https:\/\/www.enerjigazetesi.ist\/wp-content\/uploads\/2015\/12\/gunes-enerjisi-sektoru-2-aralikta-istanbulda-bulusuyor.jpg\"><img loading=\"lazy\" class=\"alignleft size-medium wp-image-47309\" src=\"https:\/\/www.enerjigazetesi.ist\/wp-content\/uploads\/2015\/12\/gunes-enerjisi-sektoru-2-aralikta-istanbulda-bulusuyor-300x165.jpg\" alt=\"gunes-enerjisi-sektoru-2-aralikta-istanbulda-bulusuyor\" width=\"300\" height=\"165\" srcset=\"https:\/\/www.enerjigazetesi.ist\/wp-content\/uploads\/2015\/12\/gunes-enerjisi-sektoru-2-aralikta-istanbulda-bulusuyor-300x165.jpg 300w, https:\/\/www.enerjigazetesi.ist\/wp-content\/uploads\/2015\/12\/gunes-enerjisi-sektoru-2-aralikta-istanbulda-bulusuyor-500x276.jpg 500w, https:\/\/www.enerjigazetesi.ist\/wp-content\/uploads\/2015\/12\/gunes-enerjisi-sektoru-2-aralikta-istanbulda-bulusuyor-80x44.jpg 80w, https:\/\/www.enerjigazetesi.ist\/wp-content\/uploads\/2015\/12\/gunes-enerjisi-sektoru-2-aralikta-istanbulda-bulusuyor.jpg 696w\" sizes=\"(max-width: 300px) 100vw, 300px\" \/><\/a>arak belirlendi. Son 3 ayda\u00a0kurulu g\u00fc\u00e7 kapasitesi\u00a0<strong>%61<\/strong>\u00a0art\u0131\u015f g\u00f6sterdi, sadece \u015eubat ay\u0131nda toplam g\u00fcc\u00fc\u00a038\u00a0MW g\u00fcc\u00fcnde olan 45\u00a0santral elektrik \u00fcretimine\u00a0ba\u015flad\u0131.<span id=\"more-76615\"><\/span><\/p>\n<p style=\"color: #0a0a0a;\">Di\u011fer taraftan, lisanss\u0131z r\u00fczgar enerjisinde santral say\u0131s\u0131 11 adete ula\u015farak toplam kurulu g\u00fc\u00e7\u00a0<strong>7.8 MW<\/strong>\u00a0oldu.\u00a0Son durum itibari ile lisanss\u0131z g\u00fcne\u015f ve r\u00fczgar santrallerinin toplam kurulu g\u00fc\u00e7 i\u00e7indeki pay\u0131 y\u00fczde\u00a0<strong>%0.41<\/strong>\u2018e ula\u015ft\u0131. Jeotermal enerji kurulu g\u00fcc\u00fcnde \u015eubat ay\u0131 i\u00e7inde devreye giren bir santral olmad\u0131, toplam kapasite 635 MW olarak tespit edildi.<\/p>\n<p style=\"color: #0a0a0a;\">Lisansl\u0131 santraller kapsam\u0131nda\u00a0r\u00fczgar enerjisi kurulu g\u00fcc\u00fc \u015eubat ay\u0131nda 55MW artarak 4553 MW\u2019a ula\u015ft\u0131. T\u00fcrkiye toplam kurulu g\u00fcc\u00fc \u015eubat ay\u0131 sonu itibari ile 73.855 megavat oldu.<\/p>\n<p style=\"color: #0a0a0a;\">Kaynak: Enerji Enstit\u00fcs\u00fc<\/p>\n<p><\/p>","protected":false},"excerpt":{"rendered":"<p>Sorry, this entry is only available in Turkish. For the sake of viewer convenience, the content is shown below in the alternative language. You may click the link to switch the active language. T\u00fcrkiye\u2019de lisanss\u0131z elektrik \u00fcretim kapasitesi h\u0131zla artmaya devam ediyor. TE\u0130A\u015e ve Enerji Bakanl\u0131\u011f\u0131\u00a0elektrik istatistiklerine g\u00f6re \u015eubat ay\u0131 itibari ile T\u00fcrkiye\u2019de g\u00fcne\u015f enerjisinden [&hellip;]<\/p>\n","protected":false},"author":1,"featured_media":47309,"comment_status":"open","ping_status":"open","sticky":false,"template":"","format":"standard","meta":[],"categories":[53,49],"tags":[63,67,1009,2698,165,227,13,24061,19757,23133,22975,4269,15665,28879],"views":1090,"_links":{"self":[{"href":"https:\/\/www.enerjigazetesi.ist\/en\/wp-json\/wp\/v2\/posts\/51434"}],"collection":[{"href":"https:\/\/www.enerjigazetesi.ist\/en\/wp-json\/wp\/v2\/posts"}],"about":[{"href":"https:\/\/www.enerjigazetesi.ist\/en\/wp-json\/wp\/v2\/types\/post"}],"author":[{"embeddable":true,"href":"https:\/\/www.enerjigazetesi.ist\/en\/wp-json\/wp\/v2\/users\/1"}],"replies":[{"embeddable":true,"href":"https:\/\/www.enerjigazetesi.ist\/en\/wp-json\/wp\/v2\/comments?post=51434"}],"version-history":[{"count":1,"href":"https:\/\/www.enerjigazetesi.ist\/en\/wp-json\/wp\/v2\/posts\/51434\/revisions"}],"predecessor-version":[{"id":51435,"href":"https:\/\/www.enerjigazetesi.ist\/en\/wp-json\/wp\/v2\/posts\/51434\/revisions\/51435"}],"wp:featuredmedia":[{"embeddable":true,"href":"https:\/\/www.enerjigazetesi.ist\/en\/wp-json\/wp\/v2\/media\/47309"}],"wp:attachment":[{"href":"https:\/\/www.enerjigazetesi.ist\/en\/wp-json\/wp\/v2\/media?parent=51434"}],"wp:term":[{"taxonomy":"category","embeddable":true,"href":"https:\/\/www.enerjigazetesi.ist\/en\/wp-json\/wp\/v2\/categories?post=51434"},{"taxonomy":"post_tag","embeddable":true,"href":"https:\/\/www.enerjigazetesi.ist\/en\/wp-json\/wp\/v2\/tags?post=51434"}],"curies":[{"name":"wp","href":"https:\/\/api.w.org\/{rel}","templated":true}]}}