{"id":5142,"date":"2013-01-11T19:43:28","date_gmt":"2013-01-11T16:43:28","guid":{"rendered":"https:\/\/www.enerjigazetesi.ist\/?p=5142"},"modified":"2013-01-11T19:45:48","modified_gmt":"2013-01-11T16:45:48","slug":"turkiyeyi-sans-goruyor-ruzgarin-gucune-yoneliyor","status":"publish","type":"post","link":"https:\/\/www.enerjigazetesi.ist\/en\/turkiyeyi-sans-goruyor-ruzgarin-gucune-yoneliyor\/","title":{"rendered":"(Turkish) T\u00fcrkiye\u2019yi \u015eans G\u00f6r\u00fcyor R\u00fczgar\u0131n G\u00fcc\u00fcne Y\u00f6neliyor"},"content":{"rendered":"<p class=\"qtranxs-available-languages-message qtranxs-available-languages-message-en\">Sorry, this entry is only available in <a href=\"https:\/\/www.enerjigazetesi.ist\/tr\/wp-json\/wp\/v2\/posts\/5142\" class=\"qtranxs-available-language-link qtranxs-available-language-link-tr\" title=\"Turkish\">Turkish<\/a>. For the sake of viewer convenience, the content is shown below in the alternative language. You may click the link to switch the active language.<\/p><p><strong>ALMANYA<\/strong> merkezli d\u00fcnya devi Bosch Grubu\u2019nun Kurumsal Sat\u0131\u015f ve Pazarlama Ba\u015fkan\u0131 G\u00fcrcan Karaka\u015f, Sunset Restoran\u2019da bulu\u015ftu\u011fumuzda 14 y\u0131l \u00f6nceye d\u00f6nd\u00fc:<\/p>\n<p>&#8211; <strong>Klaus Peter Fouquet\u2019nin Bosch T\u00fcrkiye\u2019nin ba\u015f\u0131na atanmas\u0131 s\u00f6z konusuydu. Karar\u0131n\u0131 vermeden \u00f6nce e\u015fiyle birlikte \u0130stanbul\u2019a gelmi\u015f, son g\u00f6zlemlerini yap\u0131yordu. Ben o d\u00f6nemde genel m\u00fcd\u00fcr yard\u0131mc\u0131s\u0131yd\u0131m. Fouquet \u00e7iftini Sunset\u2019te a\u011f\u0131rlad\u0131k. An\u0131nda T\u00fcrkiye\u2019ye gelmeye karar verdi.<\/strong><\/p>\n<p><img loading=\"lazy\" class=\"alignright size-medium wp-image-5143\" title=\"vahapmunyar-505x338\" src=\"https:\/\/www.enerjigazetesi.ist\/wp-content\/uploads\/2013\/01\/vahapmunyar-505x338-300x200.jpg\" alt=\"\" width=\"300\" height=\"200\" srcset=\"https:\/\/www.enerjigazetesi.ist\/wp-content\/uploads\/2013\/01\/vahapmunyar-505x338-300x200.jpg 300w, https:\/\/www.enerjigazetesi.ist\/wp-content\/uploads\/2013\/01\/vahapmunyar-505x338-500x334.jpg 500w, https:\/\/www.enerjigazetesi.ist\/wp-content\/uploads\/2013\/01\/vahapmunyar-505x338-74x50.jpg 74w, https:\/\/www.enerjigazetesi.ist\/wp-content\/uploads\/2013\/01\/vahapmunyar-505x338.jpg 505w\" sizes=\"(max-width: 300px) 100vw, 300px\" \/>Klaus Peter Fouquet\u2019ten sonra Bosch T\u00fcrkiye\u2019nin ba\u015f\u0131na kendisinin ge\u00e7ti\u011fini an\u0131msatt\u0131:<\/p>\n<p>&#8211; <strong>Fouquet, \u015fu anda Bosch Great Britain Ba\u015fkanl\u0131\u011f\u0131 g\u00f6revini y\u00fcr\u00fct\u00fcyor. T\u00fcrkiye\u2019den ayr\u0131ld\u0131ktan sonra \u00fclkemizden hi\u00e7 kopmad\u0131. Her f\u0131rsatta e\u015fiyle birlikte T\u00fcrkiye\u2019ye geliyor. Bu y\u0131lba\u015f\u0131 tatilini de T\u00fcrkiye\u2019de ge\u00e7irdi. Yeni y\u0131la birlikte girdik.<\/strong><\/p>\n<p>2012\u2019nin son g\u00fcnlerinde Bosch\u2019un Almanya\u2019daki merkezinde ger\u00e7ekle\u015fen bir toplant\u0131ya de\u011findi:<\/p>\n<p>&#8211; <strong>T\u00fcm Bosch y\u00f6neticilerinin kat\u0131ld\u0131\u011f\u0131 4 g\u00fcnl\u00fck toplant\u0131da 40-50 y\u0131l sonras\u0131na d\u00f6n\u00fck projeksiyonlar \u00fczerinde duruldu. \u00d6rne\u011fin 50 y\u0131l sonra Japonya\u2019n\u0131n n\u00fcfusunun 3\u2019te bir, Almanya\u2019n\u0131n n\u00fcfusunun 4\u2019te bir azalaca\u011f\u0131 \u00f6ng\u00f6r\u00fcl\u00fcyor. N\u00fcfusu ya\u015flanacak \u00fclkelere d\u00f6n\u00fck yeni \u00fcr\u00fcn geli\u015ftirme, farkl\u0131 pazarlama y\u00f6ntemleri konu\u015fuldu.<\/strong><\/p>\n<p>2050\u2019de d\u00fcnya n\u00fcfusunun 9 milyara y\u00fckselece\u011fi \u00f6ng\u00f6r\u00fcs\u00fcne vurgu yapt\u0131:<\/p>\n<p>&#8211; <strong>Teknolojik geli\u015fmeleri d\u00fcnyadaki demografik yap\u0131ya g\u00f6re ortaya koymak gerekiyor. Bu konuda antropologlar\u0131n deste\u011fiyle baz\u0131 \u00e7al\u0131\u015fmalar yap\u0131l\u0131yor. Ayr\u0131ca, \u00c7in\u2019in art\u0131k \u00e7ok \u00f6nemli bir pazara d\u00f6n\u00fc\u015ft\u00fc\u011f\u00fc g\u00f6r\u00fcl\u00fcyor. Nitekim bizim \u00c7in\u2019de y\u0131ll\u0131k ciro toplam\u0131 5 milyar dolar olan 30\u2019a yak\u0131n fabrikam\u0131z var.<\/strong><\/p>\n<p>\u00c7in\u2019e yapt\u0131klar\u0131 e\u011fitim ama\u00e7l\u0131 geziden \u00f6rnek verdi:<\/p>\n<p>&#8211; <strong>\u00c7in \u00e7ok planl\u0131, stratejik ad\u0131mlar at\u0131yor. \u00d6rne\u011fin, Huawei\u2019nin fabrikas\u0131n\u0131 gezerken aktard\u0131klar\u0131 verilere g\u00f6re d\u00fcnya n\u00fcfusunun 3\u2019te biri \u00c7in\u2019de \u00fcretilen teknolojik altyap\u0131ya dayal\u0131 \u00fcr\u00fcnleri kullan\u0131yor.<\/strong><\/p>\n<p>&#8211; Almanya\u2019daki merkezden bak\u0131nca T\u00fcrkiye nas\u0131l g\u00f6r\u00fcn\u00fcyor?<\/p>\n<p><strong>&#8211; Endonezya, Pakistan, Banglade\u015f, M\u0131s\u0131r, Nijerya, Meksika ve T\u00fcrkiye 1 milyarl\u0131k toplam n\u00fcfusa sahip. Bu \u00fclkeler aras\u0131ndan T\u00fcrkiye\u2019de 100 y\u0131ld\u0131r bulunmak, bizim i\u00e7in b\u00fcy\u00fck \u015fans. Biz T\u00fcrkler \u00e7ok \u00e7al\u0131\u015fkan ve h\u0131rsl\u0131y\u0131z. T\u00fcrkiye\u2019deki \u00e7al\u0131\u015fma temposu ayr\u0131\u015fmam\u0131z\u0131 sa\u011fl\u0131yor.<\/strong><\/p>\n<p>G\u00fcrcan Karaka\u015f\u2019a iki ay kadar \u00f6nce Bosch T\u00fcrkiye Temsilcisi, Bosch Sanayi ve Ticaret A.\u015e. Genel M\u00fcd\u00fcr\u00fc Steven Young\u2019la yapt\u0131\u011f\u0131m\u0131z g\u00f6r\u00fc\u015fmeden bir b\u00f6l\u00fcm aktard\u0131m:<\/p>\n<p>&#8211; Bursa\u2019da \u00fcretim yapan, Gebze\u2019de \u00f6nemli Ar-Ge merkezi bulunan Bosch Rexroth\u2019un T\u00fcrkiye\u2019de art\u0131k aktarma organlar\u0131 \u00fcretimine haz\u0131rland\u0131\u011f\u0131n\u0131 belirtti.<\/p>\n<p>Bosch Rexroth T\u00fcrkiye\u2019nin eski genel m\u00fcd\u00fcrlerinden Mehmet Varl\u0131k\u2019\u0131n rol\u00fcn\u00fcn alt\u0131n\u0131 \u00e7izdi:<\/p>\n<p>&#8211; <strong>Mehmet Bey, bir d\u00f6nem Bosch Rexroth\u2019un merkezinde de g\u00f6rev yapt\u0131. O d\u00f6nemde baz\u0131 yat\u0131r\u0131mlar\u0131n T\u00fcrkiye\u2019ye kayd\u0131r\u0131lmas\u0131 i\u00e7in \u00f6nemli rol oynad\u0131. \u015eimdi s\u00f6z\u00fc edilen aktarma organlar\u0131 san\u0131r\u0131m r\u00fczgar santrallar\u0131yla ilgili olacak. R\u00fczgar\u0131n g\u00fcc\u00fcn\u00fc motora yans\u0131tacak par\u00e7alar\u0131n Bursa\u2019da \u00fcretimi g\u00fcndeme gelebilir.<\/strong><\/p>\n<p>Bosch Sanayi ve Ticaret A.\u015e. Bursa\u2019da d\u00fcnyan\u0131n en geli\u015fmi\u015f benzinli ara\u00e7 enjekt\u00f6r\u00fc ve dizel enjekt\u00f6r pompalar\u0131n\u0131 \u00fcretiyor. Bosch Rexroth da sanayiye \u00fcretti\u011fi pompalarla \u00f6ne \u00e7\u0131k\u0131yor.<\/p>\n<p>R\u00fczgar g\u00fcllerine aktarma organ\u0131 \u00fcretmek, Bosch Rexroth T\u00fcrkiye\u2019nin rol\u00fcn\u00fc daha da art\u0131racak gibi g\u00f6r\u00fcn\u00fcyor.<\/p>\n<p>Kaynak: <a href=\"http:\/\/enerjienstitusu.com\/2013\/01\/11\/kose-yazisi-turkiyeyi-sans-goruyor-ruzgarin-gucune-yoneliyor\/\" target=\"_blank\">Enerji Enstit\u00fcs\u00fc<\/a><\/p>","protected":false},"excerpt":{"rendered":"<p>Sorry, this entry is only available in Turkish. For the sake of viewer convenience, the content is shown below in the alternative language. You may click the link to switch the active language.ALMANYA merkezli d\u00fcnya devi Bosch Grubu\u2019nun Kurumsal Sat\u0131\u015f ve Pazarlama Ba\u015fkan\u0131 G\u00fcrcan Karaka\u015f, Sunset Restoran\u2019da bulu\u015ftu\u011fumuzda 14 y\u0131l \u00f6nceye d\u00f6nd\u00fc: &#8211; Klaus Peter [&hellip;]<\/p>\n","protected":false},"author":1,"featured_media":5143,"comment_status":"open","ping_status":"open","sticky":false,"template":"","format":"standard","meta":[],"categories":[53,50],"tags":[1118,67,16,1778],"views":693,"_links":{"self":[{"href":"https:\/\/www.enerjigazetesi.ist\/en\/wp-json\/wp\/v2\/posts\/5142"}],"collection":[{"href":"https:\/\/www.enerjigazetesi.ist\/en\/wp-json\/wp\/v2\/posts"}],"about":[{"href":"https:\/\/www.enerjigazetesi.ist\/en\/wp-json\/wp\/v2\/types\/post"}],"author":[{"embeddable":true,"href":"https:\/\/www.enerjigazetesi.ist\/en\/wp-json\/wp\/v2\/users\/1"}],"replies":[{"embeddable":true,"href":"https:\/\/www.enerjigazetesi.ist\/en\/wp-json\/wp\/v2\/comments?post=5142"}],"version-history":[{"count":3,"href":"https:\/\/www.enerjigazetesi.ist\/en\/wp-json\/wp\/v2\/posts\/5142\/revisions"}],"predecessor-version":[{"id":5145,"href":"https:\/\/www.enerjigazetesi.ist\/en\/wp-json\/wp\/v2\/posts\/5142\/revisions\/5145"}],"wp:featuredmedia":[{"embeddable":true,"href":"https:\/\/www.enerjigazetesi.ist\/en\/wp-json\/wp\/v2\/media\/5143"}],"wp:attachment":[{"href":"https:\/\/www.enerjigazetesi.ist\/en\/wp-json\/wp\/v2\/media?parent=5142"}],"wp:term":[{"taxonomy":"category","embeddable":true,"href":"https:\/\/www.enerjigazetesi.ist\/en\/wp-json\/wp\/v2\/categories?post=5142"},{"taxonomy":"post_tag","embeddable":true,"href":"https:\/\/www.enerjigazetesi.ist\/en\/wp-json\/wp\/v2\/tags?post=5142"}],"curies":[{"name":"wp","href":"https:\/\/api.w.org\/{rel}","templated":true}]}}