{"id":51396,"date":"2016-03-09T13:19:15","date_gmt":"2016-03-09T10:19:15","guid":{"rendered":"https:\/\/www.enerjigazetesi.ist\/?p=51396"},"modified":"2016-03-09T13:20:23","modified_gmt":"2016-03-09T10:20:23","slug":"adm-elektrikte-genel-mudurluge-bulent-yuksel-getirildi","status":"publish","type":"post","link":"https:\/\/www.enerjigazetesi.ist\/en\/adm-elektrikte-genel-mudurluge-bulent-yuksel-getirildi\/","title":{"rendered":"(Turkish) ADM Elektrik\u2019te Genel M\u00fcd\u00fcrl\u00fc\u011fe B\u00fclent Y\u00fcksel Getirildi&#8230;"},"content":{"rendered":"<p class=\"qtranxs-available-languages-message qtranxs-available-languages-message-en\">Sorry, this entry is only available in <a href=\"https:\/\/www.enerjigazetesi.ist\/tr\/wp-json\/wp\/v2\/posts\/51396\" class=\"qtranxs-available-language-link qtranxs-available-language-link-tr\" title=\"Turkish\">Turkish<\/a>. For the sake of viewer convenience, the content is shown below in the alternative language. You may click the link to switch the active language.<\/p><p><\/p>\n<p style=\"color: #0a0a0a;\"><strong>Ge\u00e7ti\u011fimiz hafta i\u00e7erisinde emekli olan ADM Elektrik Da\u011f\u0131t\u0131m A.\u015e. Genel M\u00fcd\u00fcr\u00fc Mesut G\u00fczel\u2019in yerine \u015firkette Mu\u011fla \u0130l M\u00fcd\u00fcrl\u00fc\u011f\u00fc g\u00f6revini y\u00fcr\u00fctmekte olan B\u00fclent Y\u00fcksel getirildi.<a href=\"https:\/\/www.enerjigazetesi.ist\/wp-content\/uploads\/2016\/03\/adm-elektrikte-genel-mudurluge-bulent-yuksel-getirildi.jpg\"><img loading=\"lazy\" class=\"alignright size-medium wp-image-51397\" src=\"https:\/\/www.enerjigazetesi.ist\/wp-content\/uploads\/2016\/03\/adm-elektrikte-genel-mudurluge-bulent-yuksel-getirildi-300x165.jpg\" alt=\"adm-elektrikte-genel-mudurluge-bulent-yuksel-getirildi\" width=\"300\" height=\"165\" srcset=\"https:\/\/www.enerjigazetesi.ist\/wp-content\/uploads\/2016\/03\/adm-elektrikte-genel-mudurluge-bulent-yuksel-getirildi-300x165.jpg 300w, https:\/\/www.enerjigazetesi.ist\/wp-content\/uploads\/2016\/03\/adm-elektrikte-genel-mudurluge-bulent-yuksel-getirildi-500x276.jpg 500w, https:\/\/www.enerjigazetesi.ist\/wp-content\/uploads\/2016\/03\/adm-elektrikte-genel-mudurluge-bulent-yuksel-getirildi-80x44.jpg 80w, https:\/\/www.enerjigazetesi.ist\/wp-content\/uploads\/2016\/03\/adm-elektrikte-genel-mudurluge-bulent-yuksel-getirildi.jpg 696w\" sizes=\"(max-width: 300px) 100vw, 300px\" \/><\/a><\/strong><span id=\"more-76603\"><\/span><\/p>\n<p style=\"color: #0a0a0a;\">B\u00fclent Y\u00fcksel Kimdir?<\/p>\n<p style=\"color: #0a0a0a;\">&#8211; 1963 y\u0131l\u0131nda Nev\u015fehir\u2019de do\u011fdu.<a style=\"color: #1e73be;\" target=\"_blank\" name=\"_GoBack\"><\/a><\/p>\n<p>&#8211; 1986 y\u0131l\u0131nda F\u0131rat \u00dcniversitesi Elektrik M\u00fchendisli\u011fi b\u00f6l\u00fcm\u00fcnden mezun oldu ve T\u00fcrkiye Elektrik Kurumu Ayd\u0131n il M\u00fcd\u00fcrl\u00fc\u011f\u00fcnde g\u00f6reve ba\u015flad\u0131.<\/p>\n<p>&#8211; 2008 y\u0131l\u0131na kadar Ayd\u0131n \u0130l M\u00fcd\u00fcrl\u00fc\u011f\u00fcnde; M\u00fchendis, Ba\u015fm\u00fchendis, Nazilli \u0130\u015fletme M\u00fcd\u00fcr\u00fc ve \u0130l M\u00fcd\u00fcr\u00fc olarak g\u00f6rev yapt\u0131.<br \/>\n&#8211; 2008-2011 y\u0131llar\u0131 aras\u0131nda Aydem Elektrik Da\u011f\u0131t\u0131m A.\u015e. Ayd\u0131n \u0130l M\u00fcd\u00fcr\u00fc,<\/p>\n<p>&#8211; 2011-2016 y\u0131llar\u0131 aras\u0131nda ADM Elektrik Da\u011f\u0131t\u0131m A.\u015e. Mu\u011fla \u0130l M\u00fcd\u00fcr\u00fc,<\/p>\n<p style=\"color: #0a0a0a;\">olarak g\u00f6revine devam etti.<\/p>\n<p><\/p>","protected":false},"excerpt":{"rendered":"<p>Sorry, this entry is only available in Turkish. For the sake of viewer convenience, the content is shown below in the alternative language. You may click the link to switch the active language. Ge\u00e7ti\u011fimiz hafta i\u00e7erisinde emekli olan ADM Elektrik Da\u011f\u0131t\u0131m A.\u015e. Genel M\u00fcd\u00fcr\u00fc Mesut G\u00fczel\u2019in yerine \u015firkette Mu\u011fla \u0130l M\u00fcd\u00fcrl\u00fc\u011f\u00fc g\u00f6revini y\u00fcr\u00fctmekte olan B\u00fclent [&hellip;]<\/p>\n","protected":false},"author":1,"featured_media":51397,"comment_status":"open","ping_status":"open","sticky":false,"template":"","format":"standard","meta":[],"categories":[51,53],"tags":[68,61,19638,2873,63,67,1009,2698,165],"views":1419,"_links":{"self":[{"href":"https:\/\/www.enerjigazetesi.ist\/en\/wp-json\/wp\/v2\/posts\/51396"}],"collection":[{"href":"https:\/\/www.enerjigazetesi.ist\/en\/wp-json\/wp\/v2\/posts"}],"about":[{"href":"https:\/\/www.enerjigazetesi.ist\/en\/wp-json\/wp\/v2\/types\/post"}],"author":[{"embeddable":true,"href":"https:\/\/www.enerjigazetesi.ist\/en\/wp-json\/wp\/v2\/users\/1"}],"replies":[{"embeddable":true,"href":"https:\/\/www.enerjigazetesi.ist\/en\/wp-json\/wp\/v2\/comments?post=51396"}],"version-history":[{"count":2,"href":"https:\/\/www.enerjigazetesi.ist\/en\/wp-json\/wp\/v2\/posts\/51396\/revisions"}],"predecessor-version":[{"id":51399,"href":"https:\/\/www.enerjigazetesi.ist\/en\/wp-json\/wp\/v2\/posts\/51396\/revisions\/51399"}],"wp:featuredmedia":[{"embeddable":true,"href":"https:\/\/www.enerjigazetesi.ist\/en\/wp-json\/wp\/v2\/media\/51397"}],"wp:attachment":[{"href":"https:\/\/www.enerjigazetesi.ist\/en\/wp-json\/wp\/v2\/media?parent=51396"}],"wp:term":[{"taxonomy":"category","embeddable":true,"href":"https:\/\/www.enerjigazetesi.ist\/en\/wp-json\/wp\/v2\/categories?post=51396"},{"taxonomy":"post_tag","embeddable":true,"href":"https:\/\/www.enerjigazetesi.ist\/en\/wp-json\/wp\/v2\/tags?post=51396"}],"curies":[{"name":"wp","href":"https:\/\/api.w.org\/{rel}","templated":true}]}}