{"id":51377,"date":"2016-03-08T20:20:02","date_gmt":"2016-03-08T17:20:02","guid":{"rendered":"https:\/\/www.enerjigazetesi.ist\/?p=51377"},"modified":"2016-03-08T20:28:03","modified_gmt":"2016-03-08T17:28:03","slug":"malatyada-kati-atiklardan-elektrik-uretilecek","status":"publish","type":"post","link":"https:\/\/www.enerjigazetesi.ist\/en\/malatyada-kati-atiklardan-elektrik-uretilecek\/","title":{"rendered":"(Turkish) Malatya\u2019da Kat\u0131 At\u0131klardan Elektrik \u00dcretilecek&#8230;"},"content":{"rendered":"<p class=\"qtranxs-available-languages-message qtranxs-available-languages-message-en\">Sorry, this entry is only available in <a href=\"https:\/\/www.enerjigazetesi.ist\/tr\/wp-json\/wp\/v2\/posts\/51377\" class=\"qtranxs-available-language-link qtranxs-available-language-link-tr\" title=\"Turkish\">Turkish<\/a>. For the sake of viewer convenience, the content is shown below in the alternative language. You may click the link to switch the active language.<\/p><p><strong>50 bin hane ve 250 bin n\u00fcfusun elektrik ihtiyac\u0131n\u0131 kar\u015f\u0131layacak \u015fekilde 10 MW elektrik \u00fcretimi yap\u0131lacak.<\/strong><\/p>\n<p>Malatya B\u00fcy\u00fck\u015fehir Belediyesi, il genelinde kat\u0131 at\u0131klar\u0131 4 ayr\u0131 prosesten ge\u00e7irilerek bertaraf\u0131n\u0131 sa\u011flayan ve bu at\u0131klardan 3 farkl\u0131 teknoloji ile <strong>elektrik en<a href=\"https:\/\/www.enerjigazetesi.ist\/wp-content\/uploads\/2016\/03\/malatyada-kati-atiklardan-elektrik-uretilecek.jpg\"><img loading=\"lazy\" class=\"alignleft  wp-image-51378\" src=\"https:\/\/www.enerjigazetesi.ist\/wp-content\/uploads\/2016\/03\/malatyada-kati-atiklardan-elektrik-uretilecek-300x110.jpg\" alt=\"malatyada-kati-atiklardan-elektrik-uretilecek\" width=\"300\" height=\"186\" \/><\/a>erjisi <\/strong>\u00fcretmeyi hedefleyen Entegre \u00c7evre Projesini hayata ge\u00e7irmeye haz\u0131rlan\u0131yor. \u00c7evre ve \u015eehircilik Bakanl\u0131\u011f\u0131 \u00c7ED Denetim Komisyonu taraf\u0131ndan yap\u0131lacak olan denetim ve izin s\u00fcrecinden sonra yap\u0131m\u0131na ba\u015flanacak olan tesisin bitmesiyle birlikte 50 bin hane ve 250 bin n\u00fcfusun elektrik ihtiyac\u0131n\u0131 kar\u015f\u0131layacak \u015fekilde 10 MW <strong>elektrik<\/strong> \u00fcretimi yap\u0131lacak. Yap-\u0130\u015flet-Devret modeliyle yap\u0131lacak olan tesisin yakla\u015f\u0131k 52 milyon TL\u2019ye mal olaca\u011f\u0131 ve enerji \u00fcretim cirosu \u00fczerinden Belediye\u2019ye y\u00fczde 10 oran\u0131nda gelir sa\u011flanaca\u011f\u0131 kaydedildi.<\/p>\n<p>B\u00fcy\u00fck\u015fehir Belediye Ba\u015fkan\u0131 Ahmet \u00c7ak\u0131r, yapt\u0131\u011f\u0131 a\u00e7\u0131klamada, 5 il\u00e7eye kurulacak aktarma istasyonu ile birlikte \u00c7evre Entegre Tesisinin T\u00fcrkiye\u2019de ilk ve model bir proje oldu\u011funu belirerek \u201cMalatya genelinde toplanan yakla\u015f\u0131k 650 ton evsel at\u0131k, tesislere getirilerek ayr\u0131\u015ft\u0131rmaya tabi tutulacak. 3 farkl\u0131 teknoloji ile <strong>elektrik \u00fcretimi<\/strong> yap\u0131lacak. \u00c7evreye yay\u0131lan k\u00f6t\u00fc koku ve g\u00f6r\u00fcnt\u00fc kirlili\u011fi gibi olumsuzluklar\u0131n ortadan kalkmas\u0131, kaynak \u00e7e\u015fitlili\u011finin art\u0131r\u0131lmas\u0131, yeni istihdam alan\u0131 yarat\u0131lmas\u0131, <strong>yenilenebilir enerji kaynaklar\u0131n\u0131n elektrik \u00fcretimi<\/strong> ama\u00e7l\u0131 kullan\u0131m\u0131n\u0131n yayg\u0131nla\u015fmas\u0131 sa\u011flanm\u0131\u015f olacakt\u0131r\u201d dedi.<\/p>\n<p>Haberin Devam\u0131 \u0130\u00e7in<a href=\"http:\/\/malatyahaber.com\/haber\/146672\/\" target=\"_blank\" rel=\"nofollow\"> T\u0131klay\u0131n&gt;&gt;&gt;<\/a><\/p>\n<p>Kaynak: Malatya Haber<\/p>","protected":false},"excerpt":{"rendered":"<p>Sorry, this entry is only available in Turkish. For the sake of viewer convenience, the content is shown below in the alternative language. You may click the link to switch the active language.50 bin hane ve 250 bin n\u00fcfusun elektrik ihtiyac\u0131n\u0131 kar\u015f\u0131layacak \u015fekilde 10 MW elektrik \u00fcretimi yap\u0131lacak. Malatya B\u00fcy\u00fck\u015fehir Belediyesi, il genelinde kat\u0131 at\u0131klar\u0131 [&hellip;]<\/p>\n","protected":false},"author":1,"featured_media":51378,"comment_status":"open","ping_status":"open","sticky":false,"template":"","format":"standard","meta":[],"categories":[22893,53],"tags":[7131,63,67,1009,2698,165,28854,3489],"views":1107,"_links":{"self":[{"href":"https:\/\/www.enerjigazetesi.ist\/en\/wp-json\/wp\/v2\/posts\/51377"}],"collection":[{"href":"https:\/\/www.enerjigazetesi.ist\/en\/wp-json\/wp\/v2\/posts"}],"about":[{"href":"https:\/\/www.enerjigazetesi.ist\/en\/wp-json\/wp\/v2\/types\/post"}],"author":[{"embeddable":true,"href":"https:\/\/www.enerjigazetesi.ist\/en\/wp-json\/wp\/v2\/users\/1"}],"replies":[{"embeddable":true,"href":"https:\/\/www.enerjigazetesi.ist\/en\/wp-json\/wp\/v2\/comments?post=51377"}],"version-history":[{"count":2,"href":"https:\/\/www.enerjigazetesi.ist\/en\/wp-json\/wp\/v2\/posts\/51377\/revisions"}],"predecessor-version":[{"id":51380,"href":"https:\/\/www.enerjigazetesi.ist\/en\/wp-json\/wp\/v2\/posts\/51377\/revisions\/51380"}],"wp:featuredmedia":[{"embeddable":true,"href":"https:\/\/www.enerjigazetesi.ist\/en\/wp-json\/wp\/v2\/media\/51378"}],"wp:attachment":[{"href":"https:\/\/www.enerjigazetesi.ist\/en\/wp-json\/wp\/v2\/media?parent=51377"}],"wp:term":[{"taxonomy":"category","embeddable":true,"href":"https:\/\/www.enerjigazetesi.ist\/en\/wp-json\/wp\/v2\/categories?post=51377"},{"taxonomy":"post_tag","embeddable":true,"href":"https:\/\/www.enerjigazetesi.ist\/en\/wp-json\/wp\/v2\/tags?post=51377"}],"curies":[{"name":"wp","href":"https:\/\/api.w.org\/{rel}","templated":true}]}}