{"id":51360,"date":"2016-03-08T13:00:59","date_gmt":"2016-03-08T10:00:59","guid":{"rendered":"https:\/\/www.enerjigazetesi.ist\/?p=51360"},"modified":"2016-03-08T13:00:59","modified_gmt":"2016-03-08T10:00:59","slug":"alman-enerji-devi-rwe-2-bin-500-kisiyi-isten-cikaracak","status":"publish","type":"post","link":"https:\/\/www.enerjigazetesi.ist\/en\/alman-enerji-devi-rwe-2-bin-500-kisiyi-isten-cikaracak\/","title":{"rendered":"(Turkish) Alman Enerji Devi RWE 2 Bin 500 Ki\u015fiyi \u0130\u015ften \u00c7\u0131karacak!"},"content":{"rendered":"<p class=\"qtranxs-available-languages-message qtranxs-available-languages-message-en\">Sorry, this entry is only available in <a href=\"https:\/\/www.enerjigazetesi.ist\/tr\/wp-json\/wp\/v2\/posts\/51360\" class=\"qtranxs-available-language-link qtranxs-available-language-link-tr\" title=\"Turkish\">Turkish<\/a>. For the sake of viewer convenience, the content is shown below in the alternative language. You may click the link to switch the active language.<\/p><p><\/p>\n<p style=\"color: #0a0a0a;\"><strong>Almanya merkezli enerji \u015firketi\u00a0<span class=\"caps\">RWE<\/span>, \u0130ngiltere\u2019deki i\u015ftiraki nPower\u2019da 2 bin 500 ki\u015fiyi i\u015ften \u00e7\u0131karmay\u0131 planl\u0131yor.<a href=\"https:\/\/www.enerjigazetesi.ist\/wp-content\/uploads\/2016\/03\/RWE-alman-enerji-devi-239783-696x385.jpg\"><img loading=\"lazy\" class=\"alignright size-medium wp-image-51361\" src=\"https:\/\/www.enerjigazetesi.ist\/wp-content\/uploads\/2016\/03\/RWE-alman-enerji-devi-239783-696x385-300x165.jpg\" alt=\"RWE-alman-enerji-devi-239783-696x385\" width=\"300\" height=\"165\" srcset=\"https:\/\/www.enerjigazetesi.ist\/wp-content\/uploads\/2016\/03\/RWE-alman-enerji-devi-239783-696x385-300x165.jpg 300w, https:\/\/www.enerjigazetesi.ist\/wp-content\/uploads\/2016\/03\/RWE-alman-enerji-devi-239783-696x385-500x276.jpg 500w, https:\/\/www.enerjigazetesi.ist\/wp-content\/uploads\/2016\/03\/RWE-alman-enerji-devi-239783-696x385-80x44.jpg 80w, https:\/\/www.enerjigazetesi.ist\/wp-content\/uploads\/2016\/03\/RWE-alman-enerji-devi-239783-696x385.jpg 696w\" sizes=\"(max-width: 300px) 100vw, 300px\" \/><\/a><\/strong><span id=\"more-76538\"><\/span><\/p>\n<p style=\"color: #0a0a0a;\">Enerji fiyatlar\u0131nda k\u00fcresel \u00e7aptaki gerileme y\u00fcz\u00fcnden 118 y\u0131ll\u0131k tarihinin en b\u00fcy\u00fck krizi ile kar\u015f\u0131la\u015fan \u015firketin hisseleri son bir y\u0131l i\u00e7inde y\u00fczde 50\u2019den fazla de\u011fer kaybetti.<\/p>\n<p style=\"color: #0a0a0a;\">\u0130ngiltere\u2019de 7 bin 500 \u00e7al\u0131\u015fan\u0131 ve 5 milyon 400 bin m\u00fc\u015fterisi bulunan\u00a0<span class=\"caps\">RWE<\/span>, bu \u00fclkede ge\u00e7en y\u0131l\u0131n ilk yar\u0131s\u0131nda 100 bin, ikinci yar\u0131s\u0131nda da 200 bin m\u00fc\u015fterisini kaybetti.<\/p>\n<p style=\"color: #0a0a0a;\">\u0130ngiltere\u2019de ge\u00e7en y\u0131l Ocak ila Kas\u0131m aylar\u0131nda 66 milyon euro zarar a\u00e7\u0131klayan \u015firket burada 2017\u2019ye kadar k\u00e2ra ge\u00e7meyi beklemiyor.<\/p>\n<p style=\"color: #0a0a0a;\">Kaynak: Enerji Enstit\u00fcs\u00fc<\/p>\n<p><\/p>","protected":false},"excerpt":{"rendered":"<p>Sorry, this entry is only available in Turkish. For the sake of viewer convenience, the content is shown below in the alternative language. You may click the link to switch the active language. Almanya merkezli enerji \u015firketi\u00a0RWE, \u0130ngiltere\u2019deki i\u015ftiraki nPower\u2019da 2 bin 500 ki\u015fiyi i\u015ften \u00e7\u0131karmay\u0131 planl\u0131yor. Enerji fiyatlar\u0131nda k\u00fcresel \u00e7aptaki gerileme y\u00fcz\u00fcnden 118 y\u0131ll\u0131k [&hellip;]<\/p>\n","protected":false},"author":1,"featured_media":51361,"comment_status":"open","ping_status":"open","sticky":false,"template":"","format":"standard","meta":[],"categories":[53],"tags":[7203,63,774,67,1009,2698,165,28846,28847,3242],"views":1004,"_links":{"self":[{"href":"https:\/\/www.enerjigazetesi.ist\/en\/wp-json\/wp\/v2\/posts\/51360"}],"collection":[{"href":"https:\/\/www.enerjigazetesi.ist\/en\/wp-json\/wp\/v2\/posts"}],"about":[{"href":"https:\/\/www.enerjigazetesi.ist\/en\/wp-json\/wp\/v2\/types\/post"}],"author":[{"embeddable":true,"href":"https:\/\/www.enerjigazetesi.ist\/en\/wp-json\/wp\/v2\/users\/1"}],"replies":[{"embeddable":true,"href":"https:\/\/www.enerjigazetesi.ist\/en\/wp-json\/wp\/v2\/comments?post=51360"}],"version-history":[{"count":1,"href":"https:\/\/www.enerjigazetesi.ist\/en\/wp-json\/wp\/v2\/posts\/51360\/revisions"}],"predecessor-version":[{"id":51362,"href":"https:\/\/www.enerjigazetesi.ist\/en\/wp-json\/wp\/v2\/posts\/51360\/revisions\/51362"}],"wp:featuredmedia":[{"embeddable":true,"href":"https:\/\/www.enerjigazetesi.ist\/en\/wp-json\/wp\/v2\/media\/51361"}],"wp:attachment":[{"href":"https:\/\/www.enerjigazetesi.ist\/en\/wp-json\/wp\/v2\/media?parent=51360"}],"wp:term":[{"taxonomy":"category","embeddable":true,"href":"https:\/\/www.enerjigazetesi.ist\/en\/wp-json\/wp\/v2\/categories?post=51360"},{"taxonomy":"post_tag","embeddable":true,"href":"https:\/\/www.enerjigazetesi.ist\/en\/wp-json\/wp\/v2\/tags?post=51360"}],"curies":[{"name":"wp","href":"https:\/\/api.w.org\/{rel}","templated":true}]}}