{"id":51349,"date":"2016-03-08T12:00:09","date_gmt":"2016-03-08T09:00:09","guid":{"rendered":"https:\/\/www.enerjigazetesi.ist\/?p=51349"},"modified":"2016-03-08T12:00:09","modified_gmt":"2016-03-08T09:00:09","slug":"turkiyede-son-10-yilda-200-milyar-dolarlik-yeni-komur-yatagi-bulundu","status":"publish","type":"post","link":"https:\/\/www.enerjigazetesi.ist\/en\/turkiyede-son-10-yilda-200-milyar-dolarlik-yeni-komur-yatagi-bulundu\/","title":{"rendered":"(Turkish) T\u00fcrkiye\u2019de Son 10 Y\u0131lda 200 Milyar Dolarl\u0131k Yeni K\u00f6m\u00fcr Yata\u011f\u0131 Bulundu&#8230;"},"content":{"rendered":"<p class=\"qtranxs-available-languages-message qtranxs-available-languages-message-en\">Sorry, this entry is only available in <a href=\"https:\/\/www.enerjigazetesi.ist\/tr\/wp-json\/wp\/v2\/posts\/51349\" class=\"qtranxs-available-language-link qtranxs-available-language-link-tr\" title=\"Turkish\">Turkish<\/a>. For the sake of viewer convenience, the content is shown below in the alternative language. You may click the link to switch the active language.<\/p><p><\/p>\n<p style=\"color: #0a0a0a;\"><strong>30 y\u0131lda tek bir sondaj yap\u0131lmayan k\u00f6m\u00fcrde son 10 y\u0131lda 200 milyar dolarl\u0131k yeni rezerv bulundu\u011funa dikkat \u00e7eken Prof. Dr. Sevaio\u011flu \u201cBat\u0131 iki y\u00fczl\u00fc. K\u00f6m\u00fcr Allah\u2019\u0131n bize nimeti. \u00c7ok ucuza enerji \u00fcretiriz\u201d dedi.<\/strong><span id=\"more-76534\"><\/span><\/p>\n<p style=\"color: #0a0a0a;\">Star Gazetesi\u2019nden Seli Efe Erdem\u2019in haberine g\u00f6re, T\u00fcrkiye\u2019de 1984-2004 y\u0131llar\u0131 aras\u0131nda 30 y\u0131lda tek bir k\u00f6m\u00fcr sondaj\u0131 yap\u0131lmazken, son 10 y\u0131l<a href=\"https:\/\/www.enerjigazetesi.ist\/wp-content\/uploads\/2016\/03\/turkiyede-son-10-yilda-200-milyar-dolarlik-yeni-komur-yatagi-bulundu.jpg\"><img loading=\"lazy\" class=\"alignleft size-medium wp-image-51350\" src=\"https:\/\/www.enerjigazetesi.ist\/wp-content\/uploads\/2016\/03\/turkiyede-son-10-yilda-200-milyar-dolarlik-yeni-komur-yatagi-bulundu-300x165.jpg\" alt=\"turkiyede-son-10-yilda-200-milyar-dolarlik-yeni-komur-yatagi-bulundu\" width=\"300\" height=\"165\" srcset=\"https:\/\/www.enerjigazetesi.ist\/wp-content\/uploads\/2016\/03\/turkiyede-son-10-yilda-200-milyar-dolarlik-yeni-komur-yatagi-bulundu-300x165.jpg 300w, https:\/\/www.enerjigazetesi.ist\/wp-content\/uploads\/2016\/03\/turkiyede-son-10-yilda-200-milyar-dolarlik-yeni-komur-yatagi-bulundu-500x276.jpg 500w, https:\/\/www.enerjigazetesi.ist\/wp-content\/uploads\/2016\/03\/turkiyede-son-10-yilda-200-milyar-dolarlik-yeni-komur-yatagi-bulundu-80x44.jpg 80w, https:\/\/www.enerjigazetesi.ist\/wp-content\/uploads\/2016\/03\/turkiyede-son-10-yilda-200-milyar-dolarlik-yeni-komur-yatagi-bulundu.jpg 696w\" sizes=\"(max-width: 300px) 100vw, 300px\" \/><\/a>da 200 milyar dolarl\u0131k yeni k\u00f6m\u00fcr yata\u011f\u0131 bulundu. Enerji ve Tabii Kaynaklar Bakan\u0131 Berat Albayrak da \u00f6n\u00fcm\u00fczdeki d\u00f6nemde yerli kaynaklar\u0131n sisteme kazand\u0131r\u0131lmas\u0131nda kararl\u0131 olduklar\u0131n\u0131 vurgulad\u0131\u011f\u0131 k\u00f6m\u00fcrle ilgili Bat\u0131\u2019n\u0131n ge\u00e7mi\u015fi 168 y\u0131l \u00f6ncesine dayanan oyunu bozuluyor. Ortado\u011fu Teknik \u00dcniversitesi Elektrik M\u00fchendisli\u011fi B\u00f6l\u00fcm\u00fc \u00f6\u011fretim \u00fcyesi (ODT\u00dc) Prof. Dr. Osman Sevaio\u011flu, \u2018iki y\u00fczl\u00fc\u2019 dedi\u011fi Bat\u0131\u2019n\u0131n T\u00fcrkiye\u2019deki enerji oyununu anlatt\u0131. K\u00f6m\u00fcr\u00fcn T\u00fcrkiye i\u00e7in bir nimet oldu\u011funu belirten ODT\u00dc \u00f6\u011fretim \u00fcyesi Prof. Dr. Osman Sevaio\u011flu \u201cT\u00fcrkiye\u2019de birimi 3.5 kuru\u015ftan k\u00f6m\u00fcrden elektrik \u00fcretilebilir. Bu \u00fclkemiz i\u00e7in inan\u0131lmaz bir fiyat.<\/p>\n<p style=\"color: #0a0a0a;\">Halk\u0131n ve sanayinin ihtiyac\u0131 ucuz elektrik. K\u00f6m\u00fcr\u00fc kulland\u0131rmamak, bu halka bir ihanet\u201d dedi. T\u00fcrkiye\u2019nin \u015fu anda do\u011falgaz\u0131n art\u0131ndan Avrupa\u2019ya \u2018yenilenebilir enerji ba\u011f\u0131ml\u0131s\u0131\u2019 yap\u0131lmak \u00fczere oldu\u011funa dikkat \u00e7eken Prof. Sevaio\u011flu \u201cCumhurba\u015fkan\u0131m\u0131z do\u011fru s\u00f6yl\u00fcyor, Bat\u0131 iki y\u00fczl\u00fc\u201d dedi. Ortado\u011fu Teknik \u00dcniversitesi Elektrik M\u00fchendisli\u011fi B\u00f6l\u00fcm\u00fc \u00f6\u011fretim \u00fcyesi (ODT\u00dc) Prof. Dr. Osman Sevaio\u011flu, T\u00fcrkiye\u2019nin topra\u011f\u0131ndaki bir numaral\u0131 enerji kayna\u011f\u0131 olan k\u00f6m\u00fcr\u00fc kullanamamas\u0131na olduk\u00e7a tepkili. Bu nedenle hem i\u015fsizlik hem ithalat hem de b\u00fct\u00e7e a\u00e7\u0131\u011f\u0131 sorunu ya\u015fand\u0131\u011f\u0131n\u0131 belirten Prof. Sevaio\u011flu \u201cK\u00f6m\u00fcr, akarsular\u0131yla birlikte yegane do\u011fal enerji kayna\u011f\u0131. Akarsular\u0131n tamam\u0131na santral kurduk, geriye k\u00f6m\u00fcr kald\u0131. K\u00f6m\u00fcrden \u00fcretilen elektri\u011fin fiyat\u0131 yerli k\u00f6m\u00fcrden 4.5 kuru\u015f, daha \u00e7ok \u00fcretimle bu fiyat 3.5 kuru\u015fa iner ve bu \u00fclkemiz i\u00e7in inan\u0131lmaz bir fiyat. T\u00fcrk halk\u0131n\u0131n ihtiyac\u0131 ucuz elektrik. Bu insanlara y\u00fcksek fiyatta, pahal\u0131 elektrik satmak ihanet\u201d diye konu\u015ftu.<\/p>\n<p style=\"color: #0a0a0a;\"><strong>HER T\u00dcRL\u00dc Z\u0130B\u0130D\u0130 K\u00d6M\u00dcRE KAR\u015eI<\/strong><\/p>\n<p style=\"color: #0a0a0a;\">Prof. Dr. Osman Sevaio\u011flu, temiz elektrik ad\u0131 alt\u0131nda k\u00f6m\u00fcr gibi yerli kaynaklar\u0131n kullan\u0131lmamas\u0131n\u0131n b\u00fct\u00e7ede a\u00e7\u0131k ve i\u015fsizlik sorunu yaratt\u0131\u011f\u0131na dikkat \u00e7ekerek, \u201cSanayici, elektri\u011fi pahal\u0131 olunca elindeki mal\u0131 satam\u0131yor ve i\u015f yerini kapat\u0131yor. \u0130\u015fsiz insanda her \u015feyi yap\u0131yor, siyasi istikrar bozuluyor. T\u00fcrkiye\u2019deki i\u015fsizli\u011fin yap\u0131sal kayna\u011f\u0131, elektrik \u00fcretimi. K\u00f6m\u00fcr, Allah\u2019\u0131n verdi\u011fi bir nimet. Ama Allah\u2019\u0131n verdi\u011fi nimetine ka\u015f\u0131\u011f\u0131 ters bat\u0131rarak yemeye \u00e7al\u0131\u015f\u0131yoruz. \u00c7\u00fcnk\u00fc, her t\u00fcrl\u00fc zibidi k\u00f6m\u00fcre kar\u015f\u0131. D\u00fcnyan\u0131n temiz tutulma g\u00f6revi, sadece T\u00fcrkiye\u2019de. Bat\u0131 iki y\u00fczl\u00fc. Bu \u00fclkenin ekme\u011fini yiyen insanlar\u0131n, bu \u00fclkenin fakir insanlar\u0131na ve topra\u011f\u0131na iyi davranmas\u0131 laz\u0131m. AB bize yenilenebilir enerjiyi zorunlu k\u0131ld\u0131 ve bu teknolojiyi bize y\u00fcksek teknolojiden sat\u0131yor. R\u00fczgar enerjisinde de AB\u2019ye teknoloji ba\u011f\u0131ml\u0131s\u0131 oluyoruz. T\u00fcrkiye\u2019nin k\u00f6m\u00fcrleri kalite a\u00e7\u0131s\u0131ndan \u00e7ok iyi de\u011fil. Ama bizim nimetimiz bu. Her \u00fclke, topra\u011f\u0131n alt\u0131ndan ne \u00e7\u0131karsa onu yakar. K\u00f6m\u00fcr\u00fc de ithal ediyoruz\u201d diye konu\u015ftu.<\/p>\n<p style=\"color: #0a0a0a;\"><strong>CUMHURBA\u015eKANIMIZ DO\u011eRU S\u00d6YL\u00dcYOR<\/strong><\/p>\n<p style=\"color: #0a0a0a;\">T\u00fcrkiye\u2019nin, k\u00f6m\u00fcr rezervini kullanamamas\u0131n\u0131n \u00f6n\u00fcndeki engellere dikkat \u00e7eken Prof. Sevaio\u011flu, \u2018halkla bar\u0131\u015f\u0131k\u2019 \u00fcretim yapmak gerekti\u011fine vurgu yapt\u0131. Sevaio\u011flu \u201cDaha Erzincan\u2019da yeni bir fabrika gezdim, sahibi \u2018Elektrik fiyat\u0131 nedeniyle i\u015f\u00e7ilerimin yar\u0131s\u0131n\u0131 i\u015ften \u00e7\u0131karaca\u011f\u0131m\u2019 dedi. Cumhurba\u015fkan\u0131m\u0131z do\u011fru s\u00f6yl\u00fcyor. Bat\u0131 iki y\u00fczl\u00fc\u201d dedi.<\/p>\n<p style=\"color: #0a0a0a;\"><strong>BAKAN ALBAYRAK: K\u00d6M\u00dcR YILDA 7.8 M\u0130LYAR DOLAR DO\u011eALGAZ TASARRUFU SA\u011eLAYACAK<\/strong><\/p>\n<p style=\"color: #0a0a0a;\">Enerji ve Tabii Kaynaklar Bakan\u0131 Berat Albayrak, yapt\u0131\u011f\u0131 son a\u00e7\u0131klamalarla Bat\u0131l\u0131 \u00fclkelerde oldu\u011fu gibi k\u00f6m\u00fcre \u00f6zel bir kanun ve finansman modeli ile bu madenin elektrik enerjisi \u00fcretmedeki kullan\u0131m oran\u0131n\u0131 art\u0131racaklar\u0131na dikkat \u00e7ekti. Bakan Albayrak, T\u00fcrkiye\u2019nin k\u00f6m\u00fcr potansiyelini kullanmas\u0131 durumunda 25 bin megavat enerji \u00fcretebilece\u011fini ve b\u00f6ylece y\u0131lda 7.2 milyar dolarl\u0131k do\u011falgaz ithalat\u0131na gerek kalmayaca\u011f\u0131na dikkat \u00e7ekti.<\/p>\n<p style=\"color: #0a0a0a;\"><strong>ALMANYA\u2019NIN ENERJ\u0130S\u0130\u2019N\u0130N Y\u00dcZDE 47\u2019S\u0130 K\u00d6M\u00dcRDEN<\/strong><\/p>\n<p style=\"color: #0a0a0a;\">T\u00fcrkiye\u2019nin k\u00f6m\u00fcrden elektrik enerjisi \u00fcretmesinin \u00f6n\u00fcndeki en b\u00fcy\u00fck engel, olu\u015facak hava kirlili\u011fi. D\u00fcnyay\u0131 kirletenlerin ba\u015f\u0131nda ABD, \u00c7in, Hindistan ve Almanya gibi \u00fclkeler geliyor ve bunlar yo\u011fun olarak k\u00f6m\u00fcrden elektrik \u00fcretiyor. Yenilenebilir enerjiyi savunan Almanya, bug\u00fcn halen enerjisinin y\u00fczde 47\u2019sini k\u00f6m\u00fcrden sa\u011fl\u0131yor ve d\u00fcnyada k\u00f6m\u00fcr\u00fc en \u00e7ok kullanan be\u015f \u00fclkeden biri. T\u00fcrkiye\u2019nin t\u00fcm karbon kirlili\u011fi d\u00fcnyadaki oran\u0131n\u0131n sadece y\u00fczde 0.5 oldu\u011funa dikkat \u00e7eken Prof. Sevaio\u011flu, \u015funlar\u0131 s\u00f6yledi: \u201cT\u00fcrkiye, AB zorlamas\u0131yla yenilebilir enerji ve elektrik i\u015fine girdi. T\u00fcrkiye\u2019deki g\u00fcne\u015f ve r\u00fczgardan elde edilen yenilenebilir enerji, topluma yeni enerji verecek d\u00fczeyde de\u011fil. Her ikisine de piyasan\u0131n \u00fczeride fiyat veriliyor. Bu fiyatlar\u0131 vermek, piyasa fiyat\u0131n\u0131 y\u00fckseltmek ve halka pahal\u0131 elektrik vermek demek. Bu halka ihanet. Asl\u0131nda halkta, sanayicide akl\u0131n\u0131 ba\u015f\u0131na toplay\u0131p \u2018Biz ucuz elektrik istiyoruz\u2019 demeli.\u201d<\/p>\n<p style=\"color: #0a0a0a;\">Haberin Devam\u0131 i\u00e7in\u00a0<a style=\"color: #1e73be;\" href=\"http:\/\/haber.star.com.tr\/ekonomi\/yerli-komurde-batili-ulkelerin-oyunu-bozuluyor\/haber-1094159\" target=\"_blank\" rel=\"nofollow\">t\u0131klay\u0131n\u0131z&gt;&gt;&gt;<\/a><\/p>\n<p style=\"color: #0a0a0a;\">Kaynak: Star Gazetesi<\/p>\n<p><\/p>","protected":false},"excerpt":{"rendered":"<p>Sorry, this entry is only available in Turkish. For the sake of viewer convenience, the content is shown below in the alternative language. You may click the link to switch the active language. 30 y\u0131lda tek bir sondaj yap\u0131lmayan k\u00f6m\u00fcrde son 10 y\u0131lda 200 milyar dolarl\u0131k yeni rezerv bulundu\u011funa dikkat \u00e7eken Prof. Dr. Sevaio\u011flu \u201cBat\u0131 [&hellip;]<\/p>\n","protected":false},"author":1,"featured_media":51350,"comment_status":"open","ping_status":"open","sticky":false,"template":"","format":"standard","meta":[],"categories":[53,24649],"tags":[1192,27051,92,63,67,1009,2698,165,1675,28840,19822,28841,28842,28843,105,1375],"views":976,"_links":{"self":[{"href":"https:\/\/www.enerjigazetesi.ist\/en\/wp-json\/wp\/v2\/posts\/51349"}],"collection":[{"href":"https:\/\/www.enerjigazetesi.ist\/en\/wp-json\/wp\/v2\/posts"}],"about":[{"href":"https:\/\/www.enerjigazetesi.ist\/en\/wp-json\/wp\/v2\/types\/post"}],"author":[{"embeddable":true,"href":"https:\/\/www.enerjigazetesi.ist\/en\/wp-json\/wp\/v2\/users\/1"}],"replies":[{"embeddable":true,"href":"https:\/\/www.enerjigazetesi.ist\/en\/wp-json\/wp\/v2\/comments?post=51349"}],"version-history":[{"count":1,"href":"https:\/\/www.enerjigazetesi.ist\/en\/wp-json\/wp\/v2\/posts\/51349\/revisions"}],"predecessor-version":[{"id":51351,"href":"https:\/\/www.enerjigazetesi.ist\/en\/wp-json\/wp\/v2\/posts\/51349\/revisions\/51351"}],"wp:featuredmedia":[{"embeddable":true,"href":"https:\/\/www.enerjigazetesi.ist\/en\/wp-json\/wp\/v2\/media\/51350"}],"wp:attachment":[{"href":"https:\/\/www.enerjigazetesi.ist\/en\/wp-json\/wp\/v2\/media?parent=51349"}],"wp:term":[{"taxonomy":"category","embeddable":true,"href":"https:\/\/www.enerjigazetesi.ist\/en\/wp-json\/wp\/v2\/categories?post=51349"},{"taxonomy":"post_tag","embeddable":true,"href":"https:\/\/www.enerjigazetesi.ist\/en\/wp-json\/wp\/v2\/tags?post=51349"}],"curies":[{"name":"wp","href":"https:\/\/api.w.org\/{rel}","templated":true}]}}