{"id":51330,"date":"2016-03-07T21:36:06","date_gmt":"2016-03-07T18:36:06","guid":{"rendered":"https:\/\/www.enerjigazetesi.ist\/?p=51330"},"modified":"2016-03-07T21:36:06","modified_gmt":"2016-03-07T18:36:06","slug":"turkiyenin-onemli-potansiyel-ve-rezervi-var","status":"publish","type":"post","link":"https:\/\/www.enerjigazetesi.ist\/en\/turkiyenin-onemli-potansiyel-ve-rezervi-var\/","title":{"rendered":"(Turkish) \u201cT\u00fcrkiye\u2019nin \u00d6nemli Potansiyel ve Rezervi Var&#8230;\u201d"},"content":{"rendered":"<p class=\"qtranxs-available-languages-message qtranxs-available-languages-message-en\">Sorry, this entry is only available in <a href=\"https:\/\/www.enerjigazetesi.ist\/tr\/wp-json\/wp\/v2\/posts\/51330\" class=\"qtranxs-available-language-link qtranxs-available-language-link-tr\" title=\"Turkish\">Turkish<\/a>. For the sake of viewer convenience, the content is shown below in the alternative language. You may click the link to switch the active language.<\/p><p><\/p>\n<p style=\"color: #666666;\"><span style=\"font-weight: bold; color: #222222;\">T\u00fcrkiye\u2019nin \u00f6zellikle g\u00fcne\u015f ve r\u00fczgar enerjisi i\u00e7in \u00f6nemli potansiyel ve rezervi oldu\u011funa dikkat \u00e7ekildi.<\/span><\/p>\n<p style=\"color: #666666;\">T\u00fcrkiye\u2019nin\u00a0<span style=\"font-weight: bold; color: #222222;\">g\u00fcne\u015f ve r\u00fczgar enerjisi<\/span>\u00a0kapasitesi s\u00fcrekli olarak g\u00fcndemde tutuluyor. Bu konuda yap\u0131lan \u00e7al\u0131\u015fmalar da dikkat \u00e7ekiyor.<\/p>\n<p style=\"color: #666666;\">Greenpeace Akdeniz, TEM<a href=\"https:\/\/www.enerjigazetesi.ist\/wp-content\/uploads\/2016\/03\/turkiyenin-onemli-potansiyel-ve-rezervi-var.jpg\"><img loading=\"lazy\" class=\"alignleft  wp-image-51331\" src=\"https:\/\/www.enerjigazetesi.ist\/wp-content\/uploads\/2016\/03\/turkiyenin-onemli-potansiyel-ve-rezervi-var-300x110.jpg\" alt=\"turkiyenin-onemli-potansiyel-ve-rezervi-var\" width=\"300\" height=\"181\" \/><\/a>A ve WWF-T\u00fcrkiye taraf\u0131ndan d\u00fczenlenen \u201cParis Sonras\u0131 Enerji Politikalar\u0131\u201d panelinde, COP21\u2019in ard\u0131ndan T\u00fcrkiye\u2019nin \u00f6zellikle g\u00fcne\u015f ve r\u00fczgar enerjisi i\u00e7in \u00f6nemli potansiyel ve rezervi oldu\u011funa dikkat \u00e7ekildi.<\/p>\n<p style=\"color: #666666;\">Panelde, ekonomiyi karbondan ar\u0131nd\u0131rman\u0131n zaman\u0131n\u0131n geldi\u011fi ve d\u00f6n\u00fc\u015f\u00fcme ge\u00e7 olmadan ba\u015flanmas\u0131 gerekti\u011fi vurguland\u0131.<\/p>\n<p style=\"color: #666666;\">Paris\u2019te ger\u00e7ekle\u015fen COP21 iklim zirvesinde \u00fczerinde fikir birli\u011fine var\u0131lan k\u00fcresel anla\u015fman\u0131n, enerji sekt\u00f6r\u00fcnde d\u00f6n\u00fc\u015f\u00fcm talep etti\u011fi yinelenirken, T\u00fcrkiye\u2019deki kapasitelerin i\u015flenip ekonomiye kazand\u0131r\u0131lmad\u0131klar\u0131 s\u00fcrece, bir anlamlar\u0131 kalmayaca\u011f\u0131 vurguland\u0131.<\/p>\n<p style=\"color: #666666;\">Panelin moderat\u00f6r\u00fc TEMA Genel M\u00fcd\u00fcr\u00fc Bar\u0131\u015f Karap\u0131nar, 2015\u2019in kay\u0131tlara ge\u00e7mi\u015f en s\u0131cak y\u0131l oldu\u011funu hat\u0131rlat\u0131rken, ciddi de\u011fi\u015fiklikler yap\u0131lmazsa 2050 \u2013 2100 y\u0131llar\u0131na kadar 4-6 derece s\u0131cakl\u0131k art\u0131\u015f\u0131 tehdidi oldu\u011funu s\u00f6yledi.<\/p>\n<p style=\"color: #666666;\">Haberin Devam\u0131 \u0130\u00e7in<a style=\"color: #fc8d8d;\" href=\"http:\/\/www.sozcu.com.tr\/2016\/ekonomi\/turkiyenin-gunes-ve-ruzgar-enerjisi-icin-onemli-potansiyel-ve-rezervi-var-1118225\/\" target=\"_blank\">\u00a0T\u0131klay\u0131n\u0131z&gt;&gt;&gt;<\/a><\/p>\n<p style=\"color: #666666;\">Kaynak: S\u00f6zc\u00fc<\/p>\n<p><\/p>","protected":false},"excerpt":{"rendered":"<p>Sorry, this entry is only available in Turkish. For the sake of viewer convenience, the content is shown below in the alternative language. You may click the link to switch the active language. T\u00fcrkiye\u2019nin \u00f6zellikle g\u00fcne\u015f ve r\u00fczgar enerjisi i\u00e7in \u00f6nemli potansiyel ve rezervi oldu\u011funa dikkat \u00e7ekildi. T\u00fcrkiye\u2019nin\u00a0g\u00fcne\u015f ve r\u00fczgar enerjisi\u00a0kapasitesi s\u00fcrekli olarak g\u00fcndemde tutuluyor. [&hellip;]<\/p>\n","protected":false},"author":1,"featured_media":51331,"comment_status":"open","ping_status":"open","sticky":false,"template":"","format":"standard","meta":[],"categories":[53,49,50],"tags":[63,67,1009,2698,165,227,13,69,16],"views":975,"_links":{"self":[{"href":"https:\/\/www.enerjigazetesi.ist\/en\/wp-json\/wp\/v2\/posts\/51330"}],"collection":[{"href":"https:\/\/www.enerjigazetesi.ist\/en\/wp-json\/wp\/v2\/posts"}],"about":[{"href":"https:\/\/www.enerjigazetesi.ist\/en\/wp-json\/wp\/v2\/types\/post"}],"author":[{"embeddable":true,"href":"https:\/\/www.enerjigazetesi.ist\/en\/wp-json\/wp\/v2\/users\/1"}],"replies":[{"embeddable":true,"href":"https:\/\/www.enerjigazetesi.ist\/en\/wp-json\/wp\/v2\/comments?post=51330"}],"version-history":[{"count":1,"href":"https:\/\/www.enerjigazetesi.ist\/en\/wp-json\/wp\/v2\/posts\/51330\/revisions"}],"predecessor-version":[{"id":51332,"href":"https:\/\/www.enerjigazetesi.ist\/en\/wp-json\/wp\/v2\/posts\/51330\/revisions\/51332"}],"wp:featuredmedia":[{"embeddable":true,"href":"https:\/\/www.enerjigazetesi.ist\/en\/wp-json\/wp\/v2\/media\/51331"}],"wp:attachment":[{"href":"https:\/\/www.enerjigazetesi.ist\/en\/wp-json\/wp\/v2\/media?parent=51330"}],"wp:term":[{"taxonomy":"category","embeddable":true,"href":"https:\/\/www.enerjigazetesi.ist\/en\/wp-json\/wp\/v2\/categories?post=51330"},{"taxonomy":"post_tag","embeddable":true,"href":"https:\/\/www.enerjigazetesi.ist\/en\/wp-json\/wp\/v2\/tags?post=51330"}],"curies":[{"name":"wp","href":"https:\/\/api.w.org\/{rel}","templated":true}]}}