{"id":51321,"date":"2016-03-07T17:46:47","date_gmt":"2016-03-07T14:46:47","guid":{"rendered":"https:\/\/www.enerjigazetesi.ist\/?p=51321"},"modified":"2016-03-07T17:46:47","modified_gmt":"2016-03-07T14:46:47","slug":"suudi-arabistan-kuresel-petrol-piyasasindaki-payimizi-koruyacagiz","status":"publish","type":"post","link":"https:\/\/www.enerjigazetesi.ist\/en\/suudi-arabistan-kuresel-petrol-piyasasindaki-payimizi-koruyacagiz\/","title":{"rendered":"(Turkish) Suudi Arabistan: \u201cK\u00fcresel Petrol Piyasas\u0131ndaki Pay\u0131m\u0131z\u0131 Koruyaca\u011f\u0131z&#8230;\u201d"},"content":{"rendered":"<p class=\"qtranxs-available-languages-message qtranxs-available-languages-message-en\">Sorry, this entry is only available in <a href=\"https:\/\/www.enerjigazetesi.ist\/tr\/wp-json\/wp\/v2\/posts\/51321\" class=\"qtranxs-available-language-link qtranxs-available-language-link-tr\" title=\"Turkish\">Turkish<\/a>. For the sake of viewer convenience, the content is shown below in the alternative language. You may click the link to switch the active language.<\/p><p><\/p>\n<p style=\"color: #0a0a0a;\"><strong>Suudi Arabistan D\u0131\u015fi\u015fleri Bakan\u0131 Adil el-C\u00fcbeyr, \u00fclkesinin k\u00fcresel petrol piyasas\u0131ndaki pay\u0131n\u0131 koruyaca\u011f\u0131n\u0131 s\u00f6yledi.\u00a0<a href=\"https:\/\/www.enerjigazetesi.ist\/wp-content\/uploads\/2016\/03\/suudi-arabistan-kuresel-petrol-piyasasindaki-payimizi-koruyacagiz.jpg\"><img loading=\"lazy\" class=\"alignright size-medium wp-image-51322\" src=\"https:\/\/www.enerjigazetesi.ist\/wp-content\/uploads\/2016\/03\/suudi-arabistan-kuresel-petrol-piyasasindaki-payimizi-koruyacagiz-300x165.jpg\" alt=\"suudi-arabistan-kuresel-petrol-piyasasindaki-payimizi-koruyacagiz\" width=\"300\" height=\"165\" srcset=\"https:\/\/www.enerjigazetesi.ist\/wp-content\/uploads\/2016\/03\/suudi-arabistan-kuresel-petrol-piyasasindaki-payimizi-koruyacagiz-300x165.jpg 300w, https:\/\/www.enerjigazetesi.ist\/wp-content\/uploads\/2016\/03\/suudi-arabistan-kuresel-petrol-piyasasindaki-payimizi-koruyacagiz-500x276.jpg 500w, https:\/\/www.enerjigazetesi.ist\/wp-content\/uploads\/2016\/03\/suudi-arabistan-kuresel-petrol-piyasasindaki-payimizi-koruyacagiz-80x44.jpg 80w, https:\/\/www.enerjigazetesi.ist\/wp-content\/uploads\/2016\/03\/suudi-arabistan-kuresel-petrol-piyasasindaki-payimizi-koruyacagiz.jpg 696w\" sizes=\"(max-width: 300px) 100vw, 300px\" \/><\/a><\/strong><span id=\"more-76511\"><\/span><\/p>\n<p style=\"color: #0a0a0a;\">Suudi Bakan, \u201cSuudi Arabistan petrol pazar\u0131ndaki pay\u0131n\u0131 muhafaza edecek.Ba\u015fka \u00fclkeler ham petrol \u00fcretimlerini art\u0131r\u0131rken bizim k\u0131smam\u0131z \u2018ger\u00e7ek\u00e7i\u2019 olmaz \u201cdiye konu\u015ftu.<\/p>\n<p style=\"color: #0a0a0a;\">Fransa\u2019n\u0131n ba\u015fkenti Paris\u2019te bir grup gazetecilere a\u00e7\u0131klama yapan Suudi Bakan el-C\u00fcbeyr, \u201cBizim g\u00f6r\u00fc\u015f\u00fcm\u00fcz piyasa g\u00fc\u00e7lerinin petrol fiyat\u0131n\u0131 belirleyece\u011fi, Suudi Arabistan olarak pazar pay\u0131m\u0131z\u0131 koruyaca\u011f\u0131m\u0131z ve piyasalar\u0131n iyile\u015fece\u011fi y\u00f6n\u00fcndedir.\u201d dedi.<\/p>\n<p style=\"color: #0a0a0a;\">Kaynak: Enerji Enstit\u00fcs\u00fc<\/p>\n<p><\/p>","protected":false},"excerpt":{"rendered":"<p>Sorry, this entry is only available in Turkish. For the sake of viewer convenience, the content is shown below in the alternative language. You may click the link to switch the active language. Suudi Arabistan D\u0131\u015fi\u015fleri Bakan\u0131 Adil el-C\u00fcbeyr, \u00fclkesinin k\u00fcresel petrol piyasas\u0131ndaki pay\u0131n\u0131 koruyaca\u011f\u0131n\u0131 s\u00f6yledi.\u00a0 Suudi Bakan, \u201cSuudi Arabistan petrol pazar\u0131ndaki pay\u0131n\u0131 muhafaza edecek.Ba\u015fka [&hellip;]<\/p>\n","protected":false},"author":1,"featured_media":51322,"comment_status":"open","ping_status":"open","sticky":false,"template":"","format":"standard","meta":[],"categories":[53,44],"tags":[63,67,1009,2698,165,23233,59,79,2388,12300,887,2522,20419,1463],"views":651,"_links":{"self":[{"href":"https:\/\/www.enerjigazetesi.ist\/en\/wp-json\/wp\/v2\/posts\/51321"}],"collection":[{"href":"https:\/\/www.enerjigazetesi.ist\/en\/wp-json\/wp\/v2\/posts"}],"about":[{"href":"https:\/\/www.enerjigazetesi.ist\/en\/wp-json\/wp\/v2\/types\/post"}],"author":[{"embeddable":true,"href":"https:\/\/www.enerjigazetesi.ist\/en\/wp-json\/wp\/v2\/users\/1"}],"replies":[{"embeddable":true,"href":"https:\/\/www.enerjigazetesi.ist\/en\/wp-json\/wp\/v2\/comments?post=51321"}],"version-history":[{"count":1,"href":"https:\/\/www.enerjigazetesi.ist\/en\/wp-json\/wp\/v2\/posts\/51321\/revisions"}],"predecessor-version":[{"id":51323,"href":"https:\/\/www.enerjigazetesi.ist\/en\/wp-json\/wp\/v2\/posts\/51321\/revisions\/51323"}],"wp:featuredmedia":[{"embeddable":true,"href":"https:\/\/www.enerjigazetesi.ist\/en\/wp-json\/wp\/v2\/media\/51322"}],"wp:attachment":[{"href":"https:\/\/www.enerjigazetesi.ist\/en\/wp-json\/wp\/v2\/media?parent=51321"}],"wp:term":[{"taxonomy":"category","embeddable":true,"href":"https:\/\/www.enerjigazetesi.ist\/en\/wp-json\/wp\/v2\/categories?post=51321"},{"taxonomy":"post_tag","embeddable":true,"href":"https:\/\/www.enerjigazetesi.ist\/en\/wp-json\/wp\/v2\/tags?post=51321"}],"curies":[{"name":"wp","href":"https:\/\/api.w.org\/{rel}","templated":true}]}}