{"id":51310,"date":"2016-03-07T13:36:07","date_gmt":"2016-03-07T10:36:07","guid":{"rendered":"https:\/\/www.enerjigazetesi.ist\/?p=51310"},"modified":"2016-03-07T13:36:07","modified_gmt":"2016-03-07T10:36:07","slug":"elektrikte-kayip-kacak-yuzde-25-ten-yuzde-15-lere-dustu","status":"publish","type":"post","link":"https:\/\/www.enerjigazetesi.ist\/en\/elektrikte-kayip-kacak-yuzde-25-ten-yuzde-15-lere-dustu\/","title":{"rendered":"(Turkish) Elektrikte Kay\u0131p Ka\u00e7ak % 25\u2019ten %15\u2019lere D\u00fc\u015ft\u00fc&#8230;"},"content":{"rendered":"<p class=\"qtranxs-available-languages-message qtranxs-available-languages-message-en\">Sorry, this entry is only available in <a href=\"https:\/\/www.enerjigazetesi.ist\/tr\/wp-json\/wp\/v2\/posts\/51310\" class=\"qtranxs-available-language-link qtranxs-available-language-link-tr\" title=\"Turkish\">Turkish<\/a>. For the sake of viewer convenience, the content is shown below in the alternative language. You may click the link to switch the active language.<\/p><p><\/p>\n<p style=\"color: #0a0a0a;\"><strong>Enerji ve Tabii Kaynaklar Bakan\u0131 Berat Albayrak, elektrikte kay\u0131p ka\u00e7ak oranlar\u0131n\u0131n 10 y\u0131l \u00f6nceki y\u00fczde 23-25 d\u00fczeylerinden y\u00fczde 14-15 d\u00fczeylerine kadar d\u00fc\u015f\u00fcr\u00fcld\u00fc\u011f\u00fcn\u00fc ifade etti.<\/strong><span id=\"more-76507\"><\/span><\/p>\n<p style=\"color: #0a0a0a;\">CHP Bal\u0131kesir Milletvekili Ahmet Ak\u0131n\u2019\u0131n soru \u00f6nergesini yan\u0131tlayan Albayrak, \u201c2014-2018 y\u0131llar\u0131n\u0131 kapsayan 10. Kalk\u0131nma Plan\u0131\u2019nda yer alan enerji Verimlili\u011finin Geli\u015ftirilmesi Program\u0131 kapsam\u0131nda benzer \u015fekilde kamu kesimine y\u00f6nelik hedefler yer almaktad\u0131r. S\u00f6z<a href=\"https:\/\/www.enerjigazetesi.ist\/wp-content\/uploads\/2016\/03\/elektrikte-kayip-kacak-yuzde-25-ten-yuzde-15-lere-dustu.jpg\"><img loading=\"lazy\" class=\"alignleft size-medium wp-image-51311\" src=\"https:\/\/www.enerjigazetesi.ist\/wp-content\/uploads\/2016\/03\/elektrikte-kayip-kacak-yuzde-25-ten-yuzde-15-lere-dustu-300x165.jpg\" alt=\"elektrikte-kayip-kacak-yuzde-25-ten-yuzde-15-lere-dustu\" width=\"300\" height=\"165\" srcset=\"https:\/\/www.enerjigazetesi.ist\/wp-content\/uploads\/2016\/03\/elektrikte-kayip-kacak-yuzde-25-ten-yuzde-15-lere-dustu-300x165.jpg 300w, https:\/\/www.enerjigazetesi.ist\/wp-content\/uploads\/2016\/03\/elektrikte-kayip-kacak-yuzde-25-ten-yuzde-15-lere-dustu-500x276.jpg 500w, https:\/\/www.enerjigazetesi.ist\/wp-content\/uploads\/2016\/03\/elektrikte-kayip-kacak-yuzde-25-ten-yuzde-15-lere-dustu-80x44.jpg 80w, https:\/\/www.enerjigazetesi.ist\/wp-content\/uploads\/2016\/03\/elektrikte-kayip-kacak-yuzde-25-ten-yuzde-15-lere-dustu.jpg 696w\" sizes=\"(max-width: 300px) 100vw, 300px\" \/><\/a> konusu belgede 2018 y\u0131l\u0131na kadar kamu binalar\u0131ndaki enerji t\u00fcketiminin, 2012 baz al\u0131nmak suretiyle belirlenecek g\u00f6stergeler d\u00fczeyinde ve verimlilik art\u0131\u015f\u0131 uygulamalar\u0131 ile y\u00fczde 10 d\u00fc\u015f\u00fcr\u00fclmesi hedefine y\u00f6nelik tedbirler \u00f6ng\u00f6r\u00fclm\u00fc\u015ft\u00fcr. Enerji kullan\u0131m\u0131nda israf\u0131n azalt\u0131lmas\u0131 kapsam\u0131nda t\u00fcketicilere y\u00f6nelik olarak bilin\u00e7lendirme ve y\u00f6nlendirme faaliyetleri y\u00fcr\u00fct\u00fclmektedir\u201d dedi.<\/p>\n<p style=\"color: #0a0a0a;\">\u201cKay\u0131p-ka\u00e7ak miktar\u0131, da\u011f\u0131t\u0131m sistemine giren enerji ile da\u011f\u0131t\u0131m sisteminde t\u00fcketicilere tahakkuk ettirilen enerji miktar\u0131 aras\u0131ndaki fark\u0131 g\u00f6stermektedir. Da\u011f\u0131t\u0131m sistemine giren enerji ile tahakkuk ettirilen enerji aras\u0131nda olu\u015fan bu fark elektri\u011fin da\u011f\u0131t\u0131m\u0131 i\u00e7in gerekli olan hat, trafo ile saya\u00e7larda meydana gelen teknik kay\u0131p miktar\u0131 (yakla\u015f\u0131k y\u00fczde 7-8), elektri\u011fin \u00fcretim noktalar\u0131ndan t\u00fcketim noktalar\u0131na ta\u015f\u0131nmas\u0131nda y\u00fczde 2,5-3 ve yasal olmayan bir \u015fekilde elektri\u011fin Ka\u00e7ak kullan\u0131lmas\u0131 sonucunda olu\u015fan miktar\u0131n toplam\u0131ndan olu\u015fmakta\u201d diyen Albayrak, \u015funlar\u0131 kaydetti:<\/p>\n<p style=\"color: #0a0a0a;\">\u201cKay\u0131p ka\u00e7ak oranlar\u0131n\u0131n azalt\u0131lmas\u0131 konusu \u00f6ncelikli hedeflerimizin ba\u015f\u0131nda gelmekte olup bu alandaki yo\u011fun \u00e7al\u0131\u015fmalar\u0131m\u0131z ve al\u0131nan tedbirler neticesinde \u00fclke genelinde kay\u0131p ka\u00e7ak oranlar\u0131 10 y\u0131l \u00f6nceki y\u00fczde 23-25 d\u00fczeylerinden y\u00fczde 14-15 d\u00fczeylerine kadar d\u00fc\u015f\u00fcr\u00fclm\u00fc\u015ft\u00fcr. Bu y\u00f6ndeki \u00e7al\u0131\u015fmalar\u0131m\u0131z titizlikle s\u00fcrd\u00fcr\u00fclmektedir. Ka\u00e7ak ve kay\u0131t d\u0131\u015f\u0131 elektrik kullan\u0131m\u0131n\u0131n \u00f6nlenmesi amac\u0131yla elektrik da\u011f\u0131t\u0131m \u015firketleri taraf\u0131ndan elektrik abonelerinin \u00f6l\u00e7\u00fc sistemleri ka\u00e7ak kullan\u0131m\u0131 engelleyecek \u015fekilde kontrol edilmekte ve ka\u00e7ak kontrol takibi i\u00e7in kay\u0131p ka\u00e7ak tarama \u00e7al\u0131\u015fmalar\u0131 periyodik olarak devam etmektedir. Elektri\u011fin kesintisiz ve kaliteli olarak sunulabilmesi amac\u0131yla ka\u00e7ak elektrik kullan\u0131m\u0131 ile m\u00fccadeleye devam edilmekte ve halk\u0131n bilin\u00e7lendirilmesi ile birlikte \u00e7al\u0131\u015fmalar s\u00fcrd\u00fcr\u00fcl\u00fcyor.\u201d<\/p>\n<p style=\"color: #0a0a0a;\">Kaynak: <a href=\"http:\/\/www.milliyet.com.tr\/elektrikte-kayip-kacak-25-ten\/ekonomi\/detay\/2204367\/default.htm\" target=\"_blank\" rel=\"nofollow\">Milliyet<\/a><\/p>\n<p><\/p>","protected":false},"excerpt":{"rendered":"<p>Sorry, this entry is only available in Turkish. For the sake of viewer convenience, the content is shown below in the alternative language. You may click the link to switch the active language. Enerji ve Tabii Kaynaklar Bakan\u0131 Berat Albayrak, elektrikte kay\u0131p ka\u00e7ak oranlar\u0131n\u0131n 10 y\u0131l \u00f6nceki y\u00fczde 23-25 d\u00fczeylerinden y\u00fczde 14-15 d\u00fczeylerine kadar d\u00fc\u015f\u00fcr\u00fcld\u00fc\u011f\u00fcn\u00fc [&hellip;]<\/p>\n","protected":false},"author":1,"featured_media":51311,"comment_status":"open","ping_status":"open","sticky":false,"template":"","format":"standard","meta":[],"categories":[51,53],"tags":[27051,28109,68,7921,1079,61,19638,1451,2873,15465,63,67,1009,2698,165,148],"views":834,"_links":{"self":[{"href":"https:\/\/www.enerjigazetesi.ist\/en\/wp-json\/wp\/v2\/posts\/51310"}],"collection":[{"href":"https:\/\/www.enerjigazetesi.ist\/en\/wp-json\/wp\/v2\/posts"}],"about":[{"href":"https:\/\/www.enerjigazetesi.ist\/en\/wp-json\/wp\/v2\/types\/post"}],"author":[{"embeddable":true,"href":"https:\/\/www.enerjigazetesi.ist\/en\/wp-json\/wp\/v2\/users\/1"}],"replies":[{"embeddable":true,"href":"https:\/\/www.enerjigazetesi.ist\/en\/wp-json\/wp\/v2\/comments?post=51310"}],"version-history":[{"count":1,"href":"https:\/\/www.enerjigazetesi.ist\/en\/wp-json\/wp\/v2\/posts\/51310\/revisions"}],"predecessor-version":[{"id":51312,"href":"https:\/\/www.enerjigazetesi.ist\/en\/wp-json\/wp\/v2\/posts\/51310\/revisions\/51312"}],"wp:featuredmedia":[{"embeddable":true,"href":"https:\/\/www.enerjigazetesi.ist\/en\/wp-json\/wp\/v2\/media\/51311"}],"wp:attachment":[{"href":"https:\/\/www.enerjigazetesi.ist\/en\/wp-json\/wp\/v2\/media?parent=51310"}],"wp:term":[{"taxonomy":"category","embeddable":true,"href":"https:\/\/www.enerjigazetesi.ist\/en\/wp-json\/wp\/v2\/categories?post=51310"},{"taxonomy":"post_tag","embeddable":true,"href":"https:\/\/www.enerjigazetesi.ist\/en\/wp-json\/wp\/v2\/tags?post=51310"}],"curies":[{"name":"wp","href":"https:\/\/api.w.org\/{rel}","templated":true}]}}