{"id":5126,"date":"2013-01-11T10:50:35","date_gmt":"2013-01-11T07:50:35","guid":{"rendered":"https:\/\/www.enerjigazetesi.ist\/?p=5126"},"modified":"2013-01-11T11:00:06","modified_gmt":"2013-01-11T08:00:06","slug":"dunya-6-derece-isiniyor-dogru-cozum-enerji-verimliligi-ve-tasarrufu","status":"publish","type":"post","link":"https:\/\/www.enerjigazetesi.ist\/en\/dunya-6-derece-isiniyor-dogru-cozum-enerji-verimliligi-ve-tasarrufu\/","title":{"rendered":"(Turkish) D\u00fcnya 6 Derece Is\u0131nacak, \u00c7\u00f6z\u00fcm Enerji Verimlili\u011fi ve Yenilenebilir Enerjiler"},"content":{"rendered":"<p class=\"qtranxs-available-languages-message qtranxs-available-languages-message-en\">Sorry, this entry is only available in <a href=\"https:\/\/www.enerjigazetesi.ist\/tr\/wp-json\/wp\/v2\/posts\/5126\" class=\"qtranxs-available-language-link qtranxs-available-language-link-tr\" title=\"Turkish\">Turkish<\/a>. For the sake of viewer convenience, the content is shown below in the alternative language. You may click the link to switch the active language.<\/p><p><strong>Uzmanlar\u0131n k\u00fcresel \u0131s\u0131nma i\u00e7in yapt\u0131klar\u0131 uyar\u0131lara her g\u00fcn bir yenisi ekleniyor. \u0130klim de\u011fi\u015fikli\u011finin uzun vadeli sonu\u00e7lar\u0131n\u0131n ele al\u0131nd\u0131\u011f\u0131 bir raporda, kayg\u0131 verici \u00f6ng\u00f6r\u00fclere yer veriliyor. Karbondioksit sal\u0131n\u0131m\u0131 a\u011f\u0131rl\u0131kl\u0131 olarak k\u00f6m\u00fcr, petrol ve gaz\u0131n yak\u0131lmas\u0131yla ortaya \u00e7\u0131k\u0131yor. Her y\u0131l egsoz ve bacalardan \u00fcflenen karbondioksit miktar\u0131 bu oranda kald\u0131\u011f\u0131 s\u00fcrece d\u00fcnya bu y\u00fczy\u0131lda 6 dereceye kadar \u0131s\u0131nacak. H\u00fck\u00fcmetleraras\u0131 \u0130klim De\u011fi\u015fikli\u011fi Paneli\u2019ne g\u00f6re k\u00fcresel \u0131s\u0131nmay\u0131 durdurman\u0131n tek yolu, fosil yak\u0131t kullan\u0131m\u0131n\u0131 m\u00fcmk\u00fcn oldu\u011funca azaltmaktan ge\u00e7iyor. Bunun i\u00e7inde mevcut k\u00f6m\u00fcr, petrol ve gaz rezervinin y\u00fczde 80 ila 90\u2019\u0131n\u0131n kullan\u0131lmamas\u0131 gerekiyor.<\/strong><\/p>\n<p>&nbsp;<\/p>\n<h2>Tek Yol Yenilenebilir Enerjiler ve Enerji Verimlili\u011fi<\/h2>\n<p>&nbsp;<\/p>\n<p><img loading=\"lazy\" class=\"alignleft size-medium wp-image-5127\" title=\"dunya-6-derece-isinacak\" src=\"https:\/\/www.enerjigazetesi.ist\/wp-content\/uploads\/2013\/01\/dunya-6-derece-isinacak-300x194.png\" alt=\"\" width=\"300\" height=\"194\" srcset=\"https:\/\/www.enerjigazetesi.ist\/wp-content\/uploads\/2013\/01\/dunya-6-derece-isinacak-300x194.png 300w, https:\/\/www.enerjigazetesi.ist\/wp-content\/uploads\/2013\/01\/dunya-6-derece-isinacak-500x323.png 500w, https:\/\/www.enerjigazetesi.ist\/wp-content\/uploads\/2013\/01\/dunya-6-derece-isinacak-77x50.png 77w, https:\/\/www.enerjigazetesi.ist\/wp-content\/uploads\/2013\/01\/dunya-6-derece-isinacak.png 505w\" sizes=\"(max-width: 300px) 100vw, 300px\" \/>H\u00fck\u00fcmetleraras\u0131 \u0130klim De\u011fi\u015fikli\u011fi Paneli\u2019nin bir raporuna g\u00f6re k\u00fcresel enerji ihtiyac\u0131n\u0131n yakla\u015f\u0131k y\u00fczde 80\u2019i 2050\u2019ye kadar yenilenebilir enerjilerden kar\u015f\u0131lanabilir. Bu uygulanabildi\u011fi taktirde k\u00fcresel \u0131s\u0131nma 2 derece ile s\u0131n\u0131rl\u0131 kalacak.<\/p>\n<p>Yap\u0131lan hesaplamalara g\u00f6re 2050\u2019de elektrik, sanayi, ula\u015f\u0131m ve \u0131s\u0131nma i\u00e7in gereken enerjinin y\u00fczde 28\u2019i g\u00fcne\u015ften, y\u00fczde 24\u2019\u00fc jeotermalden, y\u00fczde 15\u2019i biyok\u00fctleden, y\u00fczde 10\u2019u r\u00fczg\u00e2rdan, y\u00fczde 4\u2019\u00fc hidroelektrik ve y\u00fczde 2\u2019si denizden kar\u015f\u0131lanabilecek. Global enerji d\u00f6n\u00fc\u015f\u00fcm\u00fc i\u00e7in gereken teknoloji bug\u00fcn mevcut. Uzmanlara g\u00f6re hemen harekete ge\u00e7ilip siyasi sorumlular\u0131n do\u011fru kararlar almas\u0131 laz\u0131m ki yenilenebilir enerjiler daha \u00e7abuk yay\u0131ls\u0131n. Buna ek olarak <a href=\"http:\/\/www.enve.com.tr\" target=\"_blank\">enerji verimlili\u011fini<\/a> art\u0131rmak i\u00e7in yap\u0131lmas\u0131 gerekenler var.<\/p>\n<h2><\/h2>\n<h2>Hangi \u00d6nlemler Al\u0131nmal\u0131?<\/h2>\n<p>D\u00fcnya \u00e7ap\u0131nda \u00e7e\u015fitli verimlilik \u00f6nlemleriyle 2050\u2019ye kadar enerjiden y\u00fczde 60 tasarruf sa\u011flanabilir. Yasalar ve enerji standartlar\u0131, <strong><a href=\"http:\/\/www.enve.com.tr\" target=\"_blank\">Enerji\u00a0verimlili\u011fi uygulamalar\u0131<\/a><\/strong> ve <strong><a href=\"http:\/\/www.enve.com.tr\" target=\"_blank\">verimlilik artt\u0131r\u0131c\u0131 projeler<\/a><\/strong> bize\u00a0enerji t\u00fcketimini azaltmaya yard\u0131mc\u0131 olabilir. Akkor amp\u00fcle k\u0131yasla, modern LED lambalar enerjinin sadece onda birine ihtiya\u00e7 duyuyor. Avrupa Birli\u011fi, akkor amp\u00fcllerin sat\u0131\u015f\u0131n\u0131 yasaklayarak bu alanda \u00f6nemli bir ad\u0131m att\u0131. D\u00fcnyan\u0131n baz\u0131 b\u00f6lgelerinde g\u00fcne\u015f enerjisi, di\u011ferleriyle rekabet edebilecek d\u00fczeyde. \u015eili \u00e7\u00f6llerinde g\u00fcne\u015ften elde edilen enerji, k\u00f6m\u00fcr, petrol ve gaz gibi fosil yak\u0131tlara g\u00f6re daha ucuz. Almanya\u2019da elektrik ihtiyac\u0131n\u0131n y\u00fczde 9\u2019u r\u00fczg\u00e2r enerjisinden kar\u015f\u0131lan\u0131rken bu oran \u00c7in\u2019de y\u00fczde 3, Danimarka\u2019da y\u00fczde 20\u2032den fazla. R\u00fczg\u00e2r enerjisi, Avrupa\u2019da en ucuz enerji. Karbondioksit olmadan yeni i\u015fler ve ucuz enerji sa\u011flanabilir. Yenilebilir enerjiye ge\u00e7i\u015fle refah d\u00fczeyi de artabilir.<\/p>\n<p>Kaynak: <a href=\"http:\/\/enerjienstitusu.com\/2013\/01\/10\/dunya-6-derece-isinacak\/\" target=\"_blank\">Enerji Enstit\u00fcs\u00fc<\/a><\/p>","protected":false},"excerpt":{"rendered":"<p>Sorry, this entry is only available in Turkish. For the sake of viewer convenience, the content is shown below in the alternative language. You may click the link to switch the active language.Uzmanlar\u0131n k\u00fcresel \u0131s\u0131nma i\u00e7in yapt\u0131klar\u0131 uyar\u0131lara her g\u00fcn bir yenisi ekleniyor. \u0130klim de\u011fi\u015fikli\u011finin uzun vadeli sonu\u00e7lar\u0131n\u0131n ele al\u0131nd\u0131\u011f\u0131 bir raporda, kayg\u0131 verici \u00f6ng\u00f6r\u00fclere [&hellip;]<\/p>\n","protected":false},"author":1,"featured_media":5127,"comment_status":"open","ping_status":"open","sticky":false,"template":"","format":"standard","meta":[],"categories":[53,52,49,47,48,50],"tags":[1678,227,70,1776,58,896,1777,69,1347],"views":857,"_links":{"self":[{"href":"https:\/\/www.enerjigazetesi.ist\/en\/wp-json\/wp\/v2\/posts\/5126"}],"collection":[{"href":"https:\/\/www.enerjigazetesi.ist\/en\/wp-json\/wp\/v2\/posts"}],"about":[{"href":"https:\/\/www.enerjigazetesi.ist\/en\/wp-json\/wp\/v2\/types\/post"}],"author":[{"embeddable":true,"href":"https:\/\/www.enerjigazetesi.ist\/en\/wp-json\/wp\/v2\/users\/1"}],"replies":[{"embeddable":true,"href":"https:\/\/www.enerjigazetesi.ist\/en\/wp-json\/wp\/v2\/comments?post=5126"}],"version-history":[{"count":11,"href":"https:\/\/www.enerjigazetesi.ist\/en\/wp-json\/wp\/v2\/posts\/5126\/revisions"}],"predecessor-version":[{"id":5138,"href":"https:\/\/www.enerjigazetesi.ist\/en\/wp-json\/wp\/v2\/posts\/5126\/revisions\/5138"}],"wp:featuredmedia":[{"embeddable":true,"href":"https:\/\/www.enerjigazetesi.ist\/en\/wp-json\/wp\/v2\/media\/5127"}],"wp:attachment":[{"href":"https:\/\/www.enerjigazetesi.ist\/en\/wp-json\/wp\/v2\/media?parent=5126"}],"wp:term":[{"taxonomy":"category","embeddable":true,"href":"https:\/\/www.enerjigazetesi.ist\/en\/wp-json\/wp\/v2\/categories?post=5126"},{"taxonomy":"post_tag","embeddable":true,"href":"https:\/\/www.enerjigazetesi.ist\/en\/wp-json\/wp\/v2\/tags?post=5126"}],"curies":[{"name":"wp","href":"https:\/\/api.w.org\/{rel}","templated":true}]}}