{"id":51250,"date":"2016-03-05T15:16:08","date_gmt":"2016-03-05T12:16:08","guid":{"rendered":"https:\/\/www.enerjigazetesi.ist\/?p=51250"},"modified":"2016-03-05T15:16:08","modified_gmt":"2016-03-05T12:16:08","slug":"yabancilar-yesil-binayi-tercih-etti","status":"publish","type":"post","link":"https:\/\/www.enerjigazetesi.ist\/en\/yabancilar-yesil-binayi-tercih-etti\/","title":{"rendered":"(Turkish) Yabanc\u0131lar Ye\u015fil Binay\u0131 Tercih Etti!"},"content":{"rendered":"<p class=\"qtranxs-available-languages-message qtranxs-available-languages-message-en\">Sorry, this entry is only available in <a href=\"https:\/\/www.enerjigazetesi.ist\/tr\/wp-json\/wp\/v2\/posts\/51250\" class=\"qtranxs-available-language-link qtranxs-available-language-link-tr\" title=\"Turkish\">Turkish<\/a>. For the sake of viewer convenience, the content is shown below in the alternative language. You may click the link to switch the active language.<\/p><p><strong>\u0130klim de\u011fi\u015fikli\u011finin etkilerine kar\u015f\u0131 her sekt\u00f6r kendi alan\u0131nda \u00e7evreci projelere a\u011f\u0131rl\u0131k verirken, bu durum in\u015faat sekt\u00f6r\u00fcne \u2018ye\u015fil bina\u2019 olarak yans\u0131yor. Avrupa\u2019da olduk\u00e7a yayg\u0131n olan, \u00fclkemizde ise yeni yeni yerle\u015fmeye ba\u015flayan ye\u015fil bina kurgusu, \u00f6zellikle T\u00fcrkiye\u2019de konut yat\u0131r\u0131m\u0131 yapacak yabanc\u0131lar\u0131n ilgisini \u00e7ekiyor.<\/strong><\/p>\n<p>\u00dcretim a\u015famas\u0131nda do\u011f<a href=\"https:\/\/www.enerjigazetesi.ist\/wp-content\/uploads\/2016\/03\/yabancilar-yesil-binayi-tercih-etti.jpg\"><img loading=\"lazy\" class=\"alignleft size-medium wp-image-51251\" src=\"https:\/\/www.enerjigazetesi.ist\/wp-content\/uploads\/2016\/03\/yabancilar-yesil-binayi-tercih-etti-300x275.jpg\" alt=\"yabancilar-yesil-binayi-tercih-etti\" width=\"300\" height=\"275\" srcset=\"https:\/\/www.enerjigazetesi.ist\/wp-content\/uploads\/2016\/03\/yabancilar-yesil-binayi-tercih-etti-300x275.jpg 300w, https:\/\/www.enerjigazetesi.ist\/wp-content\/uploads\/2016\/03\/yabancilar-yesil-binayi-tercih-etti-435x400.jpg 435w, https:\/\/www.enerjigazetesi.ist\/wp-content\/uploads\/2016\/03\/yabancilar-yesil-binayi-tercih-etti-54x50.jpg 54w, https:\/\/www.enerjigazetesi.ist\/wp-content\/uploads\/2016\/03\/yabancilar-yesil-binayi-tercih-etti.jpg 800w\" sizes=\"(max-width: 300px) 100vw, 300px\" \/><\/a>aya zarar vermeyen, \u00e7evreci malzemelerin kullan\u0131ld\u0131\u011f\u0131 ye\u015fil binalar, uzun d\u00f6nemde daha az enerji t\u00fcketilmesiyle hem tasarrufun hem de \u00e7evre koruman\u0131n \u00f6n\u00fcn\u00fc a\u00e7\u0131yor. T\u00fcrkiye\u2019de \u00f6zellikle son y\u0131llarda ba\u015flat\u0131lan \u00e7al\u0131\u015fmalar sonucunda say\u0131lar\u0131 git gide artan ye\u015fil binalara olan ilginin al\u0131c\u0131ya da yak\u0131n zamanda yans\u0131mas\u0131 bekleniyor.<\/p>\n<p>Leed Gold sertifikas\u0131 aday\u0131 One Tower Diplomatique projesini tercih eden yabanc\u0131 uyruklu konut al\u0131c\u0131s\u0131n\u0131n \u2018ye\u015fil bina\u2019 kurgusuna ayr\u0131 \u00f6zen g\u00f6sterdi\u011fini belirten \u0130TO Yat\u0131r\u0131m ortaklar\u0131ndan \u00d6zkan \u00d6z\u00e7elik, \u015funlar\u0131 s\u00f6yledi:<\/p>\n<p>\u201cB\u00fcy\u00fckel\u00e7ilik, uluslararas\u0131 temsilcilik ve yurt d\u0131\u015f\u0131 merkezli firmalarda g\u00f6rev yapanlar yerle\u015fim yeri olarak Oran b\u00f6lgesini tercih ediyor. Yabanc\u0131lar\u0131n konut kriterleri bizden biraz daha farkl\u0131. Ankaral\u0131 konut al\u0131c\u0131s\u0131 konfor ve kaliteden vazge\u00e7emezken, yabanc\u0131lar konutun daha detayl\u0131 \u00f6zelliklerine dikkat ediyor. Bunlar\u0131n ba\u015f\u0131nda da projenin ne kadar \u00e7evreci, ne kadar \u2018ye\u015fil\u2019 oldu\u011fu geliyor. Sat\u0131\u015f Ofisimizi ziyaret eden yabanc\u0131 uyruklu al\u0131c\u0131lar, Leed Gold sertifikas\u0131 kriterlerini t\u00fcm ayr\u0131nt\u0131lar\u0131yla \u00f6\u011frenmek istiyor\u201d dedi.<\/p>\n<p><strong>T\u00fcm detaylar\u0131 \u00e7evreci<\/strong><\/p>\n<p>\u00d6z\u00e7elik, \u2018ye\u015fil bina\u2019 kurgusu kapsam\u0131nda One Tower Diplomatique projesinin t\u00fcm detaylar\u0131n\u0131 \u00e7evreci ve enerji tasarrufu sa\u011flayacak \u015fekilde kurgulad\u0131klar\u0131n\u0131 bildirdi.<\/p>\n<p>Yap\u0131lan \u00e7al\u0131\u015fmalarda hem konut sahiplerinin sa\u011fl\u0131\u011f\u0131n\u0131 hem de \u00e7evreyi d\u00fc\u015f\u00fcnd\u00fcklerinin alt\u0131n\u0131 \u00e7izen \u00d6z\u00e7elik, \u201cAnkara\u2019n\u0131n \u00f6nc\u00fc Leed Gold sertifikas\u0131 aday\u0131 One Tower Diplomatique\u2019de enerji tasarrufundan, at\u0131k su ar\u0131t\u0131m\u0131na; elektrikli ara\u00e7 \u015farj istasyonundan, yal\u0131t\u0131m\u0131na ve daha bir\u00e7ok \u00f6zelli\u011fine kadar \u00e7evreci olma anlay\u0131\u015f\u0131n\u0131 benimsedik. \u015eu an Ba\u015fkent\u2019te tekiz, ancak yak\u0131n gelecekte \u2018ye\u015fil bina\u2019 kurgusunun daha da benimsenece\u011fine inan\u0131yorum. T\u00fcrk konut al\u0131c\u0131s\u0131 i\u00e7in de \u00e7evreci projelerin \u00e7ok daha \u00f6nem kazanaca\u011f\u0131na eminim\u201d dedi.<\/p>\n<p>Kaynak: B\u00fcltenler<\/p>","protected":false},"excerpt":{"rendered":"<p>Sorry, this entry is only available in Turkish. For the sake of viewer convenience, the content is shown below in the alternative language. You may click the link to switch the active language.\u0130klim de\u011fi\u015fikli\u011finin etkilerine kar\u015f\u0131 her sekt\u00f6r kendi alan\u0131nda \u00e7evreci projelere a\u011f\u0131rl\u0131k verirken, bu durum in\u015faat sekt\u00f6r\u00fcne \u2018ye\u015fil bina\u2019 olarak yans\u0131yor. Avrupa\u2019da olduk\u00e7a yayg\u0131n [&hellip;]<\/p>\n","protected":false},"author":1,"featured_media":51251,"comment_status":"open","ping_status":"open","sticky":false,"template":"","format":"standard","meta":[],"categories":[53,52],"tags":[63,67,1009,2698,165,1999,3413,28814,6643,87],"views":846,"_links":{"self":[{"href":"https:\/\/www.enerjigazetesi.ist\/en\/wp-json\/wp\/v2\/posts\/51250"}],"collection":[{"href":"https:\/\/www.enerjigazetesi.ist\/en\/wp-json\/wp\/v2\/posts"}],"about":[{"href":"https:\/\/www.enerjigazetesi.ist\/en\/wp-json\/wp\/v2\/types\/post"}],"author":[{"embeddable":true,"href":"https:\/\/www.enerjigazetesi.ist\/en\/wp-json\/wp\/v2\/users\/1"}],"replies":[{"embeddable":true,"href":"https:\/\/www.enerjigazetesi.ist\/en\/wp-json\/wp\/v2\/comments?post=51250"}],"version-history":[{"count":1,"href":"https:\/\/www.enerjigazetesi.ist\/en\/wp-json\/wp\/v2\/posts\/51250\/revisions"}],"predecessor-version":[{"id":51252,"href":"https:\/\/www.enerjigazetesi.ist\/en\/wp-json\/wp\/v2\/posts\/51250\/revisions\/51252"}],"wp:featuredmedia":[{"embeddable":true,"href":"https:\/\/www.enerjigazetesi.ist\/en\/wp-json\/wp\/v2\/media\/51251"}],"wp:attachment":[{"href":"https:\/\/www.enerjigazetesi.ist\/en\/wp-json\/wp\/v2\/media?parent=51250"}],"wp:term":[{"taxonomy":"category","embeddable":true,"href":"https:\/\/www.enerjigazetesi.ist\/en\/wp-json\/wp\/v2\/categories?post=51250"},{"taxonomy":"post_tag","embeddable":true,"href":"https:\/\/www.enerjigazetesi.ist\/en\/wp-json\/wp\/v2\/tags?post=51250"}],"curies":[{"name":"wp","href":"https:\/\/api.w.org\/{rel}","templated":true}]}}