{"id":51101,"date":"2016-03-02T13:33:59","date_gmt":"2016-03-02T10:33:59","guid":{"rendered":"https:\/\/www.enerjigazetesi.ist\/?p=51101"},"modified":"2016-03-02T13:33:59","modified_gmt":"2016-03-02T10:33:59","slug":"opecin-petrol-uretimini-kisma-karari-almasi-zor","status":"publish","type":"post","link":"https:\/\/www.enerjigazetesi.ist\/en\/opecin-petrol-uretimini-kisma-karari-almasi-zor\/","title":{"rendered":"(Turkish) OPEC\u2019in Petrol \u00dcretimini K\u0131sma Karar\u0131 Almas\u0131 Zor&#8230;"},"content":{"rendered":"<p class=\"qtranxs-available-languages-message qtranxs-available-languages-message-en\">Sorry, this entry is only available in <a href=\"https:\/\/www.enerjigazetesi.ist\/tr\/wp-json\/wp\/v2\/posts\/51101\" class=\"qtranxs-available-language-link qtranxs-available-language-link-tr\" title=\"Turkish\">Turkish<\/a>. For the sake of viewer convenience, the content is shown below in the alternative language. You may click the link to switch the active language.<\/p><p><\/p>\n<p style=\"color: #0a0a0a;\"><strong>Petrol \u0130hra\u00e7 Eden \u00dclkeler \u00d6rg\u00fct\u00fc\u2019n\u00fcn (<span class=\"caps\">OPEC<\/span>) \u00f6n\u00fcm\u00fczdeki Haziran ay\u0131ndaki toplant\u0131s\u0131nda, petrol fiyatlar\u0131n\u0131n a\u015f\u0131r\u0131 d\u00fc\u015f\u00fck seyretmesi halinde dahi \u00fcretimi k\u0131sma karar\u0131 almas\u0131 beklenmiyor.<a href=\"https:\/\/www.enerjigazetesi.ist\/wp-content\/uploads\/2016\/03\/opecin-petrol-uretimini-kisma-karari-almasi-zor.jpg\"><img loading=\"lazy\" class=\"alignright size-medium wp-image-51102\" src=\"https:\/\/www.enerjigazetesi.ist\/wp-content\/uploads\/2016\/03\/opecin-petrol-uretimini-kisma-karari-almasi-zor-300x165.jpg\" alt=\"opecin-petrol-uretimini-kisma-karari-almasi-zor\" width=\"300\" height=\"165\" srcset=\"https:\/\/www.enerjigazetesi.ist\/wp-content\/uploads\/2016\/03\/opecin-petrol-uretimini-kisma-karari-almasi-zor-300x165.jpg 300w, https:\/\/www.enerjigazetesi.ist\/wp-content\/uploads\/2016\/03\/opecin-petrol-uretimini-kisma-karari-almasi-zor-500x276.jpg 500w, https:\/\/www.enerjigazetesi.ist\/wp-content\/uploads\/2016\/03\/opecin-petrol-uretimini-kisma-karari-almasi-zor-80x44.jpg 80w, https:\/\/www.enerjigazetesi.ist\/wp-content\/uploads\/2016\/03\/opecin-petrol-uretimini-kisma-karari-almasi-zor.jpg 696w\" sizes=\"(max-width: 300px) 100vw, 300px\" \/><\/a><\/strong><span id=\"more-76422\"><\/span><\/p>\n<p style=\"color: #0a0a0a;\">\u00d6rg\u00fcte yak\u0131n kaynaklar ve delegelerden elde edilen bilgiler yan\u0131nda \u0130ran\u2019\u0131n \u00fcretim kapasitesini h\u0131zla art\u0131rmas\u0131 ihtimali de bu tahmini g\u00fc\u00e7lendiriyor.<\/p>\n<p style=\"color: #0a0a0a;\">Baz\u0131 Orta Do\u011fulu resmi yetkililer de Suudi Arabistan gibi b\u00fcy\u00fck \u00fcreticilerin \u00fcretim miktar\u0131 konusunda bir karar vermeden \u00f6nce, Rusya\u2019n\u0131n bu konuda, \u00fcretimi dondurdu\u011fu y\u00f6n\u00fcndeki son karar\u0131n\u0131 test etmek isteyece\u011fini belirtiyor.<\/p>\n<p style=\"color: #0a0a0a;\">Rusya Enerji Bakan\u0131 Alexander Novak, \u00fcretim miktar\u0131n\u0131 art\u0131rmama karar\u0131n\u0131 \u0130ranl\u0131 yetkililerle m\u00fczakere etmek i\u00e7in Mart ay\u0131nda bu \u00fclkeye resmi seyahatte bulunacak.<\/p>\n<p style=\"color: #0a0a0a;\">Kaynak: Enerji Enstit\u00fcs\u00fc<\/p>\n<p><\/p>","protected":false},"excerpt":{"rendered":"<p>Sorry, this entry is only available in Turkish. For the sake of viewer convenience, the content is shown below in the alternative language. You may click the link to switch the active language. Petrol \u0130hra\u00e7 Eden \u00dclkeler \u00d6rg\u00fct\u00fc\u2019n\u00fcn (OPEC) \u00f6n\u00fcm\u00fczdeki Haziran ay\u0131ndaki toplant\u0131s\u0131nda, petrol fiyatlar\u0131n\u0131n a\u015f\u0131r\u0131 d\u00fc\u015f\u00fck seyretmesi halinde dahi \u00fcretimi k\u0131sma karar\u0131 almas\u0131 beklenmiyor. [&hellip;]<\/p>\n","protected":false},"author":1,"featured_media":51102,"comment_status":"open","ping_status":"open","sticky":false,"template":"","format":"standard","meta":[],"categories":[53,44],"tags":[63,67,1009,2698,165,22504,1377,19593,59,79,347,2388,6790,887,2522,28742],"views":819,"_links":{"self":[{"href":"https:\/\/www.enerjigazetesi.ist\/en\/wp-json\/wp\/v2\/posts\/51101"}],"collection":[{"href":"https:\/\/www.enerjigazetesi.ist\/en\/wp-json\/wp\/v2\/posts"}],"about":[{"href":"https:\/\/www.enerjigazetesi.ist\/en\/wp-json\/wp\/v2\/types\/post"}],"author":[{"embeddable":true,"href":"https:\/\/www.enerjigazetesi.ist\/en\/wp-json\/wp\/v2\/users\/1"}],"replies":[{"embeddable":true,"href":"https:\/\/www.enerjigazetesi.ist\/en\/wp-json\/wp\/v2\/comments?post=51101"}],"version-history":[{"count":1,"href":"https:\/\/www.enerjigazetesi.ist\/en\/wp-json\/wp\/v2\/posts\/51101\/revisions"}],"predecessor-version":[{"id":51103,"href":"https:\/\/www.enerjigazetesi.ist\/en\/wp-json\/wp\/v2\/posts\/51101\/revisions\/51103"}],"wp:featuredmedia":[{"embeddable":true,"href":"https:\/\/www.enerjigazetesi.ist\/en\/wp-json\/wp\/v2\/media\/51102"}],"wp:attachment":[{"href":"https:\/\/www.enerjigazetesi.ist\/en\/wp-json\/wp\/v2\/media?parent=51101"}],"wp:term":[{"taxonomy":"category","embeddable":true,"href":"https:\/\/www.enerjigazetesi.ist\/en\/wp-json\/wp\/v2\/categories?post=51101"},{"taxonomy":"post_tag","embeddable":true,"href":"https:\/\/www.enerjigazetesi.ist\/en\/wp-json\/wp\/v2\/tags?post=51101"}],"curies":[{"name":"wp","href":"https:\/\/api.w.org\/{rel}","templated":true}]}}