{"id":51033,"date":"2016-02-29T22:40:54","date_gmt":"2016-02-29T19:40:54","guid":{"rendered":"https:\/\/www.enerjigazetesi.ist\/?p=51033"},"modified":"2016-02-29T22:40:54","modified_gmt":"2016-02-29T19:40:54","slug":"gunder-dogru-gunes-ureticileri-korunmali","status":"publish","type":"post","link":"https:\/\/www.enerjigazetesi.ist\/en\/gunder-dogru-gunes-ureticileri-korunmali\/","title":{"rendered":"(Turkish) G\u00dcNDER: Do\u011fru G\u00fcne\u015f \u00dcreticileri Korunmal\u0131&#8230;"},"content":{"rendered":"<p class=\"qtranxs-available-languages-message qtranxs-available-languages-message-en\">Sorry, this entry is only available in <a href=\"https:\/\/www.enerjigazetesi.ist\/tr\/wp-json\/wp\/v2\/posts\/51033\" class=\"qtranxs-available-language-link qtranxs-available-language-link-tr\" title=\"Turkish\">Turkish<\/a>. For the sake of viewer convenience, the content is shown below in the alternative language. You may click the link to switch the active language.<\/p><p><strong>G\u00dcNDER Genel Sekreteri Faruk Telemcio\u011flu, do\u011fru g\u00fcne\u015f enerjisi \u00fcreticilerinin korunmas\u0131 gerekti\u011fini s\u00f6yledi.<a href=\"https:\/\/www.enerjigazetesi.ist\/wp-content\/uploads\/2016\/02\/gunder-dogru-gunes-ureticileri-korunmali.jpg\"><img loading=\"lazy\" class=\"alignright size-medium wp-image-51034\" src=\"https:\/\/www.enerjigazetesi.ist\/wp-content\/uploads\/2016\/02\/gunder-dogru-gunes-ureticileri-korunmali-300x233.jpg\" alt=\"gunder-dogru-gunes-ureticileri-korunmali\" width=\"300\" height=\"233\" srcset=\"https:\/\/www.enerjigazetesi.ist\/wp-content\/uploads\/2016\/02\/gunder-dogru-gunes-ureticileri-korunmali-300x233.jpg 300w, https:\/\/www.enerjigazetesi.ist\/wp-content\/uploads\/2016\/02\/gunder-dogru-gunes-ureticileri-korunmali-64x50.jpg 64w, https:\/\/www.enerjigazetesi.ist\/wp-content\/uploads\/2016\/02\/gunder-dogru-gunes-ureticileri-korunmali.jpg 431w\" sizes=\"(max-width: 300px) 100vw, 300px\" \/><\/a><\/strong><\/p>\n<p>Uluslararas\u0131 G\u00fcne\u015f Enerjisi Toplulu\u011fu T\u00fcrkiye B\u00f6l\u00fcm\u00fc (G\u00dcNDER) taraf\u0131ndan d\u00fczenlenen, T\u00fcrkiye\u2019de G\u00fcne\u015f Enerjisi Yat\u0131r\u0131m F\u0131rsatlar\u0131 ba\u015fl\u0131kl\u0131 toplant\u0131da konu\u015fan G\u00dcNDER Genel Sekreteri Faruk Telemcio\u011flu,yurt i\u00e7inde \u00fcretilen \u00fcr\u00fcnlerin kalite denetimi ve uluslararas\u0131 standartlara uygunlu\u011funun belgelenmesi, ihtisas g\u00fcmr\u00fcklerinin olu\u015fturulmas\u0131, ithal edilen \u00fcr\u00fcnlerin uluslararas\u0131 standartlara uygunlu\u011funun denetimi, sahaya gelen malzemelerin kontrol\u00fc, sahada kurulum s\u0131ras\u0131nda kalite denetimi, finansal kurulu\u015flar ve sigorta firmalar\u0131 i\u00e7in tesis denetim ve belgelendirme i\u015flemlerinin yap\u0131lmas\u0131 gerekti\u011fini ve bu yolla do\u011fru g\u00fcne\u015f \u00fcreticisinin korunmas\u0131 gerekti\u011fini ifade etti.<\/p>\n<p><strong>Y\u00dcKSEK POTANS\u0130YEL KAVGA YARATIYOR<\/strong><\/p>\n<p>T\u00fcrkiye\u2019de 19 g\u00fcne\u015f paneli \u00fcreticisi oldu\u011funu ve toplam y\u0131ll\u0131k 1500 megawatt\u2019l\u0131k \u00fcretim kapasitesi bulundu\u011funu belirtenTelemcio\u011flu, \u201cAs\u0131l kavga, g\u00fcne\u015ften faydalanma olas\u0131l\u0131\u011f\u0131n\u0131n y\u00fcksek olmas\u0131, maliyetlerin d\u00fc\u015fmesi ve karl\u0131 bir yat\u0131r\u0131m alan\u0131 olmas\u0131ndan kaynaklan\u0131yor. \u00dcretim artt\u0131k\u00e7a, yerli \u00fcretim maliyetleri de azalacakt\u0131r\u201d dedi.<\/p>\n<p>Telemcio\u011flu, Aral\u0131k ay\u0131nda Paris\u2019te kabul edilen \u0130klim Anla\u015fmas\u0131 ile beraber, enerji ve enerji politikalar\u0131nda yeni bir d\u00f6neme girildi\u011fini hat\u0131rlatarak \u201cBu d\u00f6nemin en \u00f6nemli g\u00fcndem maddelerinden birinin de g\u00fcne\u015f enerjisinin kullan\u0131m\u0131 olacak\u201d demi\u015fti.<\/p>\n<p>Kaynak: Enerji G\u00fcnl\u00fc\u011f\u00fc<\/p>","protected":false},"excerpt":{"rendered":"<p>Sorry, this entry is only available in Turkish. For the sake of viewer convenience, the content is shown below in the alternative language. You may click the link to switch the active language.G\u00dcNDER Genel Sekreteri Faruk Telemcio\u011flu, do\u011fru g\u00fcne\u015f enerjisi \u00fcreticilerinin korunmas\u0131 gerekti\u011fini s\u00f6yledi. Uluslararas\u0131 G\u00fcne\u015f Enerjisi Toplulu\u011fu T\u00fcrkiye B\u00f6l\u00fcm\u00fc (G\u00dcNDER) taraf\u0131ndan d\u00fczenlenen, T\u00fcrkiye\u2019de G\u00fcne\u015f [&hellip;]<\/p>\n","protected":false},"author":1,"featured_media":51034,"comment_status":"open","ping_status":"open","sticky":false,"template":"","format":"standard","meta":[],"categories":[53,49],"tags":[63,67,1009,2698,165,24182,1382,227,13,23133,22975,4269,28723],"views":941,"_links":{"self":[{"href":"https:\/\/www.enerjigazetesi.ist\/en\/wp-json\/wp\/v2\/posts\/51033"}],"collection":[{"href":"https:\/\/www.enerjigazetesi.ist\/en\/wp-json\/wp\/v2\/posts"}],"about":[{"href":"https:\/\/www.enerjigazetesi.ist\/en\/wp-json\/wp\/v2\/types\/post"}],"author":[{"embeddable":true,"href":"https:\/\/www.enerjigazetesi.ist\/en\/wp-json\/wp\/v2\/users\/1"}],"replies":[{"embeddable":true,"href":"https:\/\/www.enerjigazetesi.ist\/en\/wp-json\/wp\/v2\/comments?post=51033"}],"version-history":[{"count":1,"href":"https:\/\/www.enerjigazetesi.ist\/en\/wp-json\/wp\/v2\/posts\/51033\/revisions"}],"predecessor-version":[{"id":51035,"href":"https:\/\/www.enerjigazetesi.ist\/en\/wp-json\/wp\/v2\/posts\/51033\/revisions\/51035"}],"wp:featuredmedia":[{"embeddable":true,"href":"https:\/\/www.enerjigazetesi.ist\/en\/wp-json\/wp\/v2\/media\/51034"}],"wp:attachment":[{"href":"https:\/\/www.enerjigazetesi.ist\/en\/wp-json\/wp\/v2\/media?parent=51033"}],"wp:term":[{"taxonomy":"category","embeddable":true,"href":"https:\/\/www.enerjigazetesi.ist\/en\/wp-json\/wp\/v2\/categories?post=51033"},{"taxonomy":"post_tag","embeddable":true,"href":"https:\/\/www.enerjigazetesi.ist\/en\/wp-json\/wp\/v2\/tags?post=51033"}],"curies":[{"name":"wp","href":"https:\/\/api.w.org\/{rel}","templated":true}]}}