{"id":50986,"date":"2016-02-28T22:03:30","date_gmt":"2016-02-28T19:03:30","guid":{"rendered":"https:\/\/www.enerjigazetesi.ist\/?p=50986"},"modified":"2016-02-28T22:03:30","modified_gmt":"2016-02-28T19:03:30","slug":"uedas-yalova-trafo-merkezinin-guc-kapasitesini-arttirdi","status":"publish","type":"post","link":"https:\/\/www.enerjigazetesi.ist\/en\/uedas-yalova-trafo-merkezinin-guc-kapasitesini-arttirdi\/","title":{"rendered":"(Turkish) UEDA\u015e Yalova Trafo Merkezinin G\u00fc\u00e7 Kapasitesini Artt\u0131rd\u0131&#8230;"},"content":{"rendered":"<p class=\"qtranxs-available-languages-message qtranxs-available-languages-message-en\">Sorry, this entry is only available in <a href=\"https:\/\/www.enerjigazetesi.ist\/tr\/wp-json\/wp\/v2\/posts\/50986\" class=\"qtranxs-available-language-link qtranxs-available-language-link-tr\" title=\"Turkish\">Turkish<\/a>. For the sake of viewer convenience, the content is shown below in the alternative language. You may click the link to switch the active language.<\/p><p><\/p>\n<p style=\"color: #363636;\"><strong>Yalova\u2019da son y\u0131llarda meydana gelen ekonomik geli\u015fme ve b\u00fcy\u00fcme ile birlikte artan enerji ihtiyac\u0131 b\u00f6lgeye elektrik da\u011f\u0131t\u0131m\u0131n\u0131 sa\u011flayan Uluda\u011f Elektrik Da\u011f\u0131t\u0131m A.\u015e. (UEDA\u015e)\u2019yi harekete ge\u00e7irdi.<\/strong><\/p>\n<p style=\"color: #363636;\">Yeni olu\u015fan yerle\u015fim yerleri ve \u00f6zellikle yaz aylar\u0131nda n\u00fcfusun artmas\u0131yla beraber artan elektrik enerji ih<a href=\"https:\/\/www.enerjigazetesi.ist\/wp-content\/uploads\/2016\/02\/uedas-yalova-trafo-merkezinin-guc-kapasitesini-arttirdi.jpg\"><img loading=\"lazy\" class=\"alignright  wp-image-50987\" src=\"https:\/\/www.enerjigazetesi.ist\/wp-content\/uploads\/2016\/02\/uedas-yalova-trafo-merkezinin-guc-kapasitesini-arttirdi.jpg\" alt=\"uedas-yalova-trafo-merkezinin-guc-kapasitesini-arttirdi\" width=\"300\" height=\"204\" \/><\/a>tiyac\u0131 dolay\u0131s\u0131yla enerji taleplerinin kar\u015f\u0131lanmas\u0131 amac\u0131yla mevcut elektrik \u015febekelerinde iyile\u015ftirme yapan UEDA\u015e, Yalova\u2019n\u0131n elektrik ihtiyac\u0131n\u0131 kar\u015f\u0131layan da\u011f\u0131t\u0131m merkezinde trafolar\u0131n g\u00fc\u00e7 kapasitesini y\u00fczde 50 oran\u0131nda artt\u0131rarak 150 MVA\u2019a y\u00fckseltti. Yeni g\u00fcc\u00fcn devreye girmesiyle birlikte Yaloval\u0131lar\u0131n enerji ihtiya\u00e7lar\u0131 daha kaliteli ve kesintisiz bir \u015fekilde kar\u015f\u0131lanabilecek.<\/p>\n<p style=\"color: #363636;\">Uluda\u011f Elektrik Da\u011f\u0131t\u0131m Kurumsal \u0130leti\u015fim M\u00fcd\u00fcrl\u00fc\u011f\u00fc\u2019nden konuyla ilgili yap\u0131lan a\u00e7\u0131klamada \u015fu bilgilere yer verildi:<\/p>\n<p style=\"color: #363636;\">\u201cHizmet b\u00f6lgemizdeki m\u00fc\u015fterilerimize kaliteli ve kesintisiz elektrik enerjisi sunulmas\u0131 en temel hedeflerimiz aras\u0131nda yer al\u0131yor. Yalova\u2019y\u0131 besleyen 100 MVA\u2019l\u0131k trafo merkezinin g\u00fc\u00e7 kapasitesinin k\u0131\u015f aylar\u0131nda y\u00fczde 90\u2032a ula\u015fmas\u0131 nedeniyle artan ihtiyaca cevap verebilmek ve kaliteli enerji ak\u0131\u015f\u0131 sa\u011flamak i\u00e7in TE\u0130A\u015e ile yap\u0131lan ortak \u00e7al\u0131\u015fma ile g\u00fc\u00e7 art\u0131r\u0131m\u0131 yap\u0131larak yeni kurulu g\u00fcc\u00fc devreye ald\u0131k. Bu kapsamda mevcut \u015fartlarda Yalova\u2019y\u0131 besleyen 50 MVA\u2019l\u0131k 2 trafodan biri 100 MVA\u2019l\u0131k trafo ile de\u011fi\u015ftirilerek trafo merkezinin g\u00fcc\u00fc 150 MVA\u2019a y\u00fckseltildi. Yap\u0131lan g\u00fc\u00e7lendirme ile b\u00f6lgenin b\u00fcy\u00fcyen potansiyeline kar\u015f\u0131l\u0131k gelen enerji taleplerini kar\u015f\u0131lanmas\u0131n\u0131 sa\u011flayarak hizmet kalitemizi art\u0131rmay\u0131 hedefliyoruz.\u201d<\/p>\n<p style=\"color: #363636;\">A\u00e7\u0131klamada ayr\u0131ca, b\u00f6lgede olu\u015fabilecek enerji kesintilerine \u00f6nlem almak amac\u0131yla bak\u0131m faaliyetlerine devam edilmekte oldu\u011fu belirtilerek, bu \u00e7al\u0131\u015fmalar\u0131n program dahilinde bitirilmesi \u00f6ncelikli hedeflerin aras\u0131nda yer ald\u0131\u011f\u0131 kaydedildi.<\/p>\n<p style=\"color: #363636;\">Kaynak: \u0130HA<\/p>\n<p><\/p>","protected":false},"excerpt":{"rendered":"<p>Sorry, this entry is only available in Turkish. For the sake of viewer convenience, the content is shown below in the alternative language. You may click the link to switch the active language. Yalova\u2019da son y\u0131llarda meydana gelen ekonomik geli\u015fme ve b\u00fcy\u00fcme ile birlikte artan enerji ihtiyac\u0131 b\u00f6lgeye elektrik da\u011f\u0131t\u0131m\u0131n\u0131 sa\u011flayan Uluda\u011f Elektrik Da\u011f\u0131t\u0131m A.\u015e. [&hellip;]<\/p>\n","protected":false},"author":1,"featured_media":50987,"comment_status":"open","ping_status":"open","sticky":false,"template":"","format":"standard","meta":[],"categories":[51,53],"tags":[4462,68,1266,61,19638,1451,2873,63,67,1009,2698,165,2227,28709,10698],"views":856,"_links":{"self":[{"href":"https:\/\/www.enerjigazetesi.ist\/en\/wp-json\/wp\/v2\/posts\/50986"}],"collection":[{"href":"https:\/\/www.enerjigazetesi.ist\/en\/wp-json\/wp\/v2\/posts"}],"about":[{"href":"https:\/\/www.enerjigazetesi.ist\/en\/wp-json\/wp\/v2\/types\/post"}],"author":[{"embeddable":true,"href":"https:\/\/www.enerjigazetesi.ist\/en\/wp-json\/wp\/v2\/users\/1"}],"replies":[{"embeddable":true,"href":"https:\/\/www.enerjigazetesi.ist\/en\/wp-json\/wp\/v2\/comments?post=50986"}],"version-history":[{"count":1,"href":"https:\/\/www.enerjigazetesi.ist\/en\/wp-json\/wp\/v2\/posts\/50986\/revisions"}],"predecessor-version":[{"id":50988,"href":"https:\/\/www.enerjigazetesi.ist\/en\/wp-json\/wp\/v2\/posts\/50986\/revisions\/50988"}],"wp:featuredmedia":[{"embeddable":true,"href":"https:\/\/www.enerjigazetesi.ist\/en\/wp-json\/wp\/v2\/media\/50987"}],"wp:attachment":[{"href":"https:\/\/www.enerjigazetesi.ist\/en\/wp-json\/wp\/v2\/media?parent=50986"}],"wp:term":[{"taxonomy":"category","embeddable":true,"href":"https:\/\/www.enerjigazetesi.ist\/en\/wp-json\/wp\/v2\/categories?post=50986"},{"taxonomy":"post_tag","embeddable":true,"href":"https:\/\/www.enerjigazetesi.ist\/en\/wp-json\/wp\/v2\/tags?post=50986"}],"curies":[{"name":"wp","href":"https:\/\/api.w.org\/{rel}","templated":true}]}}