{"id":50966,"date":"2016-02-28T13:20:23","date_gmt":"2016-02-28T10:20:23","guid":{"rendered":"https:\/\/www.enerjigazetesi.ist\/?p=50966"},"modified":"2016-02-28T13:20:23","modified_gmt":"2016-02-28T10:20:23","slug":"corum-ticaret-odasi-gunes-enerjisinden-elektrik-uretiyor","status":"publish","type":"post","link":"https:\/\/www.enerjigazetesi.ist\/en\/corum-ticaret-odasi-gunes-enerjisinden-elektrik-uretiyor\/","title":{"rendered":"(Turkish) \u00c7orum Ticaret Odas\u0131 G\u00fcne\u015f Enerjisinden Elektrik \u00dcretiyor!"},"content":{"rendered":"<p class=\"qtranxs-available-languages-message qtranxs-available-languages-message-en\">Sorry, this entry is only available in <a href=\"https:\/\/www.enerjigazetesi.ist\/tr\/wp-json\/wp\/v2\/posts\/50966\" class=\"qtranxs-available-language-link qtranxs-available-language-link-tr\" title=\"Turkish\">Turkish<\/a>. For the sake of viewer convenience, the content is shown below in the alternative language. You may click the link to switch the active language.<\/p><p><\/p>\n<p style=\"color: #666666;\"><span style=\"font-weight: bold; color: #222222;\">\u00c7orum Ticaret ve Sanayi Odas\u0131 (TSO) taraf\u0131ndan hayata ge\u00e7irilen g\u00fcne\u015f enerjisi sistemiyle \u00fcretilen elektrikle hem hizmet binas\u0131 ile fuar kompleksinin enerji ihtiyac\u0131 kar\u015f\u0131lan\u0131yor hem de fazla elektrik sat\u0131larak gelir sa\u011flan\u0131yor.<\/span><\/p>\n<p style=\"color: #666666;\">\u00c7orum Ticaret ve Sanayi Odas\u0131 (TSO) taraf\u0131ndan Orta Karadeniz Kalk\u0131nma Ajans\u0131n\u0131n (OKA) deste\u011fiyle <a href=\"https:\/\/www.enerjigazetesi.ist\/wp-content\/uploads\/2016\/02\/corum-ticaret-odasi-gunes-enerjisinden-elektrik-uretiyor.jpg\"><img loading=\"lazy\" class=\"alignright  wp-image-50967\" src=\"https:\/\/www.enerjigazetesi.ist\/wp-content\/uploads\/2016\/02\/corum-ticaret-odasi-gunes-enerjisinden-elektrik-uretiyor-300x110.jpg\" alt=\"corum-ticaret-odasi-gunes-enerjisinden-elektrik-uretiyor\" width=\"300\" height=\"171\" \/><\/a>hayata ge\u00e7irilen\u00a0<span style=\"font-weight: bold; color: #222222;\">g\u00fcne\u015f enerjisi sistemiyle\u00a0<\/span>\u00fcretilen\u00a0<span style=\"font-weight: bold; color: #222222;\">elektrikle<\/span>\u00a0hem hizmet binas\u0131 ile fuar kompleksinin\u00a0<span style=\"font-weight: bold; color: #222222;\">enerji ihtiyac\u0131\u00a0<\/span>kar\u015f\u0131lan\u0131yor hem de fazla\u00a0<span style=\"font-weight: bold; color: #222222;\">elektrik\u00a0<\/span>sat\u0131larak gelir sa\u011flan\u0131yor.<\/p>\n<p style=\"color: #666666;\">\u00c7orum TSO Y\u00f6netim Kurulu Ba\u015fkan\u0131 \u00c7etin Ba\u015faranh\u0131ncal, a\u00e7\u0131klamada, T\u00fcrkiye\u2019nin en b\u00fcy\u00fck ithalat giderlerinden birinin\u00a0<span style=\"font-weight: bold; color: #222222;\">enerji<\/span>\u00a0oldu\u011funu hat\u0131rlatarak, cari a\u00e7\u0131\u011f\u0131n kapat\u0131lmas\u0131na katk\u0131 sa\u011flamak amac\u0131yla OKA deste\u011fiyle \u201cG\u00fcne\u015f Enerjisinden Elektrik \u00dcretilmesi\u201d projesini hayata ge\u00e7irdiklerini s\u00f6yledi.<\/p>\n<p style=\"color: #666666;\">Yakla\u015f\u0131k bir milyon liray\u0131 bulan proje b\u00fct\u00e7esinin y\u00fczde 75\u2019inin OKA taraf\u0131ndan kar\u015f\u0131land\u0131\u011f\u0131n\u0131 bildiren Ba\u015faranh\u0131ncal, TSO\u2019ya ait fuar ve sergi kompleksinin \u00e7at\u0131s\u0131n\u0131n \u00fczerine yerle\u015ftirilen 932 g\u00fcne\u015f enerjisi panelinden saatte 233 kilovat elektrik \u00fcretildi\u011fini anlatt\u0131.<\/p>\n<p style=\"color: #666666;\">Haberin devam\u0131 i\u00e7in<a style=\"color: #fc8d8d;\" href=\"http:\/\/www.enerjirehberi.com\/gunesten-urettigi-elektrigi-hem-kullaniyor-hem-8189751-haberi\/\" target=\"_blank\">\u00a0t\u0131klay\u0131n&gt;&gt;&gt;<\/a><\/p>\n<p style=\"color: #666666;\">Kaynak: Son Dakika<\/p>\n<p>&nbsp;<\/p>","protected":false},"excerpt":{"rendered":"<p>Sorry, this entry is only available in Turkish. For the sake of viewer convenience, the content is shown below in the alternative language. You may click the link to switch the active language. \u00c7orum Ticaret ve Sanayi Odas\u0131 (TSO) taraf\u0131ndan hayata ge\u00e7irilen g\u00fcne\u015f enerjisi sistemiyle \u00fcretilen elektrikle hem hizmet binas\u0131 ile fuar kompleksinin enerji ihtiyac\u0131 [&hellip;]<\/p>\n","protected":false},"author":1,"featured_media":50967,"comment_status":"open","ping_status":"open","sticky":false,"template":"","format":"standard","meta":[],"categories":[51,53,49],"tags":[2873,19,63,67,1009,2698,165,227,13,23133,22975,4269],"views":1130,"_links":{"self":[{"href":"https:\/\/www.enerjigazetesi.ist\/en\/wp-json\/wp\/v2\/posts\/50966"}],"collection":[{"href":"https:\/\/www.enerjigazetesi.ist\/en\/wp-json\/wp\/v2\/posts"}],"about":[{"href":"https:\/\/www.enerjigazetesi.ist\/en\/wp-json\/wp\/v2\/types\/post"}],"author":[{"embeddable":true,"href":"https:\/\/www.enerjigazetesi.ist\/en\/wp-json\/wp\/v2\/users\/1"}],"replies":[{"embeddable":true,"href":"https:\/\/www.enerjigazetesi.ist\/en\/wp-json\/wp\/v2\/comments?post=50966"}],"version-history":[{"count":1,"href":"https:\/\/www.enerjigazetesi.ist\/en\/wp-json\/wp\/v2\/posts\/50966\/revisions"}],"predecessor-version":[{"id":50968,"href":"https:\/\/www.enerjigazetesi.ist\/en\/wp-json\/wp\/v2\/posts\/50966\/revisions\/50968"}],"wp:featuredmedia":[{"embeddable":true,"href":"https:\/\/www.enerjigazetesi.ist\/en\/wp-json\/wp\/v2\/media\/50967"}],"wp:attachment":[{"href":"https:\/\/www.enerjigazetesi.ist\/en\/wp-json\/wp\/v2\/media?parent=50966"}],"wp:term":[{"taxonomy":"category","embeddable":true,"href":"https:\/\/www.enerjigazetesi.ist\/en\/wp-json\/wp\/v2\/categories?post=50966"},{"taxonomy":"post_tag","embeddable":true,"href":"https:\/\/www.enerjigazetesi.ist\/en\/wp-json\/wp\/v2\/tags?post=50966"}],"curies":[{"name":"wp","href":"https:\/\/api.w.org\/{rel}","templated":true}]}}