{"id":50963,"date":"2016-02-28T00:38:49","date_gmt":"2016-02-27T21:38:49","guid":{"rendered":"https:\/\/www.enerjigazetesi.ist\/?p=50963"},"modified":"2016-02-28T00:38:49","modified_gmt":"2016-02-27T21:38:49","slug":"turkiyede-36-4-milyon-insan-enerji-yoksulu","status":"publish","type":"post","link":"https:\/\/www.enerjigazetesi.ist\/en\/turkiyede-36-4-milyon-insan-enerji-yoksulu\/","title":{"rendered":"(Turkish) T\u00fcrkiye\u2019de 36.4 Milyon \u0130nsan Enerji Yoksulu&#8230;"},"content":{"rendered":"<p class=\"qtranxs-available-languages-message qtranxs-available-languages-message-en\">Sorry, this entry is only available in <a href=\"https:\/\/www.enerjigazetesi.ist\/tr\/wp-json\/wp\/v2\/posts\/50963\" class=\"qtranxs-available-language-link qtranxs-available-language-link-tr\" title=\"Turkish\">Turkish<\/a>. For the sake of viewer convenience, the content is shown below in the alternative language. You may click the link to switch the active language.<\/p><p><span style=\"font-weight: bold; color: #242424;\">Adana\u2019da d\u00fczenlenen Yenilenebilir Enerji Kaynaklar\u0131 Sempozyumu&#8217;nda konu\u015fan EMO Enerji \u00c7al\u0131\u015fma Grubu \u00dcyesi Kemal Ulusaler, enerjinin; e\u011fitim, bar\u0131nma, sa\u011fl\u0131k, g\u0131daya ula\u015f\u0131m gibi insan haklar\u0131 i\u00e7erisinde yer ald\u0131\u011f\u0131n\u0131n alt\u0131n\u0131 \u00e7izdi.<\/span><\/p>\n<p style=\"color: #4d4e53;\">TMMOB Elektrik M\u00fchendisleri Odas\u0131 (EMO) Enerji \u00c7al\u0131\u015fma Grubu \u00dcyesi Kemal Ulusaler, enerji yoksullu\u011fu i\u00e7in e\u015fik de\u011ferlerin bulundu<a href=\"https:\/\/www.enerjigazetesi.ist\/wp-content\/uploads\/2016\/02\/turkiyede-36-4-milyon-insan-enerji-yoksulu.jpg\"><img loading=\"lazy\" class=\"alignleft size-medium wp-image-50964\" src=\"https:\/\/www.enerjigazetesi.ist\/wp-content\/uploads\/2016\/02\/turkiyede-36-4-milyon-insan-enerji-yoksulu-300x153.jpg\" alt=\"turkiyede-36-4-milyon-insan-enerji-yoksulu\" width=\"300\" height=\"153\" srcset=\"https:\/\/www.enerjigazetesi.ist\/wp-content\/uploads\/2016\/02\/turkiyede-36-4-milyon-insan-enerji-yoksulu-300x153.jpg 300w, https:\/\/www.enerjigazetesi.ist\/wp-content\/uploads\/2016\/02\/turkiyede-36-4-milyon-insan-enerji-yoksulu-500x255.jpg 500w, https:\/\/www.enerjigazetesi.ist\/wp-content\/uploads\/2016\/02\/turkiyede-36-4-milyon-insan-enerji-yoksulu-80x40.jpg 80w, https:\/\/www.enerjigazetesi.ist\/wp-content\/uploads\/2016\/02\/turkiyede-36-4-milyon-insan-enerji-yoksulu.jpg 685w\" sizes=\"(max-width: 300px) 100vw, 300px\" \/><\/a>\u011funu belirterek, T\u00fcrkiye\u2019de hane halk\u0131n\u0131n ayl\u0131k gelirinin y\u00fczde 25\u2019ten fazlas\u0131n\u0131 enerjiye harcad\u0131\u011f\u0131n\u0131 vurgulad\u0131. Ulusaler, T\u00dc\u0130K verilerine g\u00f6re 36.4 milyon insan\u0131n \u201cenerji yoksullu\u011fu\u201d i\u00e7inde oldu\u011funun alt\u0131n\u0131 \u00e7izdi.<\/p>\n<p style=\"color: #4d4e53;\">Adana\u2019da d\u00fczenlenen \u201cYenilenebilir Enerji Kaynaklar\u0131 Sempozyumu (YEKSEM)\u201d ile yenilenebilir enerji kaynaklar\u0131n\u0131n sosyal boyutu tart\u0131\u015f\u0131ld\u0131. Panelde, yenilenebilir enerji kaynaklar\u0131n\u0131n do\u011fa ve insanla uyumlu olarak de\u011ferlendirilmesi gerekti\u011fi vurguland\u0131.<\/p>\n<p style=\"color: #4d4e53;\">TMMOB Y\u00fcksek Onur Kurulu \u00dcyesi Cengiz G\u00f6lta\u015f\u2019\u0131n ba\u015fkanl\u0131\u011f\u0131n\u0131 yapt\u0131\u011f\u0131 panelde konu\u015fan EMO Enerji \u00c7al\u0131\u015fma Grubu \u00dcyesi Kemal Ulusaler, enerjinin de e\u011fitim, bar\u0131nma, sa\u011fl\u0131k, g\u0131daya ula\u015f\u0131m gibi insan haklar\u0131 i\u00e7erisinde yer ald\u0131\u011f\u0131n\u0131 belirtti. Refah ortam\u0131nda ya\u015fam\u0131n\u0131 s\u00fcrd\u00fcremeyen insanlar\u0131n bu t\u00fcr haklara eri\u015fim imkan\u0131n\u0131n olmad\u0131\u011f\u0131n\u0131 s\u00f6yleyen Ulusaler, D\u00fcnya Enerji Konseyi \u0130cra Direkt\u00f6r\u00fc Fatih Birol\u2019in 2030 y\u0131l\u0131na ili\u015fkin enerjide \u00f6ng\u00f6r\u00fclen \u201cenerji arz g\u00fcvenli\u011fi, iklim de\u011fi\u015fikli\u011fi ve enerji yoksullu\u011fu\u201d olmak \u00fczere \u00fc\u00e7 temel soruna ili\u015fkin a\u00e7\u0131klamas\u0131n\u0131 an\u0131msatt\u0131. Enerji yoksullu\u011fu Karadeniz, Do\u011fu ve G\u00fcneydo\u011fu Anadolu\u2019da y\u00fcksek Enerji yoksullu\u011fu i\u00e7in e\u015fik de\u011ferlerin bulundu\u011funa dikkat \u00e7eken Ulusaler, T\u00fcrkiye\u2019de hane halk\u0131n\u0131n ayl\u0131k gelirinin y\u00fczde 25\u2019ten fazlas\u0131n\u0131 enerjiye harcamas\u0131 halinde bu durumun \u201cenerji yoksulu\u201d olarak nitelendirildi\u011fini belirtti. Ulusaler, bunun i\u00e7in de suyun y\u00fczde 3, elektri\u011fin y\u00fczde 10 paya sahip oldu\u011funu ve e\u015fik de\u011ferler aras\u0131nda asl\u0131nda bir enerji kullan\u0131m\u0131 olmas\u0131na kar\u015f\u0131n ula\u015f\u0131m\u0131n da dahil olmad\u0131\u011f\u0131n\u0131 s\u00f6yledi. T\u00dc\u0130K verilerine g\u00f6re 36.4 milyon insan\u0131n \u201cenerji yoksunlu\u011fu\u201d i\u00e7inde oldu\u011funu, bu rakam\u0131n \u00f6zellikle Karadeniz ve i\u00e7 kesimlerde, Do\u011fu ve G\u00fcneydo\u011fu\u2019da y\u00fcksek oldu\u011funu vurgulad\u0131. Toplant\u0131da konu\u015fan gazeteci, yazar \u00d6zg\u00fcr G\u00fcrb\u00fcz de enerji \u00fcretiminde \u00e7evrenin \u00f6n planda tutuldu\u011fu politikalar\u0131n ilgilenilmesi gerekti\u011finin alt\u0131n\u0131 \u00e7izdi.<\/p>\n<p style=\"color: #4d4e53;\">Kaynak: <a href=\"http:\/\/www.dunya.com\/b-stylecolor-greensurdurulebilirb-dunya\/turkiyede-36-4-milyon-insan-enerji-yoksulu-278492h.htm\" target=\"_blank\" rel=\"nofollow\">D\u00fcnya<\/a><\/p>\n<p><\/p>","protected":false},"excerpt":{"rendered":"<p>Sorry, this entry is only available in Turkish. For the sake of viewer convenience, the content is shown below in the alternative language. You may click the link to switch the active language.Adana\u2019da d\u00fczenlenen Yenilenebilir Enerji Kaynaklar\u0131 Sempozyumu&#8217;nda konu\u015fan EMO Enerji \u00c7al\u0131\u015fma Grubu \u00dcyesi Kemal Ulusaler, enerjinin; e\u011fitim, bar\u0131nma, sa\u011fl\u0131k, g\u0131daya ula\u015f\u0131m gibi insan haklar\u0131 [&hellip;]<\/p>\n","protected":false},"author":1,"featured_media":50964,"comment_status":"open","ping_status":"open","sticky":false,"template":"","format":"standard","meta":[],"categories":[51,53],"tags":[63,67,1009,2698,165,28706,1296,1104,28705],"views":772,"_links":{"self":[{"href":"https:\/\/www.enerjigazetesi.ist\/en\/wp-json\/wp\/v2\/posts\/50963"}],"collection":[{"href":"https:\/\/www.enerjigazetesi.ist\/en\/wp-json\/wp\/v2\/posts"}],"about":[{"href":"https:\/\/www.enerjigazetesi.ist\/en\/wp-json\/wp\/v2\/types\/post"}],"author":[{"embeddable":true,"href":"https:\/\/www.enerjigazetesi.ist\/en\/wp-json\/wp\/v2\/users\/1"}],"replies":[{"embeddable":true,"href":"https:\/\/www.enerjigazetesi.ist\/en\/wp-json\/wp\/v2\/comments?post=50963"}],"version-history":[{"count":1,"href":"https:\/\/www.enerjigazetesi.ist\/en\/wp-json\/wp\/v2\/posts\/50963\/revisions"}],"predecessor-version":[{"id":50965,"href":"https:\/\/www.enerjigazetesi.ist\/en\/wp-json\/wp\/v2\/posts\/50963\/revisions\/50965"}],"wp:featuredmedia":[{"embeddable":true,"href":"https:\/\/www.enerjigazetesi.ist\/en\/wp-json\/wp\/v2\/media\/50964"}],"wp:attachment":[{"href":"https:\/\/www.enerjigazetesi.ist\/en\/wp-json\/wp\/v2\/media?parent=50963"}],"wp:term":[{"taxonomy":"category","embeddable":true,"href":"https:\/\/www.enerjigazetesi.ist\/en\/wp-json\/wp\/v2\/categories?post=50963"},{"taxonomy":"post_tag","embeddable":true,"href":"https:\/\/www.enerjigazetesi.ist\/en\/wp-json\/wp\/v2\/tags?post=50963"}],"curies":[{"name":"wp","href":"https:\/\/api.w.org\/{rel}","templated":true}]}}