{"id":50954,"date":"2016-02-28T00:14:07","date_gmt":"2016-02-27T21:14:07","guid":{"rendered":"https:\/\/www.enerjigazetesi.ist\/?p=50954"},"modified":"2016-02-28T00:14:07","modified_gmt":"2016-02-27T21:14:07","slug":"dagitimda-fiziki-kriteri-tutturamayanlar-calisamayacak","status":"publish","type":"post","link":"https:\/\/www.enerjigazetesi.ist\/en\/dagitimda-fiziki-kriteri-tutturamayanlar-calisamayacak\/","title":{"rendered":"(Turkish) Da\u011f\u0131t\u0131mda Fiziki Kriteri Tutturamayanlar \u00c7al\u0131\u015famayacak!"},"content":{"rendered":"<p class=\"qtranxs-available-languages-message qtranxs-available-languages-message-en\">Sorry, this entry is only available in <a href=\"https:\/\/www.enerjigazetesi.ist\/tr\/wp-json\/wp\/v2\/posts\/50954\" class=\"qtranxs-available-language-link qtranxs-available-language-link-tr\" title=\"Turkish\">Turkish<\/a>. For the sake of viewer convenience, the content is shown below in the alternative language. You may click the link to switch the active language.<\/p><p><\/p>\n<p style=\"color: #363636;\"><strong>T\u00fcrkiye Elektrik ve Da\u011f\u0131t\u0131m A.\u015e. (TEDA\u015e) Genel M\u00fcd\u00fcr\u00fc M\u00fckremin \u00c7epni, elektrik da\u011f\u0131t\u0131m sekt\u00f6r\u00fcnde \u00e7al\u0131\u015fanlar i\u00e7in mesleki kriterler getirilece\u011fini belirterek, i\u015fe uygun personel se\u00e7iminin bilimsel, t\u0131bbi ve psikolojik y\u00f6ntemlerle belirlenece\u011fini kaydetti.<\/strong><\/p>\n<p style=\"color: #363636;\">Yeni \u00e7al\u0131\u015fmayla elektrik da\u011f\u0131t\u0131m sekt\u00f6r\u00fcnde \u00e7al\u0131\u015fan personele, boy, kilo, refleks, i\u015fitme, ya\u015f gibi s\u0131n\u0131rlar get<a href=\"https:\/\/www.enerjigazetesi.ist\/wp-content\/uploads\/2016\/02\/dagitimda-fiziki-kriteri-tutturamayanlar-calisamayacak.jpg\"><img loading=\"lazy\" class=\"alignright  wp-image-50955\" src=\"https:\/\/www.enerjigazetesi.ist\/wp-content\/uploads\/2016\/02\/dagitimda-fiziki-kriteri-tutturamayanlar-calisamayacak.jpg\" alt=\"dagitimda-fiziki-kriteri-tutturamayanlar-calisamayacak\" width=\"300\" height=\"191\" \/><\/a>irilecek.<\/p>\n<p style=\"color: #363636;\">B\u00f6ylece arazide elektrik dire\u011fine belirlenen s\u0131n\u0131r kriterini tutturamayanlar \u00e7\u0131kamayacak. T\u00fcrkiye\u2019de i\u015fg\u00fcc\u00fc piyasas\u0131n\u0131n en riskli sekt\u00f6rlerden birisi olan elektrik da\u011f\u0131t\u0131m sekt\u00f6r\u00fcnde, 2000\u2032li y\u0131llarda y\u0131lda yakla\u015f\u0131k 30 ki\u015fi hayat\u0131n\u0131 kaybederken, say\u0131n\u0131n son y\u0131llarda 18\u2032e geriledi\u011fi, ancak hala en riskli sekt\u00f6r oldu\u011fu belirtiliyor. Bunun \u00fczerine harekete ge\u00e7en Enerji ve Tabii Kaynaklar Bakanl\u0131\u011f\u0131, da\u011f\u0131t\u0131m sekt\u00f6r\u00fcnde i\u015fleri s\u0131n\u0131fland\u0131rmaya ba\u015flad\u0131.<\/p>\n<p style=\"color: #363636;\">Elektrik Da\u011f\u0131t\u0131m Derne\u011fi (ELDER) ile \u00c7al\u0131\u015fma ve Sosyal G\u00fcvenlik Bakanl\u0131\u011f\u0131\u2019n\u0131n da yer ald\u0131\u011f\u0131 \u00e7al\u0131\u015fma TEDA\u015e\u2019\u0131n koordinasyonda y\u00fcr\u00fct\u00fcl\u00fcyor.<\/p>\n<p style=\"color: #363636;\">Elektrik Da\u011f\u0131t\u0131m Sekt\u00f6r\u00fcnde \u0130\u015f Sa\u011fl\u0131\u011f\u0131 ve G\u00fcvenli\u011fi Kongresi\u2019nde konu\u015fan TEDA\u015e Genel M\u00fcd\u00fcr\u00fc M\u00fckremin \u00c7epni, \u201cBiz insan\u0131m\u0131z\u0131 koruyamazsak hi\u00e7 bir \u015feyde ba\u015far\u0131l\u0131 olamay\u0131z\u201d dedi. \u00c7epni, \u0130\u015fg\u00fcc\u00fc \u00d6l\u00e7me ve De\u011ferlendirme Merkezi kuruldu\u011funu belirterek, \u201c\u0130\u015fe uygun ki\u015fiyi se\u00e7mezseniz ba\u015far\u0131l\u0131 olmas\u0131 \u00e7ok zor. Hem mesleki yeterlilik kurumumuz hem de ELDER\u2019le da\u011f\u0131t\u0131mdaki i\u015f s\u00fcre\u00e7lerini belirledik. Buna g\u00f6re olmas\u0131 gereken insan portf\u00f6y\u00fc de belirlenecek. Bu merkezdeki i\u015fe uygun insan\u0131n se\u00e7imi bilimsel, t\u0131bbi ve psikolojik y\u00f6ntemlerle belirlemeye ba\u015flayaca\u011f\u0131z.<\/p>\n<p style=\"color: #363636;\">E\u011fitime kat\u0131lan ki\u015fi e\u011fer uygunsa o i\u015fte \u00e7al\u0131\u015fmaya devam edecek. E\u011fer uygun de\u011filse sekt\u00f6rde ba\u015fka bir alanda de\u011ferlendirilecek\u201d a\u00e7\u0131klamas\u0131n\u0131 yapt\u0131. \u00c7epni, uygulamay\u0131 anlat\u0131rken, futbol kul\u00fcplerinin sporcu al\u0131rken check-up\u2019tan ge\u00e7irmesi \u00f6rne\u011fini verdi. \u00c7epni, riski en y\u00fcksek sekt\u00f6rlerden biri oldu\u011fu i\u00e7in bu kriterleri getirdiklerini belirterek, \u201cElektrik \u015febekesi hava \u015fartlar\u0131na a\u00e7\u0131k. Karda, f\u0131rt\u0131nada \u00e7al\u0131\u015f\u0131yorlar. Dolay\u0131s\u0131yla buna y\u00f6nelik tedbir al\u0131nmas\u0131 gerekiyor\u201d dedi.<\/p>\n<p style=\"color: #363636;\">\u00c7epni, sekt\u00f6rde 48 bin \u00e7al\u0131\u015fan oldu\u011funu ve bunlardan arazide olan 30 bin ki\u015fi i\u00e7in de bu kriterlerin uygulanaca\u011f\u0131n\u0131 kaydetti. Kriterlere uygun olmad\u0131\u011f\u0131 tespit edilen personelin ba\u015fka g\u00f6revlere kayd\u0131r\u0131laca\u011f\u0131n\u0131 belirten \u00c7epni, konu hakk\u0131nda sekt\u00f6rle g\u00f6r\u00fc\u015fmelerin devam etti\u011fini ifade etti. \u00c7epni, d\u00fczenlemenin hayata ge\u00e7mesi i\u00e7in belirli bir adaptasyon s\u00fcreci ge\u00e7mesi gerekti\u011fini vurgulad\u0131.<\/p>\n<p style=\"color: #363636;\">\u0130\u015f g\u00fcvenli\u011fi malzemelerinin testleriyle alakal\u0131 da konu\u015fan \u00c7epni, \u201c\u0130\u015f g\u00fcvenli\u011fi malzemeleri al\u0131yorlar, kaliteye \u00f6zen g\u00f6steriyorlard\u0131r ama bunlar\u0131n da bir standard\u0131n\u0131n olmas\u0131 gerekiyor. Bu standard\u0131n belirli periyotlarla takibi gerekiyor. Y\u00fcksek voltaja dayan\u0131kl\u0131 bir eldiven ald\u0131k, belli tarihten sonra ayn\u0131s\u0131n\u0131 yap\u0131yor mu me\u00e7hul. Bunun da takibi gerekti\u011fi i\u00e7in test laboratuvar\u0131 kurmaya y\u00f6nelik \u00e7al\u0131\u015f\u0131yoruz. Yurt d\u0131\u015f\u0131ndan bir firmayla bunu yap\u0131p sekt\u00f6r\u00fcn hizmetine sunaca\u011f\u0131z\u201d dedi.<\/p>\n<p style=\"color: #363636;\">Kaynak: H\u00fcrriyet<\/p>\n<p><\/p>","protected":false},"excerpt":{"rendered":"<p>Sorry, this entry is only available in Turkish. For the sake of viewer convenience, the content is shown below in the alternative language. You may click the link to switch the active language. T\u00fcrkiye Elektrik ve Da\u011f\u0131t\u0131m A.\u015e. (TEDA\u015e) Genel M\u00fcd\u00fcr\u00fc M\u00fckremin \u00c7epni, elektrik da\u011f\u0131t\u0131m sekt\u00f6r\u00fcnde \u00e7al\u0131\u015fanlar i\u00e7in mesleki kriterler getirilece\u011fini belirterek, i\u015fe uygun personel [&hellip;]<\/p>\n","protected":false},"author":1,"featured_media":50955,"comment_status":"open","ping_status":"open","sticky":false,"template":"","format":"standard","meta":[],"categories":[51,53],"tags":[4462,1824,68,1266,28673,61,19638,1451,2873,63,67,1009,2698,165,1216,28704],"views":1051,"_links":{"self":[{"href":"https:\/\/www.enerjigazetesi.ist\/en\/wp-json\/wp\/v2\/posts\/50954"}],"collection":[{"href":"https:\/\/www.enerjigazetesi.ist\/en\/wp-json\/wp\/v2\/posts"}],"about":[{"href":"https:\/\/www.enerjigazetesi.ist\/en\/wp-json\/wp\/v2\/types\/post"}],"author":[{"embeddable":true,"href":"https:\/\/www.enerjigazetesi.ist\/en\/wp-json\/wp\/v2\/users\/1"}],"replies":[{"embeddable":true,"href":"https:\/\/www.enerjigazetesi.ist\/en\/wp-json\/wp\/v2\/comments?post=50954"}],"version-history":[{"count":1,"href":"https:\/\/www.enerjigazetesi.ist\/en\/wp-json\/wp\/v2\/posts\/50954\/revisions"}],"predecessor-version":[{"id":50956,"href":"https:\/\/www.enerjigazetesi.ist\/en\/wp-json\/wp\/v2\/posts\/50954\/revisions\/50956"}],"wp:featuredmedia":[{"embeddable":true,"href":"https:\/\/www.enerjigazetesi.ist\/en\/wp-json\/wp\/v2\/media\/50955"}],"wp:attachment":[{"href":"https:\/\/www.enerjigazetesi.ist\/en\/wp-json\/wp\/v2\/media?parent=50954"}],"wp:term":[{"taxonomy":"category","embeddable":true,"href":"https:\/\/www.enerjigazetesi.ist\/en\/wp-json\/wp\/v2\/categories?post=50954"},{"taxonomy":"post_tag","embeddable":true,"href":"https:\/\/www.enerjigazetesi.ist\/en\/wp-json\/wp\/v2\/tags?post=50954"}],"curies":[{"name":"wp","href":"https:\/\/api.w.org\/{rel}","templated":true}]}}