{"id":50927,"date":"2016-02-27T15:28:47","date_gmt":"2016-02-27T12:28:47","guid":{"rendered":"https:\/\/www.enerjigazetesi.ist\/?p=50927"},"modified":"2016-02-27T15:28:47","modified_gmt":"2016-02-27T12:28:47","slug":"elektrik-uretiminde-dogalgazin-payi-dusuyor","status":"publish","type":"post","link":"https:\/\/www.enerjigazetesi.ist\/en\/elektrik-uretiminde-dogalgazin-payi-dusuyor\/","title":{"rendered":"(Turkish) Elektrik \u00dcretiminde Do\u011falgaz\u0131n Pay\u0131 D\u00fc\u015f\u00fcyor&#8230;"},"content":{"rendered":"<p class=\"qtranxs-available-languages-message qtranxs-available-languages-message-en\">Sorry, this entry is only available in <a href=\"https:\/\/www.enerjigazetesi.ist\/tr\/wp-json\/wp\/v2\/posts\/50927\" class=\"qtranxs-available-language-link qtranxs-available-language-link-tr\" title=\"Turkish\">Turkish<\/a>. For the sake of viewer convenience, the content is shown below in the alternative language. You may click the link to switch the active language.<\/p><p><strong>Ge\u00e7en y\u0131l toplam do\u011falgaz t\u00fcketim miktar\u0131 bir \u00f6nceki y\u0131la g\u00f6re y\u00fczde 2\u2019lik bir d\u00fc\u015f\u00fc\u015f ile 47.5 milyar metrek\u00fcp olarak ger\u00e7ekle\u015fti.<\/strong><span id=\"more-76345\"><\/span><\/p>\n<p>T\u00fcrkiye Do\u011falgaz Da\u011f\u0131t\u0131c\u0131lar\u0131 Birli\u011fi (GAZB\u0130R) Ba\u015fkan\u0131 Ya\u015far Arslan, do\u011falgaz t\u00fcketiminde 2015\u2019te bir \u00f6nceki y\u0131la g\u00f6re d\u00fc\u015f\u00fc\u015f g\u00f6r\u00fcld\u00fc\u011f\u00fcn\u00fc ve bunun deva<a href=\"https:\/\/www.enerjigazetesi.ist\/wp-content\/uploads\/2016\/02\/Elektrik-\u00fcretiminde-do\u011falgaz\u0131n-pay\u0131-d\u00fc\u015f\u00fcyor.jpg\"><img loading=\"lazy\" class=\"alignleft size-medium wp-image-50928\" src=\"https:\/\/www.enerjigazetesi.ist\/wp-content\/uploads\/2016\/02\/Elektrik-\u00fcretiminde-do\u011falgaz\u0131n-pay\u0131-d\u00fc\u015f\u00fcyor-300x165.jpg\" alt=\"Elektrik \u00fcretiminde do\u011falgaz\u0131n pay\u0131 d\u00fc\u015f\u00fcyor\" width=\"300\" height=\"165\" srcset=\"https:\/\/www.enerjigazetesi.ist\/wp-content\/uploads\/2016\/02\/Elektrik-\u00fcretiminde-do\u011falgaz\u0131n-pay\u0131-d\u00fc\u015f\u00fcyor-300x165.jpg 300w, https:\/\/www.enerjigazetesi.ist\/wp-content\/uploads\/2016\/02\/Elektrik-\u00fcretiminde-do\u011falgaz\u0131n-pay\u0131-d\u00fc\u015f\u00fcyor-500x276.jpg 500w, https:\/\/www.enerjigazetesi.ist\/wp-content\/uploads\/2016\/02\/Elektrik-\u00fcretiminde-do\u011falgaz\u0131n-pay\u0131-d\u00fc\u015f\u00fcyor-80x44.jpg 80w, https:\/\/www.enerjigazetesi.ist\/wp-content\/uploads\/2016\/02\/Elektrik-\u00fcretiminde-do\u011falgaz\u0131n-pay\u0131-d\u00fc\u015f\u00fcyor.jpg 696w\" sizes=\"(max-width: 300px) 100vw, 300px\" \/><\/a>m\u0131n\u0131 beklediklerini s\u00f6yledi.<\/p>\n<p>2016 y\u0131l\u0131 i\u00e7in GAZB\u0130R\u2019in yapt\u0131\u011f\u0131 \u00e7al\u0131\u015fmay\u0131 de\u011ferlendiren Arslan, \u201c2015 y\u0131l\u0131, do\u011falgaz piyasas\u0131nda \u00f6nceki y\u0131llara g\u00f6re ilk kez t\u00fcketimde azalman\u0131n g\u00f6r\u00fcld\u00fc\u011f\u00fc bir y\u0131l oldu\u201d ifadesini kulland\u0131.<\/p>\n<p>T\u00fcrkiye\u2019nin bu y\u0131lki toplam do\u011falgaz t\u00fcketiminin 48,7 milyar metrek\u00fcp\u00fc bulaca\u011f\u0131n\u0131 \u00f6ng\u00f6rd\u00fcklerini belirten Arslan, \u015f\u00f6yle devam etti:<\/p>\n<p>\u201cEnerji tasarrufu ve elektrik \u00fcretiminde yerli kaynak kullan\u0131m\u0131, do\u011falgaz t\u00fcketimini d\u00fc\u015f\u00fcrmeye devam edecek. 2015 y\u0131l\u0131, do\u011falgaz piyasas\u0131nda \u00f6nceki y\u0131llara g\u00f6re ilk kez t\u00fcketimde azalman\u0131n g\u00f6r\u00fcld\u00fc\u011f\u00fc bir y\u0131l oldu. 2015\u2019te toplam do\u011falgaz t\u00fcketim miktar\u0131 bir \u00f6nceki y\u0131la g\u00f6re y\u00fczde 2\u2019lik bir d\u00fc\u015f\u00fc\u015fle 47.5 milyar metrek\u00fcp olarak ger\u00e7ekle\u015fti.T\u00fcketimdeki azalman\u0131n sebebi, \u00f6zellikle elektrik \u00fcretiminde kullan\u0131lan do\u011falgazda \u00f6nemli bir azalma olmas\u0131d\u0131r. Ge\u00e7en y\u0131l do\u011falgaz santrallerinin t\u00fcketiminde ortaya \u00e7\u0131kan azal\u0131\u015f, konut t\u00fcketimindeki art\u0131\u015f y\u00f6n\u00fcndeki trendlerin s\u00fcrece\u011fini tahmin ediyoruz.\u201d<\/p>\n<p>Ge\u00e7en y\u0131l do\u011falgaz\u0131n elektrik \u00fcretimindeki kullan\u0131m\u0131n\u0131n 2014\u2019e g\u00f6re \u00f6nemli \u00f6l\u00e7\u00fcde azald\u0131\u011f\u0131na dikkati \u00e7eken Arslan, elektrik santrallerinin toplam do\u011falgaz t\u00fcketimindeki pay\u0131n\u0131n y\u00fczde 48\u2019den 2015 y\u0131l\u0131nda y\u00fczde 39,8\u2019e geriledi\u011fini s\u00f6yledi.<\/p>\n<p>Elektrik \u00fcretimindeki gaz\u0131n pay\u0131ndaki d\u00fc\u015f\u00fc\u015f\u00fcn \u00fcreticileri etkiledi\u011fini vurgulayan Arslan, \u201cSerbest piyasada olu\u015fan elektrik fiyatlar\u0131nda beklenenin \u00e7ok \u00fczerinde d\u00fc\u015f\u00fc\u015f ger\u00e7ekle\u015fmi\u015f oldu\u011fundan, elektrik \u00fcreticileri maliyet anlam\u0131nda bu fiyatlarla rekabet edemiyor duruma gelmi\u015ftir\u201d ifadesini kulland\u0131.<\/p>\n<p>Kaynak: Enerji Enstit\u00fcs\u00fc<\/p>","protected":false},"excerpt":{"rendered":"<p>Sorry, this entry is only available in Turkish. For the sake of viewer convenience, the content is shown below in the alternative language. You may click the link to switch the active language.Ge\u00e7en y\u0131l toplam do\u011falgaz t\u00fcketim miktar\u0131 bir \u00f6nceki y\u0131la g\u00f6re y\u00fczde 2\u2019lik bir d\u00fc\u015f\u00fc\u015f ile 47.5 milyar metrek\u00fcp olarak ger\u00e7ekle\u015fti. T\u00fcrkiye Do\u011falgaz Da\u011f\u0131t\u0131c\u0131lar\u0131 [&hellip;]<\/p>\n","protected":false},"author":1,"featured_media":50928,"comment_status":"open","ping_status":"open","sticky":false,"template":"","format":"standard","meta":[],"categories":[46,51,53],"tags":[92,226,19761,2092,2677,884,24516,19,28697,63,67,1009,2698,165,103],"views":810,"_links":{"self":[{"href":"https:\/\/www.enerjigazetesi.ist\/en\/wp-json\/wp\/v2\/posts\/50927"}],"collection":[{"href":"https:\/\/www.enerjigazetesi.ist\/en\/wp-json\/wp\/v2\/posts"}],"about":[{"href":"https:\/\/www.enerjigazetesi.ist\/en\/wp-json\/wp\/v2\/types\/post"}],"author":[{"embeddable":true,"href":"https:\/\/www.enerjigazetesi.ist\/en\/wp-json\/wp\/v2\/users\/1"}],"replies":[{"embeddable":true,"href":"https:\/\/www.enerjigazetesi.ist\/en\/wp-json\/wp\/v2\/comments?post=50927"}],"version-history":[{"count":1,"href":"https:\/\/www.enerjigazetesi.ist\/en\/wp-json\/wp\/v2\/posts\/50927\/revisions"}],"predecessor-version":[{"id":50929,"href":"https:\/\/www.enerjigazetesi.ist\/en\/wp-json\/wp\/v2\/posts\/50927\/revisions\/50929"}],"wp:featuredmedia":[{"embeddable":true,"href":"https:\/\/www.enerjigazetesi.ist\/en\/wp-json\/wp\/v2\/media\/50928"}],"wp:attachment":[{"href":"https:\/\/www.enerjigazetesi.ist\/en\/wp-json\/wp\/v2\/media?parent=50927"}],"wp:term":[{"taxonomy":"category","embeddable":true,"href":"https:\/\/www.enerjigazetesi.ist\/en\/wp-json\/wp\/v2\/categories?post=50927"},{"taxonomy":"post_tag","embeddable":true,"href":"https:\/\/www.enerjigazetesi.ist\/en\/wp-json\/wp\/v2\/tags?post=50927"}],"curies":[{"name":"wp","href":"https:\/\/api.w.org\/{rel}","templated":true}]}}