{"id":50887,"date":"2016-02-26T11:00:01","date_gmt":"2016-02-26T08:00:01","guid":{"rendered":"https:\/\/www.enerjigazetesi.ist\/?p=50887"},"modified":"2016-02-26T11:00:01","modified_gmt":"2016-02-26T08:00:01","slug":"yetik-kadri-mert-stfanin-basina-geciyor","status":"publish","type":"post","link":"https:\/\/www.enerjigazetesi.ist\/en\/yetik-kadri-mert-stfanin-basina-geciyor\/","title":{"rendered":"(Turkish) Yetik Kadri Mert STFA\u2019n\u0131n Ba\u015f\u0131na Ge\u00e7iyor&#8230;"},"content":{"rendered":"<p class=\"qtranxs-available-languages-message qtranxs-available-languages-message-en\">Sorry, this entry is only available in <a href=\"https:\/\/www.enerjigazetesi.ist\/tr\/wp-json\/wp\/v2\/posts\/50887\" class=\"qtranxs-available-language-link qtranxs-available-language-link-tr\" title=\"Turkish\">Turkish<\/a>. For the sake of viewer convenience, the content is shown below in the alternative language. You may click the link to switch the active language.<\/p><p><\/p>\n<p style=\"color: #0a0a0a;\"><strong>Sabanc\u0131 Holding ile Al<a href=\"https:\/\/www.enerjigazetesi.ist\/wp-content\/uploads\/2016\/02\/yetik-kadri-mert-stfanin-basina-geciyor.jpg\"><img loading=\"lazy\" class=\"alignleft size-medium wp-image-50888\" src=\"https:\/\/www.enerjigazetesi.ist\/wp-content\/uploads\/2016\/02\/yetik-kadri-mert-stfanin-basina-geciyor-300x165.jpg\" alt=\"yetik-kadri-mert-stfanin-basina-geciyor\" width=\"300\" height=\"165\" srcset=\"https:\/\/www.enerjigazetesi.ist\/wp-content\/uploads\/2016\/02\/yetik-kadri-mert-stfanin-basina-geciyor-300x165.jpg 300w, https:\/\/www.enerjigazetesi.ist\/wp-content\/uploads\/2016\/02\/yetik-kadri-mert-stfanin-basina-geciyor-500x276.jpg 500w, https:\/\/www.enerjigazetesi.ist\/wp-content\/uploads\/2016\/02\/yetik-kadri-mert-stfanin-basina-geciyor-80x44.jpg 80w, https:\/\/www.enerjigazetesi.ist\/wp-content\/uploads\/2016\/02\/yetik-kadri-mert-stfanin-basina-geciyor.jpg 696w\" sizes=\"(max-width: 300px) 100vw, 300px\" \/><\/a>man E.ON ortakl\u0131\u011f\u0131 Enerjisa\u2019n\u0131n CEO\u2019lu\u011fundan ayr\u0131lan Yetik Kadri Mert, Enerya markas\u0131yla faaliyet g\u00f6steren STFA Grubu\u2019na ge\u00e7iyor.<\/strong><span id=\"more-76321\"><\/span><\/p>\n<p style=\"color: #0a0a0a;\">Mehmet Ali Neyzi\u2019nin ayr\u0131lmas\u0131ndan sonra bir s\u00fcredir bo\u015f duran STFA Grubu CEO\u2019lu\u011fu g\u00f6revini Yetik Kadri Mert \u00fcstlenecek.<\/p>\n<p style=\"color: #0a0a0a;\">STFA Grubu enerji sekt\u00f6r\u00fcnde Enerya markas\u0131yla faaliyet g\u00f6steriyor. Enerya T\u00fcrkiye\u2019nin ikinci b\u00fcy\u00fck do\u011falgaz da\u011f\u0131t\u0131m operasyonunu y\u00fcr\u00fct\u00fcyor. \u015eirket ayn\u0131 zamanda elektrik piyasas\u0131nda da faaliyet g\u00f6steriyor.<\/p>\n<p style=\"color: #0a0a0a;\">Kaynak: Enerji Enstit\u00fcs\u00fc<\/p>\n<p><\/p>","protected":false},"excerpt":{"rendered":"<p>Sorry, this entry is only available in Turkish. For the sake of viewer convenience, the content is shown below in the alternative language. You may click the link to switch the active language. Sabanc\u0131 Holding ile Alman E.ON ortakl\u0131\u011f\u0131 Enerjisa\u2019n\u0131n CEO\u2019lu\u011fundan ayr\u0131lan Yetik Kadri Mert, Enerya markas\u0131yla faaliyet g\u00f6steren STFA Grubu\u2019na ge\u00e7iyor. Mehmet Ali Neyzi\u2019nin [&hellip;]<\/p>\n","protected":false},"author":1,"featured_media":50888,"comment_status":"open","ping_status":"open","sticky":false,"template":"","format":"standard","meta":[],"categories":[53],"tags":[28686,1129,1451,63,67,1009,2698,165,422,12303,1048,3958,8571],"views":1427,"_links":{"self":[{"href":"https:\/\/www.enerjigazetesi.ist\/en\/wp-json\/wp\/v2\/posts\/50887"}],"collection":[{"href":"https:\/\/www.enerjigazetesi.ist\/en\/wp-json\/wp\/v2\/posts"}],"about":[{"href":"https:\/\/www.enerjigazetesi.ist\/en\/wp-json\/wp\/v2\/types\/post"}],"author":[{"embeddable":true,"href":"https:\/\/www.enerjigazetesi.ist\/en\/wp-json\/wp\/v2\/users\/1"}],"replies":[{"embeddable":true,"href":"https:\/\/www.enerjigazetesi.ist\/en\/wp-json\/wp\/v2\/comments?post=50887"}],"version-history":[{"count":1,"href":"https:\/\/www.enerjigazetesi.ist\/en\/wp-json\/wp\/v2\/posts\/50887\/revisions"}],"predecessor-version":[{"id":50889,"href":"https:\/\/www.enerjigazetesi.ist\/en\/wp-json\/wp\/v2\/posts\/50887\/revisions\/50889"}],"wp:featuredmedia":[{"embeddable":true,"href":"https:\/\/www.enerjigazetesi.ist\/en\/wp-json\/wp\/v2\/media\/50888"}],"wp:attachment":[{"href":"https:\/\/www.enerjigazetesi.ist\/en\/wp-json\/wp\/v2\/media?parent=50887"}],"wp:term":[{"taxonomy":"category","embeddable":true,"href":"https:\/\/www.enerjigazetesi.ist\/en\/wp-json\/wp\/v2\/categories?post=50887"},{"taxonomy":"post_tag","embeddable":true,"href":"https:\/\/www.enerjigazetesi.ist\/en\/wp-json\/wp\/v2\/tags?post=50887"}],"curies":[{"name":"wp","href":"https:\/\/api.w.org\/{rel}","templated":true}]}}