{"id":50878,"date":"2016-02-25T21:17:12","date_gmt":"2016-02-25T18:17:12","guid":{"rendered":"https:\/\/www.enerjigazetesi.ist\/?p=50878"},"modified":"2016-02-25T21:17:12","modified_gmt":"2016-02-25T18:17:12","slug":"enerji-yatirimlari-yakin-takip-altinda","status":"publish","type":"post","link":"https:\/\/www.enerjigazetesi.ist\/en\/enerji-yatirimlari-yakin-takip-altinda\/","title":{"rendered":"(Turkish) Enerji Yat\u0131r\u0131mlar\u0131 Yak\u0131n Takip Alt\u0131nda!"},"content":{"rendered":"<p class=\"qtranxs-available-languages-message qtranxs-available-languages-message-en\">Sorry, this entry is only available in <a href=\"https:\/\/www.enerjigazetesi.ist\/tr\/wp-json\/wp\/v2\/posts\/50878\" class=\"qtranxs-available-language-link qtranxs-available-language-link-tr\" title=\"Turkish\">Turkish<\/a>. For the sake of viewer convenience, the content is shown below in the alternative language. You may click the link to switch the active language.<\/p><p><strong>Enerji yat\u0131r\u0131mlar\u0131n\u0131n izin s\u00fcre\u00e7lerinin takibini, denetimini ve koordinasyonunu sa\u011flamak; t\u00fcm elektrik \u00fcretim ve iletim tesislerinin yat\u0131r\u0131m s\u00fcrecini h\u0131zland\u0131rmak \u00fczere `Enerji Yat\u0131r\u0131mlar\u0131 Takip ve Koordinasyon Kurulu` olu\u015fturuldu.<\/strong><\/p>\n<p>Ba\u015fbakan Ahmet Davuto\u011flu, Enerji Yat\u0131r\u0131mlar\u0131 Takip ve Koordinasyon Kurulu ile ilgili bir genelge yay\u0131nla<a href=\"https:\/\/www.enerjigazetesi.ist\/wp-content\/uploads\/2016\/02\/enerji-yatirimlari-yakin-takip-altinda.jpg\"><img loading=\"lazy\" class=\"alignright  wp-image-50879\" src=\"https:\/\/www.enerjigazetesi.ist\/wp-content\/uploads\/2016\/02\/enerji-yatirimlari-yakin-takip-altinda-300x235.jpg\" alt=\"enerji-yatirimlari-yakin-takip-altinda\" width=\"300\" height=\"214\" \/><\/a>d\u0131. Genelgede, `Yerli Kaynaklara Dayal\u0131 Enerji \u00dcretimi Program\u0131`n\u0131n eylem plan\u0131nda, ba\u015fta yenilenebilir ve yerli k\u00f6m\u00fcr olmak \u00fczere t\u00fcm yerli kaynaklar\u0131n ekonomiye kazand\u0131r\u0131lmas\u0131n\u0131 teminen at\u0131lmas\u0131 gereken ad\u0131mlar belirlendi. Bu kapsamda kamu ve \u00f6zel sekt\u00f6r taraf\u0131ndan yap\u0131lan veya yap\u0131lacak yat\u0131r\u0131mlar\u0131n izin s\u00fcre\u00e7lerinin takibini, denetimini ve koordinasyonunu sa\u011flamak; \u00f6zel sekt\u00f6re a\u00e7\u0131lacak linyit sahalar\u0131 ile r\u00f6dovans usul\u00fcyle yeni ihale edilecek sahalara yap\u0131lacak \u00fcretim tesisleri dahil b\u00fct\u00fcn elektrik \u00fcretim ve iletim tesislerinin yat\u0131r\u0131m s\u00fcrecini h\u0131zland\u0131rmak \u00fczere; `Enerji Yat\u0131r\u0131mlar\u0131 Takip ve Koordinasyon Kurulu` olu\u015fturuldu.<\/p>\n<p>Kurul, Enerji ve Tabi Kaynaklar Bakanl\u0131\u011f\u0131 M\u00fcste\u015far\u0131n\u0131n ba\u015fkanl\u0131\u011f\u0131nda; \u00c7evre ve \u015eehircilik Bakanl\u0131\u011f\u0131, Ekonomi Bakanl\u0131\u011f\u0131, G\u0131da Tar\u0131m ve Hayvanc\u0131l\u0131k Bakanl\u0131\u011f\u0131, Kalk\u0131nma Bakanl\u0131\u011f\u0131, K\u00fclt\u00fcr ve Turizm Bakanl\u0131\u011f\u0131, Maliye Bakanl\u0131\u011f\u0131, Orman ve Su \u0130\u015fleri Bakanl\u0131\u011f\u0131, Ula\u015ft\u0131rma Denizcilik ve Haberle\u015fme Bakanl\u0131\u011f\u0131, Hazine M\u00fcste\u015farl\u0131\u011f\u0131, Tapu ve Kadastro Genel M\u00fcd\u00fcrl\u00fc\u011f\u00fc, Devlet Su \u0130\u015fleri Genel M\u00fcd\u00fcrl\u00fc\u011f\u00fc, Orman Genel M\u00fcd\u00fcrl\u00fc\u011f\u00fc, Karayollar\u0131 Genel M\u00fcd\u00fcrl\u00fc\u011f\u00fc, T\u00fcrkiye Yat\u0131r\u0131m Destek ve Tan\u0131t\u0131m Ajans\u0131, Enerji Piyasas\u0131 D\u00fczenleme Kurumu, T\u00fcrkiye Elektrik \u0130letim A\u015e Genel M\u00fcd\u00fcrl\u00fc\u011f\u00fc, Elektrik \u00dcretim A\u015e Genel M\u00fcd\u00fcrl\u00fc\u011f\u00fc, T\u00fcrkiye K\u00f6m\u00fcr \u0130\u015fletmeleri Kurumu Genel M\u00fcd\u00fcrl\u00fc\u011f\u00fc`nden en az genel m\u00fcd\u00fcr ve ba\u015fkan yard\u0131mc\u0131s\u0131 seviyesindeki temsilcilerden olu\u015facak.<\/p>\n<p><strong>ALT KOM\u0130TELER OLU\u015eACAK<\/strong><\/p>\n<p>Kurul taraf\u0131ndan ihtiya\u00e7 durulmas\u0131 halinde alt komite, dan\u0131\u015fma ve \u00e7al\u0131\u015fma gruplar\u0131 olu\u015fturulabilecek. Kurul toplant\u0131lar\u0131na konuyla ilgili kurum ve kurulu\u015flar ile sivil toplum kurulu\u015flar\u0131, \u00fcniversiteler ve \u00f6zel sekt\u00f6r temsilcileri davet edilebilecek. Kurulun \u00e7al\u0131\u015fma usul ve esaslar\u0131, y\u0131ll\u0131k toplant\u0131 say\u0131s\u0131 ile toplant\u0131 zamanlar\u0131 kurul taraf\u0131ndan belirlenecek.<\/p>\n<p><strong>SEKRETERYA ENERJ\u0130 \u0130\u015eLER\u0130NE<\/strong><\/p>\n<p>Sekreterya hizmetleri, al\u0131nan kararlar\u0131n uygulanmas\u0131n\u0131n takibi ve koordinasyonu Enerji ve Tabi Kaynaklar Bakanl\u0131\u011f\u0131 Enerji \u0130\u015fleri Genel M\u00fcd\u00fcrl\u00fc\u011f\u00fc taraf\u0131ndan y\u00fcr\u00fct\u00fclecek. `Enerji Yat\u0131r\u0131mlar\u0131 Takip ve Koordinasyon Kurulu` taraf\u0131ndan y\u00fcr\u00fct\u00fclecek \u00e7al\u0131\u015fmalarda ve al\u0131nan kararlar\u0131n uygulanmas\u0131nda ihtiya\u00e7 duyulacak her t\u00fcrl\u00fc destek ve yard\u0131m b\u00fct\u00fcn kurum ve kurulu\u015flarca titizlikler sa\u011flanacak.<\/p>\n<p>Kaynak: <a href=\"http:\/\/enerjigunlugu.net\/enerji-yatirimlari-yakin-takip-altinda_17408.html#.Vs9ET1SLRdg\" target=\"_blank\" rel=\"nofollow\">Enerji G\u00fcnl\u00fc\u011f\u00fc<\/a><\/p>","protected":false},"excerpt":{"rendered":"<p>Sorry, this entry is only available in Turkish. For the sake of viewer convenience, the content is shown below in the alternative language. You may click the link to switch the active language.Enerji yat\u0131r\u0131mlar\u0131n\u0131n izin s\u00fcre\u00e7lerinin takibini, denetimini ve koordinasyonunu sa\u011flamak; t\u00fcm elektrik \u00fcretim ve iletim tesislerinin yat\u0131r\u0131m s\u00fcrecini h\u0131zland\u0131rmak \u00fczere `Enerji Yat\u0131r\u0131mlar\u0131 Takip ve [&hellip;]<\/p>\n","protected":false},"author":1,"featured_media":50879,"comment_status":"open","ping_status":"open","sticky":false,"template":"","format":"standard","meta":[],"categories":[51,53],"tags":[68,61,63,67,1009,2698,165,532,28685],"views":931,"_links":{"self":[{"href":"https:\/\/www.enerjigazetesi.ist\/en\/wp-json\/wp\/v2\/posts\/50878"}],"collection":[{"href":"https:\/\/www.enerjigazetesi.ist\/en\/wp-json\/wp\/v2\/posts"}],"about":[{"href":"https:\/\/www.enerjigazetesi.ist\/en\/wp-json\/wp\/v2\/types\/post"}],"author":[{"embeddable":true,"href":"https:\/\/www.enerjigazetesi.ist\/en\/wp-json\/wp\/v2\/users\/1"}],"replies":[{"embeddable":true,"href":"https:\/\/www.enerjigazetesi.ist\/en\/wp-json\/wp\/v2\/comments?post=50878"}],"version-history":[{"count":1,"href":"https:\/\/www.enerjigazetesi.ist\/en\/wp-json\/wp\/v2\/posts\/50878\/revisions"}],"predecessor-version":[{"id":50880,"href":"https:\/\/www.enerjigazetesi.ist\/en\/wp-json\/wp\/v2\/posts\/50878\/revisions\/50880"}],"wp:featuredmedia":[{"embeddable":true,"href":"https:\/\/www.enerjigazetesi.ist\/en\/wp-json\/wp\/v2\/media\/50879"}],"wp:attachment":[{"href":"https:\/\/www.enerjigazetesi.ist\/en\/wp-json\/wp\/v2\/media?parent=50878"}],"wp:term":[{"taxonomy":"category","embeddable":true,"href":"https:\/\/www.enerjigazetesi.ist\/en\/wp-json\/wp\/v2\/categories?post=50878"},{"taxonomy":"post_tag","embeddable":true,"href":"https:\/\/www.enerjigazetesi.ist\/en\/wp-json\/wp\/v2\/tags?post=50878"}],"curies":[{"name":"wp","href":"https:\/\/api.w.org\/{rel}","templated":true}]}}