{"id":50759,"date":"2016-02-22T22:30:36","date_gmt":"2016-02-22T19:30:36","guid":{"rendered":"https:\/\/www.enerjigazetesi.ist\/?p=50759"},"modified":"2016-02-22T22:30:36","modified_gmt":"2016-02-22T19:30:36","slug":"balkanlarda-gunes-enerjisi-uretecek-turkiyeye-satacak","status":"publish","type":"post","link":"https:\/\/www.enerjigazetesi.ist\/en\/balkanlarda-gunes-enerjisi-uretecek-turkiyeye-satacak\/","title":{"rendered":"(Turkish) Balkanlarda G\u00fcne\u015f Enerjisi \u00dcretecek T\u00fcrkiye\u2019ye Satacak&#8230;"},"content":{"rendered":"<p class=\"qtranxs-available-languages-message qtranxs-available-languages-message-en\">Sorry, this entry is only available in <a href=\"https:\/\/www.enerjigazetesi.ist\/tr\/wp-json\/wp\/v2\/posts\/50759\" class=\"qtranxs-available-language-link qtranxs-available-language-link-tr\" title=\"Turkish\">Turkish<\/a>. For the sake of viewer convenience, the content is shown below in the alternative language. You may click the link to switch the active language.<\/p><p><\/p>\n<p style=\"color: #666666;\"><span style=\"font-weight: bold; color: #222222;\">Capital Grup, Balkanlarda 370 milyon Euro\u2019luk yenilenebilir enerji yat\u0131r\u0131m\u0131 yapmay\u0131 planl\u0131yor. \u015eirket, 3.5 y\u0131l i\u00e7inde tamamlamay\u0131 planlad\u0131\u011f\u0131 yat\u0131r\u0131mlar\u0131ndan \u00fcretece\u011fi 180 milyon kilovat saatlik elektri\u011fin yar\u0131s\u0131n\u0131 T\u00fcrkiye\u2019ye satacak.<\/span><\/p>\n<p style=\"color: #666666;\"><span style=\"font-weight: bold; color: #222222;\">G\u00fcne\u015f ve r\u00fczgar ene<a href=\"https:\/\/www.enerjigazetesi.ist\/wp-content\/uploads\/2016\/02\/balkanlarda-gunes-enerjisi-uretecek-turkiyeye-satacak.jpg\"><img loading=\"lazy\" class=\"alignleft  wp-image-50760\" src=\"https:\/\/www.enerjigazetesi.ist\/wp-content\/uploads\/2016\/02\/balkanlarda-gunes-enerjisi-uretecek-turkiyeye-satacak-300x110.jpg\" alt=\"balkanlarda-gunes-enerjisi-uretecek-turkiyeye-satacak\" width=\"300\" height=\"176\" \/><\/a>rjisi<\/span>\u00a0\u00fcretimi T\u00fcrkiye\u2019de belli bir ivme kazan\u0131rken, yurt d\u0131\u015f\u0131nda da g\u00fcne\u015f ve r\u00fczgar enerjisi \u00fcretimi ger\u00e7ekle\u015ftiren kurulu\u015flar T\u00fcrkiye\u2019de bu elektri\u011fi satmaya haz\u0131rlan\u0131yor.<\/p>\n<p style=\"color: #666666;\">Balkanlardan gelen elektrik T\u00fcrk evlerini ayd\u0131nlatacak. \u00dc\u00e7 y\u0131l \u00f6nce \u0130dris Fatih \u015eahin taraf\u0131ndan T\u00fcrkiye\u2019de kurulan Capital Grup, Balkanlarda 370 milyon euroluk\u00a0<span style=\"font-weight: bold; color: #222222;\">yenilenebilir enerji<\/span>\u00a0yat\u0131r\u0131m\u0131 yapmay\u0131 planl\u0131yor. Capital Grup, Bosna ve Makedonya\u2019da 130 MW kurulu g\u00fc\u00e7te g\u00fcne\u015f ve 380 MW kurulu g\u00fc\u00e7te r\u00fczgar santralleri kuracak. \u015eirket, 3.5 y\u0131l i\u00e7inde tamamlamay\u0131 planlad\u0131\u011f\u0131 yat\u0131r\u0131mlar\u0131ndan \u00fcretece\u011fi 180 milyon kilovat saatlik\u00a0<span style=\"font-weight: bold; color: #222222;\">elektri\u011fin\u00a0<\/span>yar\u0131s\u0131n\u0131 T\u00fcrkiye\u2019ye satacak.<\/p>\n<p style=\"color: #666666;\"><span style=\"font-weight: bold; color: #222222;\">Santral kuracak<\/span><\/p>\n<p style=\"color: #666666;\">Balkanlardaki\u00a0<span style=\"font-weight: bold; color: #222222;\">yenilenebilir enerji<\/span>\u00a0yat\u0131r\u0131mlar\u0131na Bosna\u2019da ba\u015flad\u0131klar\u0131n\u0131 belirten Capital Grup Y\u00f6netim Kurulu Ba\u015fkan\u0131 \u0130dris Fatih \u015eahin, proje \u00e7al\u0131\u015fmalar\u0131n\u0131 tamamlad\u0131klar\u0131 Ljubinje \u015fehrinde tek parselde kurulacak 60 MW\u2019l\u0131k\u00a0<span style=\"font-weight: bold; color: #222222;\">g\u00fcne\u015f santralinin<\/span>\u00a0Bosna ve Balkanlar\u0131n en b\u00fcy\u00fc\u011f\u00fc olaca\u011f\u0131n\u0131 s\u00f6yledi. \u015eahin, in\u015faat\u0131na bu y\u0131l sonunda ba\u015flamay\u0131 planlad\u0131klar\u0131 Ljubinje santrali d\u0131\u015f\u0131nda Bosna\u2019da 4 adet daha\u00a0<span style=\"font-weight: bold; color: #222222;\">g\u00fcne\u015f santrali\u00a0<\/span>kuracaklar\u0131n\u0131 bildirdi. \u0130ki y\u0131l i\u00e7inde tamamlamay\u0131 planlad\u0131klar\u0131 toplam 100 MW kurulu g\u00fc\u00e7teki santrallerin yat\u0131r\u0131m maliyetini 150 milyon euro olarak a\u00e7\u0131klayan \u015eahin\u201d Bosna\u2019da kuraca\u011f\u0131m\u0131z t\u00fcm santrallerin in\u015faat ve montaj i\u015flerini T\u00fcrk \u015firketlerine yapt\u0131raca\u011f\u0131z \u201c dedi.<\/p>\n<p style=\"color: #666666;\">Balkanlarda ba\u015flatt\u0131klar\u0131 yat\u0131r\u0131m hamlesine Makedonya\u2019da kuracaklar\u0131\u00a0<span style=\"font-weight: bold; color: #222222;\">g\u00fcne\u015f ve r\u00fczgar santralleri<\/span>\u00a0ile devam edeceklerine dikkat \u00e7eken \u015eahin, burada toplam 120 milyon euroya 180 MW\u2019l\u0131k r\u00fczgar ve 30 MW\u2019l\u0131k\u00a0<span style=\"font-weight: bold; color: #222222;\">g\u00fcne\u015f enerjisi santralleri<\/span>\u00a0kuracaklar\u0131n\u0131 bildirdi.<\/p>\n<p style=\"color: #666666;\">Haberin Devam\u0131 \u0130\u00e7in\u00a0<a style=\"color: #fc8d8d;\" href=\"http:\/\/haber.star.com.tr\/ekonomi\/balkan-gunesiyle-elektrik-uretip-turkiyeye-satacak\/haber-1090725\" target=\"_blank\">T\u0131klay\u0131n&gt;&gt;&gt;<\/a><\/p>\n<p style=\"color: #666666;\">Kaynak: Star<\/p>\n<p><\/p>","protected":false},"excerpt":{"rendered":"<p>Sorry, this entry is only available in Turkish. For the sake of viewer convenience, the content is shown below in the alternative language. You may click the link to switch the active language. Capital Grup, Balkanlarda 370 milyon Euro\u2019luk yenilenebilir enerji yat\u0131r\u0131m\u0131 yapmay\u0131 planl\u0131yor. \u015eirket, 3.5 y\u0131l i\u00e7inde tamamlamay\u0131 planlad\u0131\u011f\u0131 yat\u0131r\u0131mlar\u0131ndan \u00fcretece\u011fi 180 milyon kilovat [&hellip;]<\/p>\n","protected":false},"author":1,"featured_media":50760,"comment_status":"open","ping_status":"open","sticky":false,"template":"","format":"standard","meta":[],"categories":[53,49],"tags":[63,67,1009,2698,165,2326,227,13,2569,23133,22975,4269,105],"views":1244,"_links":{"self":[{"href":"https:\/\/www.enerjigazetesi.ist\/en\/wp-json\/wp\/v2\/posts\/50759"}],"collection":[{"href":"https:\/\/www.enerjigazetesi.ist\/en\/wp-json\/wp\/v2\/posts"}],"about":[{"href":"https:\/\/www.enerjigazetesi.ist\/en\/wp-json\/wp\/v2\/types\/post"}],"author":[{"embeddable":true,"href":"https:\/\/www.enerjigazetesi.ist\/en\/wp-json\/wp\/v2\/users\/1"}],"replies":[{"embeddable":true,"href":"https:\/\/www.enerjigazetesi.ist\/en\/wp-json\/wp\/v2\/comments?post=50759"}],"version-history":[{"count":1,"href":"https:\/\/www.enerjigazetesi.ist\/en\/wp-json\/wp\/v2\/posts\/50759\/revisions"}],"predecessor-version":[{"id":50761,"href":"https:\/\/www.enerjigazetesi.ist\/en\/wp-json\/wp\/v2\/posts\/50759\/revisions\/50761"}],"wp:featuredmedia":[{"embeddable":true,"href":"https:\/\/www.enerjigazetesi.ist\/en\/wp-json\/wp\/v2\/media\/50760"}],"wp:attachment":[{"href":"https:\/\/www.enerjigazetesi.ist\/en\/wp-json\/wp\/v2\/media?parent=50759"}],"wp:term":[{"taxonomy":"category","embeddable":true,"href":"https:\/\/www.enerjigazetesi.ist\/en\/wp-json\/wp\/v2\/categories?post=50759"},{"taxonomy":"post_tag","embeddable":true,"href":"https:\/\/www.enerjigazetesi.ist\/en\/wp-json\/wp\/v2\/tags?post=50759"}],"curies":[{"name":"wp","href":"https:\/\/api.w.org\/{rel}","templated":true}]}}