{"id":50690,"date":"2016-02-21T15:37:54","date_gmt":"2016-02-21T12:37:54","guid":{"rendered":"https:\/\/www.enerjigazetesi.ist\/?p=50690"},"modified":"2016-02-21T15:37:54","modified_gmt":"2016-02-21T12:37:54","slug":"avrupada-yenilenebilir-enerji-tuketiminde-pay-yuzde-16-oldu","status":"publish","type":"post","link":"https:\/\/www.enerjigazetesi.ist\/en\/avrupada-yenilenebilir-enerji-tuketiminde-pay-yuzde-16-oldu\/","title":{"rendered":"(Turkish) Avrupa&#8217;da Yenilenebilir Enerji T\u00fcketiminde Pay Y\u00fczde 16 Oldu!"},"content":{"rendered":"<p class=\"qtranxs-available-languages-message qtranxs-available-languages-message-en\">Sorry, this entry is only available in <a href=\"https:\/\/www.enerjigazetesi.ist\/tr\/wp-json\/wp\/v2\/posts\/50690\" class=\"qtranxs-available-language-link qtranxs-available-language-link-tr\" title=\"Turkish\">Turkish<\/a>. For the sake of viewer convenience, the content is shown below in the alternative language. You may click the link to switch the active language.<\/p><p><strong>Avrupa Birli\u011fi \u00fclkelerinin enerji t\u00fcketiminde yenilenebilir enerji kaynaklar\u0131n\u0131n pay\u0131n\u0131n artmaya devam etti\u011fi bildirildi.<\/strong><\/p>\n<p>Avrupa Birli\u011fi istatistik dairesi Eurostat taraf\u0131ndan yap\u0131lan a\u00e7\u0131klamaya g\u00f6re birlik \u00fcyesi 28 \u00fclke ve N<img loading=\"lazy\" class=\"alignright size-medium wp-image-50270\" src=\"https:\/\/www.enerjigazetesi.ist\/wp-content\/uploads\/2016\/02\/ab-yenilenebilir-enerji-hedeflerini-yakalamak-uzere-300x165.jpg\" alt=\"ab-yenilenebilir-enerji-hedeflerini-yakalamak-uzere\" width=\"300\" height=\"165\" srcset=\"https:\/\/www.enerjigazetesi.ist\/wp-content\/uploads\/2016\/02\/ab-yenilenebilir-enerji-hedeflerini-yakalamak-uzere-300x165.jpg 300w, https:\/\/www.enerjigazetesi.ist\/wp-content\/uploads\/2016\/02\/ab-yenilenebilir-enerji-hedeflerini-yakalamak-uzere-500x276.jpg 500w, https:\/\/www.enerjigazetesi.ist\/wp-content\/uploads\/2016\/02\/ab-yenilenebilir-enerji-hedeflerini-yakalamak-uzere-80x44.jpg 80w, https:\/\/www.enerjigazetesi.ist\/wp-content\/uploads\/2016\/02\/ab-yenilenebilir-enerji-hedeflerini-yakalamak-uzere.jpg 696w\" sizes=\"(max-width: 300px) 100vw, 300px\" \/>orve\u00e7\u2019in 2014 y\u0131l\u0131 nihai enerji t\u00fcketiminin y\u00fczde 16\u2019s\u0131 yenilenebilir enerji kaynaklar\u0131ndan sa\u011fland\u0131.<\/p>\n<p>Bu oran 2013 y\u0131l\u0131nda y\u00fczde 15 , 2004 y\u0131l\u0131nda ise y\u00fczde 8,5 olarak ger\u00e7ekle\u015fmi\u015fti.<\/p>\n<p>Bu \u00fclkeler aras\u0131nda \u0130sve\u00e7, enerji t\u00fcketimini y\u00fczde 52,6 oran\u0131nda yenilenebilir enerji kaynaklar\u0131ndan sa\u011flayarak ilk s\u0131rada gelirken, en d\u00fc\u015f\u00fck oran ise y\u00fczde 4,5 ile L\u00fcksemburg\u2019da ger\u00e7ekle\u015fti.<\/p>\n<p>Ayn\u0131 oran \u0130ngiltere\u2019de y\u00fczde 7, Almanya\u2019da y\u00fczde 13,8, Yunanistan\u2019da y\u00fczde 15,3, \u0130spanya\u2019da y\u00fczde 16,2, Fransa\u2019da y\u00fczde 14,3 ve \u0130talya\u2019da y\u00fczde 17,1 olarak ger\u00e7ekle\u015fti.<\/p>\n<p>Avrupa Birli\u011fi 2020 y\u0131l\u0131nda yenilenebilir enerji kaynaklar\u0131n\u0131n toplam enerji t\u00fcketimindeki pay\u0131n\u0131 y\u00fczde 20\u2019ye, 2030\u2019da ise y\u00fczde 27\u2019e ula\u015ft\u0131rmay\u0131 hedefliyor.<\/p>\n<p>Hali haz\u0131rda Bulgaristan, \u00c7ek Cumhuriyeti, Estonya, H\u0131rvatistan, \u0130talya, Litvanya, Romanya, Finlandiya ve \u0130sve\u00e7 olmak \u00fczere 9 \u00fclke bu hedefe ula\u015fm\u0131\u015f durumda.<\/p>\n<p>Kaynak: B\u00fcltenler<\/p>","protected":false},"excerpt":{"rendered":"<p>Sorry, this entry is only available in Turkish. For the sake of viewer convenience, the content is shown below in the alternative language. You may click the link to switch the active language.Avrupa Birli\u011fi \u00fclkelerinin enerji t\u00fcketiminde yenilenebilir enerji kaynaklar\u0131n\u0131n pay\u0131n\u0131n artmaya devam etti\u011fi bildirildi. Avrupa Birli\u011fi istatistik dairesi Eurostat taraf\u0131ndan yap\u0131lan a\u00e7\u0131klamaya g\u00f6re birlik [&hellip;]<\/p>\n","protected":false},"author":1,"featured_media":50270,"comment_status":"open","ping_status":"open","sticky":false,"template":"","format":"standard","meta":[],"categories":[53],"tags":[1964,63,67,1009,2698,165,227,13,69,16,105],"views":599,"_links":{"self":[{"href":"https:\/\/www.enerjigazetesi.ist\/en\/wp-json\/wp\/v2\/posts\/50690"}],"collection":[{"href":"https:\/\/www.enerjigazetesi.ist\/en\/wp-json\/wp\/v2\/posts"}],"about":[{"href":"https:\/\/www.enerjigazetesi.ist\/en\/wp-json\/wp\/v2\/types\/post"}],"author":[{"embeddable":true,"href":"https:\/\/www.enerjigazetesi.ist\/en\/wp-json\/wp\/v2\/users\/1"}],"replies":[{"embeddable":true,"href":"https:\/\/www.enerjigazetesi.ist\/en\/wp-json\/wp\/v2\/comments?post=50690"}],"version-history":[{"count":1,"href":"https:\/\/www.enerjigazetesi.ist\/en\/wp-json\/wp\/v2\/posts\/50690\/revisions"}],"predecessor-version":[{"id":50691,"href":"https:\/\/www.enerjigazetesi.ist\/en\/wp-json\/wp\/v2\/posts\/50690\/revisions\/50691"}],"wp:featuredmedia":[{"embeddable":true,"href":"https:\/\/www.enerjigazetesi.ist\/en\/wp-json\/wp\/v2\/media\/50270"}],"wp:attachment":[{"href":"https:\/\/www.enerjigazetesi.ist\/en\/wp-json\/wp\/v2\/media?parent=50690"}],"wp:term":[{"taxonomy":"category","embeddable":true,"href":"https:\/\/www.enerjigazetesi.ist\/en\/wp-json\/wp\/v2\/categories?post=50690"},{"taxonomy":"post_tag","embeddable":true,"href":"https:\/\/www.enerjigazetesi.ist\/en\/wp-json\/wp\/v2\/tags?post=50690"}],"curies":[{"name":"wp","href":"https:\/\/api.w.org\/{rel}","templated":true}]}}