{"id":50680,"date":"2016-02-20T13:14:48","date_gmt":"2016-02-20T10:14:48","guid":{"rendered":"https:\/\/www.enerjigazetesi.ist\/?p=50680"},"modified":"2016-02-20T13:14:48","modified_gmt":"2016-02-20T10:14:48","slug":"rusyaya-karsi-enerji-kalkani","status":"publish","type":"post","link":"https:\/\/www.enerjigazetesi.ist\/en\/rusyaya-karsi-enerji-kalkani\/","title":{"rendered":"(Turkish) Rusya\u2019ya Kar\u015f\u0131 Enerji Kalkan\u0131!"},"content":{"rendered":"<p class=\"qtranxs-available-languages-message qtranxs-available-languages-message-en\">Sorry, this entry is only available in <a href=\"https:\/\/www.enerjigazetesi.ist\/tr\/wp-json\/wp\/v2\/posts\/50680\" class=\"qtranxs-available-language-link qtranxs-available-language-link-tr\" title=\"Turkish\">Turkish<\/a>. For the sake of viewer convenience, the content is shown below in the alternative language. You may click the link to switch the active language.<\/p><p><\/p>\n<div class=\"news-detail-spot\">\n<h2 class=\"selectionShareable\" style=\"color: inherit;\">2006 ve 2009 y\u0131llar\u0131nda Rusya kaynakl\u0131 krizler nedeniyle milyonlarca insan\u0131n so\u011fukta kalmas\u0131n\u0131n yaratt\u0131\u011f\u0131 siyasi etkiyi unutamayan Avrupa Birli\u011fi (AB), enerji g\u00fcvenli\u011fini g\u00fc\u00e7lendirme ama\u00e7l\u0131 yeni bir paketi devreye sokma\u00a0karar\u0131 ald\u0131. AB\u2019nin ald\u0131\u011f\u0131 \u00f6nlemler aras\u0131nda do\u011falgaz depolama kapasitelerinin art\u0131r\u0131lmas\u0131 da bulunuyor.<\/h2>\n<\/div>\n<div class=\"news-box\">\n<p id=\"c1-id-82\" class=\"selectionShareable\">ENERJ\u0130 konusunda d\u0131\u015fa ba\u011f\u0131ml\u0131l\u0131\u011f\u0131 \u00fcst d\u00fczeyde olan ve Rusya\u2019yla ya\u015fanan siyasi sorunlar nedeniy<span style=\"font-weight: bold;\"><img loading=\"lazy\" class=\"alignright size-medium wp-image-50681\" src=\"https:\/\/www.enerjigazetesi.ist\/wp-content\/uploads\/2016\/02\/rusyaya-karsi-enerji-kalkani-300x169.jpg\" alt=\"rusyaya-karsi-enerji-kalkani\" width=\"300\" height=\"169\" srcset=\"https:\/\/www.enerjigazetesi.ist\/wp-content\/uploads\/2016\/02\/rusyaya-karsi-enerji-kalkani-300x169.jpg 300w, https:\/\/www.enerjigazetesi.ist\/wp-content\/uploads\/2016\/02\/rusyaya-karsi-enerji-kalkani-500x282.jpg 500w, https:\/\/www.enerjigazetesi.ist\/wp-content\/uploads\/2016\/02\/rusyaya-karsi-enerji-kalkani-80x45.jpg 80w, https:\/\/www.enerjigazetesi.ist\/wp-content\/uploads\/2016\/02\/rusyaya-karsi-enerji-kalkani.jpg 620w\" sizes=\"(max-width: 300px) 100vw, 300px\" \/><\/span>le bu alanda kendisini g\u00fcvende hissetmeyen Avrupa Birli\u011fi (AB), \u201cenerji kalkan\u0131n\u0131\u201d g\u00fc\u00e7lendirme ama\u00e7l\u0131 bir paketi devreye sokuyor. Enerji arz g\u00fcvenli\u011fine yo\u011funla\u015fan ve d\u0131\u015f kaynaklardan sa\u011flanan enerji arz\u0131n\u0131n daha iyi y\u00f6netilmesiyle Avrupa enerji piyasalar\u0131n\u0131 daha istikrarl\u0131 hale getirme amac\u0131 ta\u015f\u0131yan paket \u00e7ok say\u0131da \u00f6nlem i\u00e7eriyor. Paketin devreye girmesi ile birlitke, art\u0131k herhangi bir AB \u00fclkesinde\u00a0do\u011falgaz\u00a0krizi ya\u015fanmas\u0131 halinde kom\u015fu \u00fclkeler devreye girebilecek. Ayr\u0131ca do\u011falgaz depolama kapasiteleri artt\u0131r\u0131lacak.<\/p>\n<p id=\"c1-id-87\" class=\"selectionShareable\"><span style=\"font-weight: bold;\">KI\u015eI UNUTAMADI<\/span><br \/>\n<br id=\"c1-id-90\" \/>\u00d6zellikle Rusya kaynakl\u0131 krizler nedeniyle 2006 ve 2009\u2019da milyonlarca insan\u0131n so\u011fukta kalmas\u0131n\u0131n yaratt\u0131\u011f\u0131 siyasi etkiyi unutamayan Avrupa Birli\u011fi, benzer bir durumla kar\u015f\u0131la\u015fmamak i\u00e7in ad\u0131mlar\u0131n\u0131 s\u0131kla\u015ft\u0131r\u0131yor. AB Komisyonu \u0130klim ve Enerjiden Sorumlu \u00dcyesi Miguel Arias Canete, \u00f6nceki g\u00fcn yapt\u0131\u011f\u0131 a\u00e7\u0131klamada, \u201cYap\u0131lan son stres testleri, Avrupa\u2019n\u0131n do\u011falgaz kesintilerine kar\u015f\u0131 hala fazla hassas oldu\u011funu g\u00f6steriyor\u201d dedi. Bu hassasl\u0131\u011f\u0131n \u00f6nemli nedenlerinden birini, AB\u2019nin t\u00fcketti\u011fi enerjinin yar\u0131s\u0131n\u0131 ithal etmesi olu\u015fturuyor. Canete, \u201cBu sorun bir anda kaybolmayacak. Kendimizi temiz ve yenilenebilir enerjiye adad\u0131k. Ancak bu durumu bir g\u00fcnde de\u011fi\u015ftiremeyiz\u201d diye konu\u015ftu.<\/p>\n<p id=\"c1-id-91\" class=\"selectionShareable\"><span style=\"font-weight: bold;\">Kriz\u00a0durumunda devreye kom\u015fu girecek<\/span><\/p>\n<p id=\"c1-id-92\" class=\"selectionShareable\">S\u0131n\u0131rlar aras\u0131nda enerji ak\u0131\u015f\u0131na olanak sa\u011flayan, g\u00fcvenilir, rekabet\u00e7i ve esnek bir sistem olu\u015fturma ama\u00e7l\u0131 olan pakette \u00f6ne \u00e7\u0131kan baz\u0131 \u00f6nlemler<br id=\"c1-id-94\" \/>\u00a0ise \u015f\u00f6yle:<br \/>\n<br id=\"c1-id-95\" \/>-AB \u00fcyeleri di\u011fer \u00fclkelerle yapt\u0131klar\u0131 do\u011falgaz anla\u015fmalar\u0131n\u0131 sonu\u00e7land\u0131rmadan \u00f6nce AB Komisyonu\u2019nu bilgilendirecek. AB Komisyonu bu anla\u015fmalar\u0131n Birlik kurallar\u0131na uyumunu denetleyecek.<br id=\"c1-id-96\" \/>-Bir AB \u00fclkesinde do\u011falgaz krizi ya\u015fanmas\u0131 halinde kom\u015fu \u00fclkeler devreye girecek. Yerle\u015fim birimleri, sa\u011fl\u0131k ve g\u00fcvenlik hizmetleri ile sosyal hizmetler sunan binalara do\u011falgaz ak\u0131m\u0131 sa\u011flanacak.<br id=\"c1-id-97\" \/>-Acil durumlarda gaz tedarikinin devam etmesini sa\u011flamaya y\u00f6nelik planlar haz\u0131rlanacak.<br id=\"c1-id-98\" \/>-Birlik \u00fclkelerindeki s\u0131v\u0131la\u015ft\u0131r\u0131lm\u0131\u015f do\u011falgaz (LNG) ve depolama kapasiteleri y\u00fckseltilecek. Kapasitesinin art\u0131r\u0131lmas\u0131na y\u00f6nelik altyap\u0131 \u00e7al\u0131\u015fmalar\u0131 yap\u0131lacak. AB \u00fclkelerinin do\u011frudan ya da bir ba\u015fka Birlik \u00fclkesi \u00fczerinden LNG ve depolama kapasitelerine eri\u015fimi sa\u011flanacak.<br id=\"c1-id-99\" \/>-Yap\u0131lar\u0131n enerji t\u00fcketimlerini sa\u011flayacak \u00f6nlemler al\u0131nacak. Bu ba\u011flamda yap\u0131lar\u0131n yenilenmesine kolayl\u0131k sa\u011flanacak, modern teknolojilerin ve yal\u0131t\u0131m malzemelerinin kullan\u0131m\u0131 desteklenecek.<br id=\"c1-id-100\" \/>AB Komisyonu\u2019nun paketin devreye sokulabilmesi i\u00e7in AB \u00fcyelerinin ve Avrupa Parlamentosu\u2019nun onay\u0131 gerekiyor.<\/p>\n<p class=\"selectionShareable\">Kaynak: <a href=\"http:\/\/www.hurriyet.com.tr\/rusyaya-karsi-enerji-kalkani-40056867\" target=\"_blank\" rel=\"nofollow\">H\u00fcrriyet<\/a><\/p>\n<\/div>\n<p><\/p>","protected":false},"excerpt":{"rendered":"<p>Sorry, this entry is only available in Turkish. For the sake of viewer convenience, the content is shown below in the alternative language. You may click the link to switch the active language. 2006 ve 2009 y\u0131llar\u0131nda Rusya kaynakl\u0131 krizler nedeniyle milyonlarca insan\u0131n so\u011fukta kalmas\u0131n\u0131n yaratt\u0131\u011f\u0131 siyasi etkiyi unutamayan Avrupa Birli\u011fi (AB), enerji g\u00fcvenli\u011fini g\u00fc\u00e7lendirme [&hellip;]<\/p>\n","protected":false},"author":1,"featured_media":50681,"comment_status":"open","ping_status":"open","sticky":false,"template":"","format":"standard","meta":[],"categories":[46,53],"tags":[92,226,19761,2092,2677,63,67,1009,2698,165],"views":801,"_links":{"self":[{"href":"https:\/\/www.enerjigazetesi.ist\/en\/wp-json\/wp\/v2\/posts\/50680"}],"collection":[{"href":"https:\/\/www.enerjigazetesi.ist\/en\/wp-json\/wp\/v2\/posts"}],"about":[{"href":"https:\/\/www.enerjigazetesi.ist\/en\/wp-json\/wp\/v2\/types\/post"}],"author":[{"embeddable":true,"href":"https:\/\/www.enerjigazetesi.ist\/en\/wp-json\/wp\/v2\/users\/1"}],"replies":[{"embeddable":true,"href":"https:\/\/www.enerjigazetesi.ist\/en\/wp-json\/wp\/v2\/comments?post=50680"}],"version-history":[{"count":1,"href":"https:\/\/www.enerjigazetesi.ist\/en\/wp-json\/wp\/v2\/posts\/50680\/revisions"}],"predecessor-version":[{"id":50682,"href":"https:\/\/www.enerjigazetesi.ist\/en\/wp-json\/wp\/v2\/posts\/50680\/revisions\/50682"}],"wp:featuredmedia":[{"embeddable":true,"href":"https:\/\/www.enerjigazetesi.ist\/en\/wp-json\/wp\/v2\/media\/50681"}],"wp:attachment":[{"href":"https:\/\/www.enerjigazetesi.ist\/en\/wp-json\/wp\/v2\/media?parent=50680"}],"wp:term":[{"taxonomy":"category","embeddable":true,"href":"https:\/\/www.enerjigazetesi.ist\/en\/wp-json\/wp\/v2\/categories?post=50680"},{"taxonomy":"post_tag","embeddable":true,"href":"https:\/\/www.enerjigazetesi.ist\/en\/wp-json\/wp\/v2\/tags?post=50680"}],"curies":[{"name":"wp","href":"https:\/\/api.w.org\/{rel}","templated":true}]}}