{"id":5068,"date":"2013-01-10T17:40:44","date_gmt":"2013-01-10T14:40:44","guid":{"rendered":"https:\/\/www.enerjigazetesi.ist\/?p=5068"},"modified":"2020-04-27T20:44:47","modified_gmt":"2020-04-27T17:44:47","slug":"enve-enerjiden-enerji-verimliligi-haftasi-yapilan-yazili-basin-aciklamasi","status":"publish","type":"post","link":"https:\/\/www.enerjigazetesi.ist\/en\/enve-enerjiden-enerji-verimliligi-haftasi-yapilan-yazili-basin-aciklamasi\/","title":{"rendered":"ENVE ENERJ\u0130&#8217;den Enerji Verimlili\u011fi Haftas\u0131 Yap\u0131lan Yaz\u0131l\u0131 Bas\u0131n A\u00e7\u0131klamas\u0131"},"content":{"rendered":"<p><strong>HER \u0130\u015eLETMEN\u0130N MUTLAKA B\u0130R ENERJ\u0130 POL\u0130T\u0130KASI OLMALIDIR.<\/strong><\/p>\n<p>Enerji kaynaklar\u0131n\u0131n s\u0131n\u0131rl\u0131 olmas\u0131 ve enerji fiyatlar\u0131ndaki dalgalanmalar, artan rekabet ko\u015fullar\u0131 kaynaklar\u0131n etkin kullan\u0131m\u0131n\u0131 son derece \u00f6nemli ve zorunlu hale getirmi\u015ftir. D\u00fcnyan\u0131n ve \u00fclkemizin en \u00f6nemli g\u00fcndem maddelerinden birisi ku\u015fkusuz <strong>enerji <\/strong>. Enerji giderlerini dikkate almayan, enerji departman\u0131 olmayan \u015firketler rekabet ko\u015fullar\u0131nda ciddi s\u0131k\u0131nt\u0131lar ya\u015fayabilecektir.<strong> <\/strong><\/p>\n<p><strong>Bu nedenle, her i\u015fletmenin mutlaka bir enerji politikas\u0131 olmal\u0131d\u0131r.<\/strong><strong> <\/strong><strong><\/strong><\/p>\n<p><strong><img loading=\"lazy\" class=\"alignright size-medium wp-image-5069\" title=\"envehaber2\" src=\"https:\/\/www.enerjigazetesi.ist\/wp-content\/uploads\/2013\/01\/envehaber2-300x181.jpg\" alt=\"\" width=\"300\" height=\"181\" srcset=\"https:\/\/www.enerjigazetesi.ist\/wp-content\/uploads\/2013\/01\/envehaber2-300x181.jpg 300w, https:\/\/www.enerjigazetesi.ist\/wp-content\/uploads\/2013\/01\/envehaber2-80x48.jpg 80w, https:\/\/www.enerjigazetesi.ist\/wp-content\/uploads\/2013\/01\/envehaber2.jpg 453w\" sizes=\"(max-width: 300px) 100vw, 300px\" \/><a href=\"http:\/\/www.enve.com.tr\" target=\"_blank\">Enerji Verimlili\u011fi<\/a><\/strong> \u00e7al\u0131\u015fmalar\u0131 bir konuya y\u00f6nelik yap\u0131l\u0131p tamamlanacak bir \u00e7al\u0131\u015fma de\u011fildir. Bu \u00e7al\u0131\u015fmalar\u0131n b\u00fct\u00fcnsel bir yakla\u015f\u0131mla d\u00fc\u015f\u00fcn\u00fclmesi, birbirini etkileyen unsurlar\u0131n belirlenmesi ve s\u00fcreklili\u011finin sa\u011flanmas\u0131 gerekir. Enerji konusu da di\u011fer y\u00f6netim sistemleri gibi bir sistem anlay\u0131\u015f\u0131 i\u00e7inde ele al\u0131nmay\u0131, enerji harcama noktalar\u0131n\u0131n s\u00fcrekli izlenmesini ve elde edilen verilere g\u00f6re iyile\u015ftirmelerin yap\u0131lmas\u0131n\u0131 gerektirir. Bu yakla\u015f\u0131m ile her d\u00fczeyde her zaman enerji tasarrufu yapma\u00a0 bilincini sa\u011flanmal\u0131d\u0131r.<\/p>\n<p>Enerji verimlili\u011fi T\u00fcrkiye de her ge\u00e7en g\u00fcn daha da \u00f6nem kazanmakta olup\u00a0 yap\u0131c\u0131 uygulamalar\u0131n h\u0131zla armas\u0131 gerekiyor. Ba\u015far\u0131 i\u00e7in Te\u015fviklerle enerji verimlili\u011fi uygulamalar\u0131na h\u0131z kazand\u0131r\u0131l\u0131rken, kanunda belirtilen yapt\u0131r\u0131mlar\u0131nda uygulanmas\u0131 2023 hedeflerimize ula\u015fma s\u00fcrecimizi k\u0131saltacakt\u0131r.<\/p>\n<p>Toplumsal faydaya odakl\u0131 sosyal sorumluluk projelerinden biri olan Enerji Verimlili\u011fi ve Enerji tasarrufu, bilinci ya\u015fam tarz\u0131 k\u00fclt\u00fcr haline getirilmelidir. Bu nedenle kamuoyu bilin\u00e7lendirme ve fark\u0131ndal\u0131k \u00e7al\u0131\u015fmalar\u0131n\u0131n h\u0131zland\u0131r\u0131lmas\u0131 ka\u00e7\u0131n\u0131lmazd\u0131r.<\/p>\n<p><strong><a href=\"http:\/\/www.enve.com.tr\" target=\"_blank\">ENVE ENERJ\u0130<\/a><\/strong><\/p>\n","protected":false},"excerpt":{"rendered":"<p>HER \u0130\u015eLETMEN\u0130N MUTLAKA B\u0130R ENERJ\u0130 POL\u0130T\u0130KASI OLMALIDIR. Enerji kaynaklar\u0131n\u0131n s\u0131n\u0131rl\u0131 olmas\u0131 ve enerji fiyatlar\u0131ndaki dalgalanmalar, artan rekabet ko\u015fullar\u0131 kaynaklar\u0131n etkin kullan\u0131m\u0131n\u0131 son derece \u00f6nemli ve zorunlu hale getirmi\u015ftir. D\u00fcnyan\u0131n ve \u00fclkemizin en \u00f6nemli g\u00fcndem maddelerinden birisi ku\u015fkusuz enerji . Enerji giderlerini dikkate almayan, enerji departman\u0131 olmayan \u015firketler rekabet ko\u015fullar\u0131nda ciddi s\u0131k\u0131nt\u0131lar ya\u015fayabilecektir. Bu nedenle, her [&hellip;]<\/p>\n","protected":false},"author":1,"featured_media":5069,"comment_status":"open","ping_status":"open","sticky":false,"template":"","format":"standard","meta":[],"categories":[53,52],"tags":[67,1715,12,1727,298,1763,133],"views":220,"_links":{"self":[{"href":"https:\/\/www.enerjigazetesi.ist\/en\/wp-json\/wp\/v2\/posts\/5068"}],"collection":[{"href":"https:\/\/www.enerjigazetesi.ist\/en\/wp-json\/wp\/v2\/posts"}],"about":[{"href":"https:\/\/www.enerjigazetesi.ist\/en\/wp-json\/wp\/v2\/types\/post"}],"author":[{"embeddable":true,"href":"https:\/\/www.enerjigazetesi.ist\/en\/wp-json\/wp\/v2\/users\/1"}],"replies":[{"embeddable":true,"href":"https:\/\/www.enerjigazetesi.ist\/en\/wp-json\/wp\/v2\/comments?post=5068"}],"version-history":[{"count":6,"href":"https:\/\/www.enerjigazetesi.ist\/en\/wp-json\/wp\/v2\/posts\/5068\/revisions"}],"predecessor-version":[{"id":5071,"href":"https:\/\/www.enerjigazetesi.ist\/en\/wp-json\/wp\/v2\/posts\/5068\/revisions\/5071"}],"wp:featuredmedia":[{"embeddable":true,"href":"https:\/\/www.enerjigazetesi.ist\/en\/wp-json\/wp\/v2\/media\/5069"}],"wp:attachment":[{"href":"https:\/\/www.enerjigazetesi.ist\/en\/wp-json\/wp\/v2\/media?parent=5068"}],"wp:term":[{"taxonomy":"category","embeddable":true,"href":"https:\/\/www.enerjigazetesi.ist\/en\/wp-json\/wp\/v2\/categories?post=5068"},{"taxonomy":"post_tag","embeddable":true,"href":"https:\/\/www.enerjigazetesi.ist\/en\/wp-json\/wp\/v2\/tags?post=5068"}],"curies":[{"name":"wp","href":"https:\/\/api.w.org\/{rel}","templated":true}]}}