{"id":5064,"date":"2013-01-09T17:44:59","date_gmt":"2013-01-09T14:44:59","guid":{"rendered":"https:\/\/www.enerjigazetesi.ist\/?p=5064"},"modified":"2013-01-09T17:45:20","modified_gmt":"2013-01-09T14:45:20","slug":"turkiyede-enerji-tuketimi-yuzde-30-artti-binalarin-yuzde-85i-ise-yalitimsiz","status":"publish","type":"post","link":"https:\/\/www.enerjigazetesi.ist\/en\/turkiyede-enerji-tuketimi-yuzde-30-artti-binalarin-yuzde-85i-ise-yalitimsiz\/","title":{"rendered":"(Turkish) T\u00fcrkiye&#8217;de Enerji T\u00fcketimi Y\u00fczde 30 Artt\u0131, Binalar\u0131n Y\u00fczde 85&#8217;i \u0130se Yal\u0131t\u0131ms\u0131z&#8230;"},"content":{"rendered":"<p class=\"qtranxs-available-languages-message qtranxs-available-languages-message-en\">Sorry, this entry is only available in <a href=\"https:\/\/www.enerjigazetesi.ist\/tr\/wp-json\/wp\/v2\/posts\/5064\" class=\"qtranxs-available-language-link qtranxs-available-language-link-tr\" title=\"Turkish\">Turkish<\/a>. For the sake of viewer convenience, the content is shown below in the alternative language. You may click the link to switch the active language.<\/p><p><strong>T\u00fcrkiye&#8217;de Enerji t\u00fcketiminin y\u00fczde 30 artmas\u0131na kar\u015f\u0131n, binalar\u0131n ise y\u00fczde 85&#8217;inin halen yal\u0131t\u0131ms\u0131z oldu\u011fu belirtildi.<\/strong><\/p>\n<p>\u00dclkemizde her y\u0131l Ocak ay\u0131n\u0131n ikinci haftas\u0131 &#8220;Enerji Verimlili\u011fi Haftas\u0131&#8221; olarak kutlan\u0131yor. Enerji kaynaklar\u0131m\u0131z\u0131n h\u0131zla t\u00fckendi\u011fi g\u00fcn\u00fcm\u00fczde, bu k\u00f6t\u00fc gidi\u015fe dur demek i\u00e7in bireylerden ba\u015flamak \u00fczere herkese b\u00fcy\u00fck sorumluluklar d\u00fc\u015f\u00fcyor. Bireysel olarak enerji tasarrufu yapman\u0131n en \u00f6nemli ad\u0131m\u0131 ise \u0131s\u0131 yal\u0131t\u0131m\u0131 yapt\u0131rmaktan ge\u00e7iyor. Oysa \u00fclkemizdeki binalar\u0131n sadece y\u00fczde 15&#8217;inde \u0131s\u0131 yal\u0131t\u0131m\u0131 var. Avrupa Birli\u011fi \u00fclkelerinde ise bu oran y\u00fczde 50 &#8211; 60&#8217;lar seviyesinde. Buna kar\u015f\u0131l\u0131k son 10 y\u0131lda enerji t\u00fcketimi T\u00fcrkiye&#8217;de y\u00fczde 30 artarken, Avrupa Birli\u011fi&#8217;nde ise y\u00fczde 10 artt\u0131. Blue&#8217;Safe Mavi Kale yetkilileri \u0131s\u0131nma ama\u00e7l\u0131 kullan\u0131lan enerjiden nitelikli \u0131s\u0131 yal\u0131t\u0131m\u0131yla y\u00fczde 50 tasarruf sa\u011fland\u0131\u011f\u0131n\u0131 a\u00e7\u0131klad\u0131.<\/p>\n<p><img loading=\"lazy\" class=\"size-medium wp-image-5065 alignleft\" title=\"isi-yalitiminda-enerji-tuketimi-turkiye\" src=\"https:\/\/www.enerjigazetesi.ist\/wp-content\/uploads\/2013\/01\/isi-yalitiminda-enerji-tuketimi-turkiye-300x200.jpg\" alt=\"\" width=\"300\" height=\"200\" srcset=\"https:\/\/www.enerjigazetesi.ist\/wp-content\/uploads\/2013\/01\/isi-yalitiminda-enerji-tuketimi-turkiye-300x200.jpg 300w, https:\/\/www.enerjigazetesi.ist\/wp-content\/uploads\/2013\/01\/isi-yalitiminda-enerji-tuketimi-turkiye-74x50.jpg 74w, https:\/\/www.enerjigazetesi.ist\/wp-content\/uploads\/2013\/01\/isi-yalitiminda-enerji-tuketimi-turkiye.jpg 400w\" sizes=\"(max-width: 300px) 100vw, 300px\" \/>G\u00fcn\u00fcm\u00fczde sahip oldu\u011fumuz ya\u015fam ko\u015fullar\u0131 i\u00e7in enerji son derece \u00f6nemli. Modern ya\u015fam\u0131n sundu\u011fu olanaklar\u0131 s\u00fcrd\u00fcr\u00fclebilir k\u0131lmak i\u00e7in enerjiyi verimli kullanmak gerekiyor. Bu konuya dikkat \u00e7ekmek i\u00e7in 1981 y\u0131l\u0131ndan bu yana her y\u0131l Ocak ay\u0131n\u0131n ikinci haftas\u0131 Enerji Verimlili\u011fi Haftas\u0131 olarak kutlan\u0131yor. Enerji kaynaklar\u0131n\u0131n verimli kullan\u0131lmas\u0131 i\u00e7in herkesin yapabilece\u011fi bir \u015feyler bulunuyor. Bunlar\u0131n ba\u015f\u0131nda da oturdu\u011fumuz binaya \u0131s\u0131 yal\u0131t\u0131m\u0131 yapt\u0131rmak geliyor.<\/p>\n<p>Is\u0131 yal\u0131t\u0131m\u0131yla binalarda \u0131s\u0131nma ve serinleme i\u00e7in harcanan enerjiden y\u00fczde 50 tasarruf etmek m\u00fcmk\u00fcn. Enerjiden yap\u0131lan bu tasarruf do\u011falgaz ve elektrik faturalar\u0131n\u0131n da yar\u0131 yar\u0131ya d\u00fc\u015fmesini sa\u011fl\u0131yor. Buna kar\u015f\u0131l\u0131k \u00fclkemizdeki binalar\u0131n sadece y\u00fczde 15&#8217;inde \u0131s\u0131 yal\u0131t\u0131m\u0131 var. Avrupa Birli\u011fi \u00fclkelerinde ise bu oran y\u00fczde 50-60&#8217;lar seviyesinde.<\/p>\n<p>Is\u0131 yal\u0131t\u0131m\u0131n\u0131n enerji verimlili\u011fine \u00f6nemli \u00f6l\u00e7\u00fcde katk\u0131s\u0131 oldu\u011funu s\u00f6yleyen Mardav Sat\u0131\u015f ve Pazarlamadan Sorumlu Genel M\u00fcd\u00fcr Yard\u0131mc\u0131s\u0131 Alper Do\u011fruer, &#8220;Her y\u0131l Ocak ay\u0131n\u0131n ikinci haftas\u0131 kutlanan Enerji Verimlili\u011fi Haftas\u0131&#8217;nda, enerji verimlili\u011fi ad\u0131na \u0131s\u0131 yal\u0131t\u0131m\u0131n\u0131n \u00f6nemini bir kez daha vurguluyoruz. Enerji kaynaklar\u0131n\u0131n h\u0131zla t\u00fckendi\u011fi g\u00fcn\u00fcm\u00fczde, enerji verimlili\u011fi sa\u011flayacak \u00e7al\u0131\u015fmalar b\u00fcy\u00fck \u00f6nem ta\u015f\u0131yor. \u00dclkemizin 2023 hedeflerine bakt\u0131\u011f\u0131m\u0131zda, bug\u00fcnk\u00fc toplam enerji t\u00fcketiminin hemen hemen iki kat\u0131 bir art\u0131\u015f bekleniyor. Bununla birlikte y\u00fczde 20 tasarruf hedefleniyor. Bu da yakla\u015f\u0131k olarak bug\u00fcn binalarda kullan\u0131lan toplam enerji t\u00fcketiminin neredeyse tamam\u0131n\u0131n tasarruf hedefi olarak konuldu\u011funu g\u00f6steriyor. Bu hedefe ula\u015fmak i\u00e7in elbette tedbirler almak gerekiyor. Bunun ba\u015f\u0131nda da binalara \u0131s\u0131 yal\u0131t\u0131m\u0131 yapt\u0131rmak geliyor. \u015eu anda \u00fclkemizdeki yal\u0131t\u0131ml\u0131 binalar\u0131n oran\u0131 sadece y\u00fczde 15. Avrupa Birli\u011fi \u00fclkelerinin bu konuda bizden \u00e7ok daha ileride oldu\u011funu g\u00f6r\u00fcyoruz. Bu \u00fclkelerdeki yal\u0131t\u0131ml\u0131 bina oran\u0131 y\u00fczde 50 &#8211; 60 seviyelerinde&#8221; diye konu\u015ftu.<\/p>\n<p>Kalekim Sat\u0131\u015ftan Sorumlu Genel M\u00fcd\u00fcr Yard\u0131mc\u0131s\u0131 Altu\u011f Akba\u015f ise Enerji Verimlili\u011fi Haftas\u0131 ile ilgili \u015funlar\u0131 s\u00f6yledi: &#8220;\u00dclkemizde yal\u0131t\u0131ms\u0131z binalar y\u00fcz\u00fcnden her y\u0131l bo\u015fa harcad\u0131\u011f\u0131m\u0131z enerjinin bedeli 7,5 milyar dolar. T\u00fcrkiye, enerjisinin y\u00fczde 73&#8217;\u00fcn\u00fc ithalatla kar\u015f\u0131layan enerjide d\u0131\u015fa ba\u011f\u0131ml\u0131 bir \u00fclke. \u00dclkemizde kullan\u0131lan enerjinin y\u00fczde 34&#8217;\u00fc konutlarda kullan\u0131l\u0131yor.<\/p>\n<p>Konutlarda kullan\u0131lan bu enerjinin y\u00fczde 80&#8217;i ise \u0131s\u0131tma ama\u00e7l\u0131 t\u00fcketiliyor. Is\u0131 yal\u0131t\u0131m\u0131yla bu enerji t\u00fcketimini y\u00fczde 50 oran\u0131nda azaltmak m\u00fcmk\u00fcn. Yal\u0131t\u0131ms\u0131z binalar ve enerjinin verimli kullan\u0131lmamas\u0131 do\u011frultusunda son 10 y\u0131lda T\u00fcrkiye&#8217;de enerji t\u00fcketimi y\u00fczde 30 artt\u0131. Avrupa Birli\u011fi \u00fclkelerindeki art\u0131\u015f ise sadece y\u00fczde 10. Yal\u0131t\u0131ms\u0131z bir bina y\u0131lda 300-350 kwh\/m2 enerji t\u00fcketirken, mevcut TS 825&#8217;e uygun in\u015fa edilmi\u015f bir bina y\u0131lda 80-100 kwh\/m2 seviyelerinde enerji t\u00fcketiyor.<\/p>\n<p>Avrupa Birli\u011fi&#8217;nde \u015fimdi bu rakam\u0131n y\u0131lda 15 kwh\/m2&#8217;nin alt\u0131na indirilmesi i\u00e7in \u00e7al\u0131\u015fmalar ba\u015flad\u0131. Bunun i\u00e7in enerjiyi son derece verimli kullanan Pasif Ev&#8217;ler yap\u0131l\u0131yor. \u00dclke olarak bizim de bu konuda ad\u0131mlar atmam\u0131z gerekiyor. Blue&#8217;Safe Mavi Kale olarak t\u00fcketicilerin kaliteli \u00fcr\u00fcnler ve do\u011fru i\u015f\u00e7ilikle binalar\u0131na yal\u0131t\u0131m yapt\u0131rarak hem kendi ekonomilerine hem de \u00fclke ekonomisine katk\u0131da bulunabileceklerinin alt\u0131n\u0131 \u00e7iziyoruz.&#8221;<\/p>\n<p>Kaynak: <a href=\"http:\/\/finans.milliyet.com.tr\/portal\/ISE\/getDetailsStory.html?storyId=167922&amp;goToHomePageParam=true&amp;siteLanguage=en\" target=\"_blank\">Milliyet<\/a><\/p>","protected":false},"excerpt":{"rendered":"<p>Sorry, this entry is only available in Turkish. For the sake of viewer convenience, the content is shown below in the alternative language. You may click the link to switch the active language.T\u00fcrkiye&#8217;de Enerji t\u00fcketiminin y\u00fczde 30 artmas\u0131na kar\u015f\u0131n, binalar\u0131n ise y\u00fczde 85&#8217;inin halen yal\u0131t\u0131ms\u0131z oldu\u011fu belirtildi. \u00dclkemizde her y\u0131l Ocak ay\u0131n\u0131n ikinci haftas\u0131 &#8220;Enerji [&hellip;]<\/p>\n","protected":false},"author":1,"featured_media":5065,"comment_status":"open","ping_status":"open","sticky":false,"template":"","format":"standard","meta":[],"categories":[53,52],"tags":[1762,103,148,12,1727,380,846],"views":820,"_links":{"self":[{"href":"https:\/\/www.enerjigazetesi.ist\/en\/wp-json\/wp\/v2\/posts\/5064"}],"collection":[{"href":"https:\/\/www.enerjigazetesi.ist\/en\/wp-json\/wp\/v2\/posts"}],"about":[{"href":"https:\/\/www.enerjigazetesi.ist\/en\/wp-json\/wp\/v2\/types\/post"}],"author":[{"embeddable":true,"href":"https:\/\/www.enerjigazetesi.ist\/en\/wp-json\/wp\/v2\/users\/1"}],"replies":[{"embeddable":true,"href":"https:\/\/www.enerjigazetesi.ist\/en\/wp-json\/wp\/v2\/comments?post=5064"}],"version-history":[{"count":2,"href":"https:\/\/www.enerjigazetesi.ist\/en\/wp-json\/wp\/v2\/posts\/5064\/revisions"}],"predecessor-version":[{"id":5067,"href":"https:\/\/www.enerjigazetesi.ist\/en\/wp-json\/wp\/v2\/posts\/5064\/revisions\/5067"}],"wp:featuredmedia":[{"embeddable":true,"href":"https:\/\/www.enerjigazetesi.ist\/en\/wp-json\/wp\/v2\/media\/5065"}],"wp:attachment":[{"href":"https:\/\/www.enerjigazetesi.ist\/en\/wp-json\/wp\/v2\/media?parent=5064"}],"wp:term":[{"taxonomy":"category","embeddable":true,"href":"https:\/\/www.enerjigazetesi.ist\/en\/wp-json\/wp\/v2\/categories?post=5064"},{"taxonomy":"post_tag","embeddable":true,"href":"https:\/\/www.enerjigazetesi.ist\/en\/wp-json\/wp\/v2\/tags?post=5064"}],"curies":[{"name":"wp","href":"https:\/\/api.w.org\/{rel}","templated":true}]}}