{"id":50551,"date":"2016-02-17T21:20:14","date_gmt":"2016-02-17T18:20:14","guid":{"rendered":"https:\/\/www.enerjigazetesi.ist\/?p=50551"},"modified":"2016-02-17T21:20:15","modified_gmt":"2016-02-17T18:20:15","slug":"102-liralik-elektrik-faturasinda-sadece-52-lirasi-tuketim-bedeli","status":"publish","type":"post","link":"https:\/\/www.enerjigazetesi.ist\/en\/102-liralik-elektrik-faturasinda-sadece-52-lirasi-tuketim-bedeli\/","title":{"rendered":"(Turkish) &#8217;102 Liral\u0131k Elektrik Faturas\u0131nda Sadece 52 Liras\u0131 T\u00fcketim Bedeli&#8230;'"},"content":{"rendered":"<p class=\"qtranxs-available-languages-message qtranxs-available-languages-message-en\">Sorry, this entry is only available in <a href=\"https:\/\/www.enerjigazetesi.ist\/tr\/wp-json\/wp\/v2\/posts\/50551\" class=\"qtranxs-available-language-link qtranxs-available-language-link-tr\" title=\"Turkish\">Turkish<\/a>. For the sake of viewer convenience, the content is shown below in the alternative language. You may click the link to switch the active language.<\/p><p><strong>T\u00fcrkiye&#8217;nin enerjide yapt\u0131\u011f\u0131 hatalara dikkat \u00e7eken CHP&#8217;nin enerji kurmay\u0131 Bal\u0131kesir Milletvekili Ahmet Ak\u0131n, d\u0131\u015f politikadaki her yanl\u0131\u015f\u0131n vatanda\u015f\u0131n faturalar\u0131na yans\u0131d\u0131\u011f\u0131n\u0131 s\u00f6yledi. Ak\u0131n, elektrik ve akaryak\u0131tta \u00e7ok y\u00fcksek vergiler ve ek masraflar ald\u0131\u011f\u0131n\u0131 kaydetti.<\/strong><\/p>\n<p>CHP Bal\u0131kesir Milletvekili ve Genel Ba\u015fkan Kemal K\u0131l\u0131\u00e7daro\u011flu&#8217;nun enerji ba\u015fdan\u0131\u015fman\u0131 Ahmet Ak\u0131n, T\u00fcrkiye&#8217;nin d\u0131\u015f politikadaki her yanl\u0131\u015f\u0131<a href=\"https:\/\/www.enerjigazetesi.ist\/wp-content\/uploads\/2016\/02\/102-liralik-elektrik-faturasinda-sadece-52-lirasi-tuketim-bedeli.jpg\"><img loading=\"lazy\" class=\"alignleft size-medium wp-image-50552\" src=\"https:\/\/www.enerjigazetesi.ist\/wp-content\/uploads\/2016\/02\/102-liralik-elektrik-faturasinda-sadece-52-lirasi-tuketim-bedeli-300x186.jpg\" alt=\"102-liralik-elektrik-faturasinda-sadece-52-lirasi-tuketim-bedeli\" width=\"300\" height=\"186\" srcset=\"https:\/\/www.enerjigazetesi.ist\/wp-content\/uploads\/2016\/02\/102-liralik-elektrik-faturasinda-sadece-52-lirasi-tuketim-bedeli-300x186.jpg 300w, https:\/\/www.enerjigazetesi.ist\/wp-content\/uploads\/2016\/02\/102-liralik-elektrik-faturasinda-sadece-52-lirasi-tuketim-bedeli-500x310.jpg 500w, https:\/\/www.enerjigazetesi.ist\/wp-content\/uploads\/2016\/02\/102-liralik-elektrik-faturasinda-sadece-52-lirasi-tuketim-bedeli-80x50.jpg 80w, https:\/\/www.enerjigazetesi.ist\/wp-content\/uploads\/2016\/02\/102-liralik-elektrik-faturasinda-sadece-52-lirasi-tuketim-bedeli.jpg 563w\" sizes=\"(max-width: 300px) 100vw, 300px\" \/><\/a>n\u0131n vatanda\u015f\u0131n \u00f6dedi\u011fi enerji faturalar\u0131na yans\u0131d\u0131\u011f\u0131n\u0131 s\u00f6yledi. Enerjide d\u0131\u015fa ba\u011f\u0131ml\u0131l\u0131\u011f\u0131n AK Parti iktidarlar\u0131 d\u00f6neminde y\u00fczde 56&#8217;dan y\u00fczde 75&#8217;e \u00e7\u0131kt\u0131\u011f\u0131n\u0131 belirten Ak\u0131n, bir yandan kom\u015fularla ili\u015fkilerin bozulmas\u0131n\u0131n, di\u011fer yandan da d\u0131\u015fa ba\u011f\u0131ml\u0131l\u0131\u011f\u0131n\u0131n artmas\u0131n\u0131n T\u00fcrkiye i\u00e7in \u00e7ok ciddi riskleri oldu\u011funu kaydetti. Ak\u0131n, elektrik ve akaryak\u0131t t\u00fcketiminde de devletin vatanda\u015ftan \u00e7ok y\u00fcksek vergiler ve ek masraflar ald\u0131\u011f\u0131n\u0131 belirtti.<\/p>\n<p>Ba\u015fta enerji olmak \u00fczere g\u00fcndemdeki konular\u0131 Zaman&#8217;a de\u011ferlendiren CHP&#8217;nin enerji kurmaylar\u0131ndan Ahmet Ak\u0131n, enerjide vergi y\u00fck\u00fcne dikkat \u00e7ekti. Vatanda\u015f\u0131n \u00f6dedi\u011fi 102 liral\u0131k bir elektrik faturas\u0131n\u0131n sadece 52 liras\u0131n\u0131n enerji gideri oldu\u011funu vurgulayan Ak\u0131n, \u201cT\u00fcketim d\u0131\u015f\u0131ndaki kay\u0131p ka\u00e7ak, TRT pay\u0131, vergiler gibi t\u00fcm giderleri, \u2018genel giderler&#8217; diye toplad\u0131lar, daha do\u011frusu bunu karartt\u0131lar. Kay\u0131p ka\u00e7ak asl\u0131nda vatanda\u015f\u0131 ilgilendirmiyor. Sorumlusu devlet veya da\u011f\u0131t\u0131m \u015firketidir. Yarg\u0131n\u0131n verdi\u011fi iade karar\u0131 var. Bunlar\u0131 karartmak i\u00e7in farkl\u0131 uygulamalara gidiyorlar. Vatanda\u015f, t\u00fcketti\u011fi elektri\u011fin iki kat\u0131ndan fazla bedel \u00f6d\u00fcyor.\u201d dedi. Kay\u0131p ka\u00e7a\u011f\u0131n h\u0131rs\u0131zl\u0131k oldu\u011funu vurgulayan Ak\u0131n, bu problemi devlet ve \u00f6zel \u015firketlerin birlikte \u00e7\u00f6zmesi gerekti\u011fini kaydetti. Ak\u0131n, \u201cDevlet onlara arka \u00e7\u0131k\u0131yor, \u015firketler kazans\u0131n diye. Onlar\u0131n zarar etmesine izin vermiyor ama halk\u0131n fazla fatura \u00f6demesine ses \u00e7\u0131karm\u0131yor.\u201d ifadelerini kulland\u0131.<\/p>\n<p>Ahmet Ak\u0131n&#8217;\u0131n dikkat \u00e7ekti\u011fi bir di\u011fer konu da, T\u00fcrkiye&#8217;nin Ortado\u011fu&#8217;daki d\u0131\u015f politikas\u0131n\u0131n, d\u0131\u015fa ba\u011f\u0131ml\u0131 oldu\u011fu enerji konusundaki politikalar\u0131n\u0131 olumsuz etkilemesi. Rusya ba\u015fta olmak \u00fczere b\u00f6lgedeki \u00fclkelerle ili\u015fkilerin bozulmas\u0131n\u0131n T\u00fcrkiye&#8217;yi gelecek d\u00f6nemde daha b\u00fcy\u00fck s\u0131k\u0131nt\u0131lara sokabilece\u011fini kaydeden Ak\u0131n, d\u0131\u015f politikadaki her yanl\u0131\u015f ad\u0131m\u0131n vatanda\u015f\u0131n \u00f6dedi\u011fi elektrik ve do\u011falgaz faturalar\u0131n\u0131 biraz daha kabartt\u0131\u011f\u0131n\u0131 s\u00f6yledi. Ak\u0131n, \u015fu de\u011ferlendirmeyi yapt\u0131: \u201cBizim d\u0131\u015f politikadaki her yanl\u0131\u015f\u0131m\u0131z, vatanda\u015f\u0131n cebine yans\u0131yor. \u00c7\u00fcnk\u00fc enerjide \u00e7ok b\u00fcy\u00fck oranda d\u0131\u015fa ba\u011f\u0131ml\u0131y\u0131z. Ba\u015fbakan Ahmet Davuto\u011flu \u2018s\u0131f\u0131r sorun&#8217; diyordu. Maalesef art\u0131k \u2018s\u0131f\u0131r kom\u015fu&#8217; durumuna geldik.\u201d<\/p>\n<p>Ahmet Ak\u0131n&#8217;dan sat\u0131r ba\u015flar\u0131&#8230;<\/p>\n<p><strong>Enerjide d\u0131\u015fa ba\u011f\u0131ml\u0131l\u0131k her ge\u00e7en y\u0131l art\u0131yor<\/strong><\/p>\n<p>En b\u00fcy\u00fck yanl\u0131\u015flar\u0131m\u0131zdan biri enerjide d\u0131\u015fa ba\u011f\u0131ml\u0131 olmak ve bunun devaml\u0131 artmas\u0131. 1990&#8217;da y\u00fczde 50 civar\u0131nda olan d\u0131\u015fa ba\u011f\u0131ml\u0131l\u0131k, 2002&#8217;de y\u00fczde 56&#8217;yd\u0131, bug\u00fcn ise y\u00fczde 75 d\u00fczeyinde. AKP h\u00fck\u00fcmetinin politikalar\u0131, bizi daha da fazla ba\u011f\u0131ml\u0131 hale getiriyor. \u00dclke olarak b\u00fcy\u00fck do\u011fal kaynaklar\u0131m\u0131z var. G\u00fcne\u015ften y\u0131ll\u0131k 400 milyar kilovatsaat enerji \u00fcretme potansiyelimiz var. N\u00fckleer enerji gibi \u00e7ok spesifik bir konuda ihaleyi Ruslara veriyoruz. Ne yaz\u0131k ki T\u00fcrkiye&#8217;de, n\u00fckleer enerjinin vidas\u0131n\u0131 s\u0131kacak bir eleman bile yok. \u015eimdi bir bombay\u0131 yerle\u015ftiriyoruz, anahtar\u0131n\u0131 Ruslara veriyoruz. R\u00fczg\u00e2rla \u00fcretim y\u00fczde 3,3, oysa potansiyelimiz 100 milyar kilovatsaat. \u015eu anda her y\u0131l enerjiye 55 milyar dolar \u00f6d\u00fcyoruz.<\/p>\n<p><strong>Demokraside cumhurba\u015fkan\u0131 damad\u0131 enerji bakan\u0131 olmaz<\/strong><\/p>\n<p>Herkes siyaset yapabilmeli ancak bir \u00fclkenin enerji bakan\u0131n\u0131n \u2018cumhurba\u015fkan\u0131n\u0131n damad\u0131&#8217; olmas\u0131 etik de\u011fildir. Ultra bir profes\u00f6r bile olsa etik olarak yerine oturmuyor. \u00c7\u00fcnk\u00fc Enerji Bakanl\u0131\u011f\u0131, paran\u0131n en \u00e7ok d\u00f6nd\u00fc\u011f\u00fc ve en stratejik bakanl\u0131k. Enerjideki k\u00e2r marjlar\u0131n\u0131, yat\u0131r\u0131mlar\u0131, uygulamalar\u0131 d\u00fc\u015f\u00fcnd\u00fc\u011f\u00fcm\u00fczde, m\u00fcthi\u015f rantsal boyutu olan i\u015fler. Demokrasiyle y\u00f6netilen \u00fclkelerde olmamas\u0131 gereken bir \u015fey. Umar\u0131z ba\u015far\u0131l\u0131 olur ama bu etiketle ne kadar ba\u015far\u0131l\u0131 olaca\u011f\u0131 \u015f\u00fcpheli.<\/p>\n<p><strong>TRT, vatanda\u015f\u0131n paras\u0131yla iktidar borazanl\u0131\u011f\u0131 yap\u0131yor<\/strong><\/p>\n<p>TRT maalesef elektrik faturalar\u0131ndan verdi\u011fimiz payla iktidar partisinin borazanl\u0131\u011f\u0131n\u0131 yap\u0131yor. Utanmadan, haddi olmadan TRT bu memleketin kurucusuna hakaret edecek seviyesizlik yap\u0131yor. Di\u011fer yandan ald\u0131\u011f\u0131 paray\u0131 d\u0131\u015f yap\u0131mlar ad\u0131 alt\u0131nda yanda\u015flara da\u011f\u0131t\u0131yor. Yanda\u015fl\u0131k olay\u0131n\u0131 bitirdi\u011fimiz zaman halk\u0131m\u0131z kazan\u0131r. Se\u00e7im zaman\u0131nda bile muhalefete verilen s\u00f6z s\u00fcresi o kadar az ki. Kendimizi anlatmam\u0131za f\u0131rsat yok. Tamam TRT AKP&#8217;nin yay\u0131n\u0131 olsun ama faturalardan pay almas\u0131n.<\/p>\n<p><strong>KDV&#8217;si y\u00fczde 18 olsa, benzinin litresi 2 liraya sat\u0131l\u0131r<\/strong><\/p>\n<p>D\u00fcnyada akaryak\u0131t fiyatlar\u0131 110 dolarlardan 30 dolara indi. Bizde ise akaryak\u0131t fiyatlar\u0131 devaml\u0131 art\u0131yor. H\u00fck\u00fcmet, halk\u0131 kand\u0131rma amac\u0131yla fiyatlar\u0131 bir geri iki ileri \u00e7ekiyor. Sa\u011fl\u0131kl\u0131 bir politika olsa, fiyatlar\u0131n d\u00fcnyada d\u00fc\u015fmesiyle bizde de otomatik d\u00fc\u015fmesi gerekir. Benzinde y\u00fczde 75 vergi var. Vergi oran\u0131n\u0131 d\u00fc\u015f\u00fcrmek zorundas\u0131n. Benzinde y\u00fczde 18 vergi olsa, benzini 2 liraya alabiliriz. Vatanda\u015f da kazan\u0131r, devlet de.<\/p>\n<p>Kaynak: <a href=\"http:\/\/www.zaman.com.tr\/ekonomi_102-liralik-elektrik-faturasinin-sadece-52-lirasi-tuketim-bedeli_2346958.html\" target=\"_blank\" rel=\"nofollow\">Zaman<\/a><\/p>","protected":false},"excerpt":{"rendered":"<p>Sorry, this entry is only available in Turkish. For the sake of viewer convenience, the content is shown below in the alternative language. You may click the link to switch the active language.T\u00fcrkiye&#8217;nin enerjide yapt\u0131\u011f\u0131 hatalara dikkat \u00e7eken CHP&#8217;nin enerji kurmay\u0131 Bal\u0131kesir Milletvekili Ahmet Ak\u0131n, d\u0131\u015f politikadaki her yanl\u0131\u015f\u0131n vatanda\u015f\u0131n faturalar\u0131na yans\u0131d\u0131\u011f\u0131n\u0131 s\u00f6yledi. Ak\u0131n, elektrik [&hellip;]<\/p>\n","protected":false},"author":1,"featured_media":50552,"comment_status":"open","ping_status":"open","sticky":false,"template":"","format":"standard","meta":[],"categories":[51,53],"tags":[28571,68,61,1229,19638,2873,28572,63,67,1009,2698,165,28570],"views":1193,"_links":{"self":[{"href":"https:\/\/www.enerjigazetesi.ist\/en\/wp-json\/wp\/v2\/posts\/50551"}],"collection":[{"href":"https:\/\/www.enerjigazetesi.ist\/en\/wp-json\/wp\/v2\/posts"}],"about":[{"href":"https:\/\/www.enerjigazetesi.ist\/en\/wp-json\/wp\/v2\/types\/post"}],"author":[{"embeddable":true,"href":"https:\/\/www.enerjigazetesi.ist\/en\/wp-json\/wp\/v2\/users\/1"}],"replies":[{"embeddable":true,"href":"https:\/\/www.enerjigazetesi.ist\/en\/wp-json\/wp\/v2\/comments?post=50551"}],"version-history":[{"count":1,"href":"https:\/\/www.enerjigazetesi.ist\/en\/wp-json\/wp\/v2\/posts\/50551\/revisions"}],"predecessor-version":[{"id":50553,"href":"https:\/\/www.enerjigazetesi.ist\/en\/wp-json\/wp\/v2\/posts\/50551\/revisions\/50553"}],"wp:featuredmedia":[{"embeddable":true,"href":"https:\/\/www.enerjigazetesi.ist\/en\/wp-json\/wp\/v2\/media\/50552"}],"wp:attachment":[{"href":"https:\/\/www.enerjigazetesi.ist\/en\/wp-json\/wp\/v2\/media?parent=50551"}],"wp:term":[{"taxonomy":"category","embeddable":true,"href":"https:\/\/www.enerjigazetesi.ist\/en\/wp-json\/wp\/v2\/categories?post=50551"},{"taxonomy":"post_tag","embeddable":true,"href":"https:\/\/www.enerjigazetesi.ist\/en\/wp-json\/wp\/v2\/tags?post=50551"}],"curies":[{"name":"wp","href":"https:\/\/api.w.org\/{rel}","templated":true}]}}