{"id":50548,"date":"2016-02-17T21:13:57","date_gmt":"2016-02-17T18:13:57","guid":{"rendered":"https:\/\/www.enerjigazetesi.ist\/?p=50548"},"modified":"2016-02-17T21:13:57","modified_gmt":"2016-02-17T18:13:57","slug":"petrolde-iflas-konusulurken-irandan-destek-geldi","status":"publish","type":"post","link":"https:\/\/www.enerjigazetesi.ist\/en\/petrolde-iflas-konusulurken-irandan-destek-geldi\/","title":{"rendered":"(Turkish) Petrolde \u0130flas Konu\u015fulurken, \u0130ran&#8217;dan Destek Geldi!"},"content":{"rendered":"<p class=\"qtranxs-available-languages-message qtranxs-available-languages-message-en\">Sorry, this entry is only available in <a href=\"https:\/\/www.enerjigazetesi.ist\/tr\/wp-json\/wp\/v2\/posts\/50548\" class=\"qtranxs-available-language-link qtranxs-available-language-link-tr\" title=\"Turkish\">Turkish<\/a>. For the sake of viewer convenience, the content is shown below in the alternative language. You may click the link to switch the active language.<\/p><p><\/p>\n<div class=\"news-detail-spot\">\n<h2 class=\"selectionShareable\" style=\"color: inherit;\">Petrol fiyatlar\u0131ndaki d\u00fc\u015f\u00fc\u015fle ilgili olarak yapt\u0131r\u0131mlar sonras\u0131nda piyasaya girecek olmas\u0131 nedeniyle hedeflerden biri olarak g\u00f6sterilen \u0130ran\u2019dan, petrol \u00fcretiminin dondurulmas\u0131 y\u00f6n\u00fcnde gelen karara destek geldi.<\/h2>\n<\/div>\n<div class=\"news-box\">\n<p class=\"selectionShareable\">\u0130ran\u00a0Petrol\u00a0Bakan\u0131 Bijan Namdar Zanganeh, \u201cPetrol piyasas\u0131 ve fiyatlara istikrar kazand\u0131racak her \u00e7abay\u0131 d<a href=\"https:\/\/www.enerjigazetesi.ist\/wp-content\/uploads\/2016\/02\/petrolde-iflas-konusulurken-irandan-destek-geldi.jpg\"><img loading=\"lazy\" class=\"alignright size-medium wp-image-50549\" src=\"https:\/\/www.enerjigazetesi.ist\/wp-content\/uploads\/2016\/02\/petrolde-iflas-konusulurken-irandan-destek-geldi-300x169.jpg\" alt=\"petrolde-iflas-konusulurken-irandan-destek-geldi\" width=\"300\" height=\"169\" srcset=\"https:\/\/www.enerjigazetesi.ist\/wp-content\/uploads\/2016\/02\/petrolde-iflas-konusulurken-irandan-destek-geldi-300x169.jpg 300w, https:\/\/www.enerjigazetesi.ist\/wp-content\/uploads\/2016\/02\/petrolde-iflas-konusulurken-irandan-destek-geldi-500x282.jpg 500w, https:\/\/www.enerjigazetesi.ist\/wp-content\/uploads\/2016\/02\/petrolde-iflas-konusulurken-irandan-destek-geldi-80x45.jpg 80w, https:\/\/www.enerjigazetesi.ist\/wp-content\/uploads\/2016\/02\/petrolde-iflas-konusulurken-irandan-destek-geldi.jpg 620w\" sizes=\"(max-width: 300px) 100vw, 300px\" \/><\/a>estekliyoruz\u201d dedi.\u0130ranl\u0131 Bakan, \u201cOPEC ve OPEC d\u0131\u015f\u0131 petrol \u00fcreten \u00fclkeler aras\u0131nda i\u015fbirli\u011fini destekliyoruz\u201d diye devam etti.<\/p>\n<p class=\"selectionShareable\"><span style=\"font-weight: bold;\">TAVAN F\u0130YATA DA DESTEK GELD\u0130<br \/>\n<\/span>Bakan, \u201cOPEC ve OPEC d\u0131\u015f\u0131 \u00fclkeler aras\u0131nda piyasaya istikrar kazand\u0131rmak i\u00e7in \u00fcretime &#8220;tavan&#8221; uygulama karar\u0131n\u0131 destekliyoruz\u201d dedi.<\/p>\n<p class=\"selectionShareable\"><span style=\"font-weight: bold;\">PETROLDE \u0130FLAS KONU\u015eULUYOR<\/span><\/p>\n<p class=\"selectionShareable\">Petrol fiyatlar\u0131 son zamanlar\u0131n en d\u00fc\u015f\u00fck seviyelerine gerileyip, petrol \u00fcreticilerinin gelirlerine sekte vurunca, en b\u00fcy\u00fck \u00fcreticileri harekete ge\u00e7ti. D\u00fcn petrol sekt\u00f6r\u00fc i\u00e7in tarihi bir ad\u0131mla, Suudi Arabistan ve Rusya\u2019dan petrol \u00fcretimini sabit tutma karar\u0131 geldi.<\/p>\n<p>Ancak yay\u0131mlanan son bir rapor bu y\u0131l enerji sekt\u00f6r\u00fc \u015firketlerinin y\u00fczde 35\u2019nin iflas etme olas\u0131l\u0131\u011f\u0131 oldu\u011funa i\u015faret etti. Peki uzmanlar ne diyor? Petrolde iflas d\u00f6nemi mi ba\u015fl\u0131yor?<\/p>\n<p class=\"selectionShareable\">Son rapor, ara\u015ft\u0131rma ve denetim \u015firketi Deloitte\u2019dan geldi.<\/p>\n<p class=\"selectionShareable\">Deloitte\u2019dan analist John England, bu y\u0131l iflas etme riski ta\u015f\u0131yan enerji \u015firketlerinin say\u0131s\u0131n\u0131n her ge\u00e7en g\u00fcn artt\u0131\u011f\u0131na i\u015faret etti.<\/p>\n<p class=\"selectionShareable\">Raporda d\u00fcnya genelinde borsalarda hisseleri i\u015flem g\u00f6ren \u015firketlerin y\u00fczde 35\u2019inin iflas riski ta\u015f\u0131d\u0131\u011f\u0131 belirtildi.<\/p>\n<p class=\"selectionShareable\"><img loading=\"lazy\" class=\"lazy-loaded aligncenter\" src=\"http:\/\/i.hurimg.com\/i\/hurriyet\/90\/770x0\/56c463e818c7732700d3d7a6\" alt=\"\" width=\"492\" height=\"288\" data-src=\"http:\/\/i.hurimg.com\/i\/hurriyet\/90\/770x0\/56c463e818c7732700d3d7a6\" \/><\/p>\n<p class=\"selectionShareable\"><span style=\"font-weight: bold;\">HANG\u0130 \u015e\u0130RKETLER?<br \/>\n<\/span><\/p>\n<p class=\"selectionShareable\">Bu \u015firketlerin genelde petrol ve\u00a0do\u011falgaz\u00a0arama \u015firketleri ve petrol \u00fcretim \u015firketleri oldu\u011fu da yine raporda verilen bilgiler aras\u0131nda yer ald\u0131.<\/p>\n<p class=\"selectionShareable\">Haberin <a href=\"http:\/\/www.hurriyet.com.tr\/petrolde-iflas-konusulurken-irandan-destek-geldi-40056433\" target=\"_blank\" rel=\"nofollow\">Devam\u0131 \u0130\u00e7in TIKLAYINIZ&gt;&gt;&gt;<\/a><\/p>\n<p class=\"selectionShareable\">Kaynak: H\u00fcrriyet<\/p>\n<\/div>\n<p><\/p>","protected":false},"excerpt":{"rendered":"<p>Sorry, this entry is only available in Turkish. For the sake of viewer convenience, the content is shown below in the alternative language. You may click the link to switch the active language. Petrol fiyatlar\u0131ndaki d\u00fc\u015f\u00fc\u015fle ilgili olarak yapt\u0131r\u0131mlar sonras\u0131nda piyasaya girecek olmas\u0131 nedeniyle hedeflerden biri olarak g\u00f6sterilen \u0130ran\u2019dan, petrol \u00fcretiminin dondurulmas\u0131 y\u00f6n\u00fcnde gelen karara [&hellip;]<\/p>\n","protected":false},"author":1,"featured_media":50549,"comment_status":"open","ping_status":"open","sticky":false,"template":"","format":"standard","meta":[],"categories":[53,44],"tags":[63,67,1009,2698,165,59,79,2388,2522,28569],"views":847,"_links":{"self":[{"href":"https:\/\/www.enerjigazetesi.ist\/en\/wp-json\/wp\/v2\/posts\/50548"}],"collection":[{"href":"https:\/\/www.enerjigazetesi.ist\/en\/wp-json\/wp\/v2\/posts"}],"about":[{"href":"https:\/\/www.enerjigazetesi.ist\/en\/wp-json\/wp\/v2\/types\/post"}],"author":[{"embeddable":true,"href":"https:\/\/www.enerjigazetesi.ist\/en\/wp-json\/wp\/v2\/users\/1"}],"replies":[{"embeddable":true,"href":"https:\/\/www.enerjigazetesi.ist\/en\/wp-json\/wp\/v2\/comments?post=50548"}],"version-history":[{"count":1,"href":"https:\/\/www.enerjigazetesi.ist\/en\/wp-json\/wp\/v2\/posts\/50548\/revisions"}],"predecessor-version":[{"id":50550,"href":"https:\/\/www.enerjigazetesi.ist\/en\/wp-json\/wp\/v2\/posts\/50548\/revisions\/50550"}],"wp:featuredmedia":[{"embeddable":true,"href":"https:\/\/www.enerjigazetesi.ist\/en\/wp-json\/wp\/v2\/media\/50549"}],"wp:attachment":[{"href":"https:\/\/www.enerjigazetesi.ist\/en\/wp-json\/wp\/v2\/media?parent=50548"}],"wp:term":[{"taxonomy":"category","embeddable":true,"href":"https:\/\/www.enerjigazetesi.ist\/en\/wp-json\/wp\/v2\/categories?post=50548"},{"taxonomy":"post_tag","embeddable":true,"href":"https:\/\/www.enerjigazetesi.ist\/en\/wp-json\/wp\/v2\/tags?post=50548"}],"curies":[{"name":"wp","href":"https:\/\/api.w.org\/{rel}","templated":true}]}}