{"id":50527,"date":"2016-02-17T13:31:57","date_gmt":"2016-02-17T10:31:57","guid":{"rendered":"https:\/\/www.enerjigazetesi.ist\/?p=50527"},"modified":"2016-02-17T13:31:57","modified_gmt":"2016-02-17T10:31:57","slug":"konyada-26-bin-konutun-elektrik-ihtiyaci-copten-karsilaniyor","status":"publish","type":"post","link":"https:\/\/www.enerjigazetesi.ist\/en\/konyada-26-bin-konutun-elektrik-ihtiyaci-copten-karsilaniyor\/","title":{"rendered":"(Turkish) Konya\u2019da 26 Bin Konutun Elektrik \u0130htiyac\u0131 \u00c7\u00f6pten Kar\u015f\u0131lan\u0131yor!"},"content":{"rendered":"<p class=\"qtranxs-available-languages-message qtranxs-available-languages-message-en\">Sorry, this entry is only available in <a href=\"https:\/\/www.enerjigazetesi.ist\/tr\/wp-json\/wp\/v2\/posts\/50527\" class=\"qtranxs-available-language-link qtranxs-available-language-link-tr\" title=\"Turkish\">Turkish<\/a>. For the sake of viewer convenience, the content is shown below in the alternative language. You may click the link to switch the active language.<\/p><p><\/p>\n<p style=\"color: #0a0a0a;\"><strong>Konya B\u00fcy\u00fck\u015fehir Belediye Ba\u015fkan\u0131 Tahir Aky\u00fcrek, belediyeye ba\u011fl\u0131 metan gaz\u0131ndan elektrik enerjisi \u00fcretim tesisinin 4 \u00fcniteden olu\u015ftu\u011funu belirterek, \u201cTam kapasite ile \u00e7al\u0131\u015fan tesisimiz g\u00fcnl\u00fck ortalama 26 bin konutun elektrik ihtiyac\u0131n\u0131 kar\u015f\u0131l\u0131yor\u201d dedi.<\/strong><span id=\"more-76158\"><\/span><\/p>\n<p style=\"color: #0a0a0a;\">Aky\u00fcrek, gazetecilere yapt\u0131\u011f\u0131 a\u00e7\u0131klamada, metan gaz\u0131ndan elektrik enerjisi \u00fcretim tesisinin Konya ve T\u00fcrkiye a\u00e7\u0131s\u0131ndan \u00f6nemine de\u011findi. Tesi<a href=\"https:\/\/www.enerjigazetesi.ist\/wp-content\/uploads\/2016\/02\/konyada-26-bin-konutun-elektrik-ihtiyaci-copten-karsilaniyor.jpg\"><img loading=\"lazy\" class=\"alignleft size-medium wp-image-50528\" src=\"https:\/\/www.enerjigazetesi.ist\/wp-content\/uploads\/2016\/02\/konyada-26-bin-konutun-elektrik-ihtiyaci-copten-karsilaniyor-300x165.jpg\" alt=\"konyada-26-bin-konutun-elektrik-ihtiyaci-copten-karsilaniyor\" width=\"300\" height=\"165\" srcset=\"https:\/\/www.enerjigazetesi.ist\/wp-content\/uploads\/2016\/02\/konyada-26-bin-konutun-elektrik-ihtiyaci-copten-karsilaniyor-300x165.jpg 300w, https:\/\/www.enerjigazetesi.ist\/wp-content\/uploads\/2016\/02\/konyada-26-bin-konutun-elektrik-ihtiyaci-copten-karsilaniyor-500x276.jpg 500w, https:\/\/www.enerjigazetesi.ist\/wp-content\/uploads\/2016\/02\/konyada-26-bin-konutun-elektrik-ihtiyaci-copten-karsilaniyor-80x44.jpg 80w, https:\/\/www.enerjigazetesi.ist\/wp-content\/uploads\/2016\/02\/konyada-26-bin-konutun-elektrik-ihtiyaci-copten-karsilaniyor.jpg 696w\" sizes=\"(max-width: 300px) 100vw, 300px\" \/><\/a>sin tam kapasitesiyle saatte 5,6 megavat enerji \u00fcretti\u011fini ifade eden Aky\u00fcrek, \u015funlar\u0131 kaydetti:<\/p>\n<p style=\"color: #0a0a0a;\">\u201cTesisimiz 4 \u00fcniteden olu\u015fuyor. Tam kapasite ile \u00e7al\u0131\u015fan tesis, g\u00fcnl\u00fck ortalama 26 bin konutun elektrik ihtiyac\u0131n\u0131 kar\u015f\u0131l\u0131yor. Enerji tesisinde saatte 2 bin 850 metrek\u00fcp \u00e7\u00f6p, yak\u0131larak enerjiye d\u00f6n\u00fc\u015ft\u00fcr\u00fcl\u00fcyor. Tesiste 2015 y\u0131l\u0131nda 43 milyon 232 bin 243 kilovatsaat elektrik \u00fcretildi. Ayn\u0131 zamanda \u00fcretim tesisinde jenerat\u00f6rlerin \u00e7al\u0131\u015fmas\u0131yla ortaya \u00e7\u0131kan \u0131s\u0131, e\u015fanj\u00f6r vas\u0131tas\u0131yla serada kullan\u0131l\u0131yor.\u201d<\/p>\n<p style=\"color: #0a0a0a;\">Yenilenebilir enerji kaynaklar\u0131n\u0131n kullan\u0131m\u0131 ve \u00e7evrenin korunmas\u0131 a\u00e7\u0131s\u0131ndan \u00e7al\u0131\u015fmalar\u0131n\u0131 s\u00fcrd\u00fcren Konya B\u00fcy\u00fck\u015fehir Belediyesi, kentin \u00e7\u00f6plerinin topland\u0131\u011f\u0131 kat\u0131 at\u0131k depolama sahas\u0131nda elektrik enerjisi \u00fcretiyor.<br \/>\nGe\u00e7en y\u0131l 43 milyon 232 bin 243 kilovatsaat elektrik \u00fcretilen tesiste, ayn\u0131 zamanda jenerat\u00f6rlerin \u00e7al\u0131\u015fmas\u0131yla ortaya \u00e7\u0131kan \u0131s\u0131, serada kullan\u0131l\u0131yor.<\/p>\n<p style=\"color: #0a0a0a;\">Kaynak: Enerji Enstit\u00fcs\u00fc<\/p>\n<p><\/p>","protected":false},"excerpt":{"rendered":"<p>Sorry, this entry is only available in Turkish. For the sake of viewer convenience, the content is shown below in the alternative language. You may click the link to switch the active language. Konya B\u00fcy\u00fck\u015fehir Belediye Ba\u015fkan\u0131 Tahir Aky\u00fcrek, belediyeye ba\u011fl\u0131 metan gaz\u0131ndan elektrik enerjisi \u00fcretim tesisinin 4 \u00fcniteden olu\u015ftu\u011funu belirterek, \u201cTam kapasite ile \u00e7al\u0131\u015fan [&hellip;]<\/p>\n","protected":false},"author":1,"featured_media":50528,"comment_status":"open","ping_status":"open","sticky":false,"template":"","format":"standard","meta":[],"categories":[51,53],"tags":[4791,5220,68,61,19638,1478,1451,2873,63,67,1009,2698,165,2441,508],"views":896,"_links":{"self":[{"href":"https:\/\/www.enerjigazetesi.ist\/en\/wp-json\/wp\/v2\/posts\/50527"}],"collection":[{"href":"https:\/\/www.enerjigazetesi.ist\/en\/wp-json\/wp\/v2\/posts"}],"about":[{"href":"https:\/\/www.enerjigazetesi.ist\/en\/wp-json\/wp\/v2\/types\/post"}],"author":[{"embeddable":true,"href":"https:\/\/www.enerjigazetesi.ist\/en\/wp-json\/wp\/v2\/users\/1"}],"replies":[{"embeddable":true,"href":"https:\/\/www.enerjigazetesi.ist\/en\/wp-json\/wp\/v2\/comments?post=50527"}],"version-history":[{"count":1,"href":"https:\/\/www.enerjigazetesi.ist\/en\/wp-json\/wp\/v2\/posts\/50527\/revisions"}],"predecessor-version":[{"id":50529,"href":"https:\/\/www.enerjigazetesi.ist\/en\/wp-json\/wp\/v2\/posts\/50527\/revisions\/50529"}],"wp:featuredmedia":[{"embeddable":true,"href":"https:\/\/www.enerjigazetesi.ist\/en\/wp-json\/wp\/v2\/media\/50528"}],"wp:attachment":[{"href":"https:\/\/www.enerjigazetesi.ist\/en\/wp-json\/wp\/v2\/media?parent=50527"}],"wp:term":[{"taxonomy":"category","embeddable":true,"href":"https:\/\/www.enerjigazetesi.ist\/en\/wp-json\/wp\/v2\/categories?post=50527"},{"taxonomy":"post_tag","embeddable":true,"href":"https:\/\/www.enerjigazetesi.ist\/en\/wp-json\/wp\/v2\/tags?post=50527"}],"curies":[{"name":"wp","href":"https:\/\/api.w.org\/{rel}","templated":true}]}}