{"id":50509,"date":"2016-02-16T23:40:24","date_gmt":"2016-02-16T20:40:24","guid":{"rendered":"https:\/\/www.enerjigazetesi.ist\/?p=50509"},"modified":"2016-02-16T23:43:52","modified_gmt":"2016-02-16T20:43:52","slug":"dunya-karbon-salimi-artacak-ama-hiz-kesecek","status":"publish","type":"post","link":"https:\/\/www.enerjigazetesi.ist\/en\/dunya-karbon-salimi-artacak-ama-hiz-kesecek\/","title":{"rendered":"(Turkish) D\u00fcnya Karbon Sal\u0131m\u0131 Artacak Ama H\u0131z Kesecek!"},"content":{"rendered":"<p class=\"qtranxs-available-languages-message qtranxs-available-languages-message-en\">Sorry, this entry is only available in <a href=\"https:\/\/www.enerjigazetesi.ist\/tr\/wp-json\/wp\/v2\/posts\/50509\" class=\"qtranxs-available-language-link qtranxs-available-language-link-tr\" title=\"Turkish\">Turkish<\/a>. For the sake of viewer convenience, the content is shown below in the alternative language. You may click the link to switch the active language.<\/p><p><strong><span style=\"color: #000000;\">2014 ile 2035 y\u0131llar\u0131 aras\u0131nda k\u00fcresel karbon sal\u0131mlar\u0131n\u0131n art\u0131\u015f h\u0131z\u0131n\u0131n \u00f6nceki 20 y\u0131la g\u00f6re yar\u0131dan fazla d\u00fc\u015ferek y\u0131lda y\u00fczde 2,1\u2019den y\u00fczde 0,9\u2019a inmesi bekleniyor.<\/span><\/strong><\/p>\n<p>BP Enerji G\u00f6r\u00fcn\u00fcm\u00fc 2016\u201d raporuna g\u00f6re, global enerji talebinin 2014 ile 2035 y\u0131llar\u0131 aras\u0131nda y\u0131lda orta<a href=\"https:\/\/www.enerjigazetesi.ist\/wp-content\/uploads\/2016\/02\/dunya-karbon-salimi-artacak-ama-hiz-kesecek.jpg\"><img loading=\"lazy\" class=\"alignright size-medium wp-image-50510\" src=\"https:\/\/www.enerjigazetesi.ist\/wp-content\/uploads\/2016\/02\/dunya-karbon-salimi-artacak-ama-hiz-kesecek-300x198.jpg\" alt=\"dunya-karbon-salimi-artacak-ama-hiz-kesecek\" width=\"300\" height=\"198\" srcset=\"https:\/\/www.enerjigazetesi.ist\/wp-content\/uploads\/2016\/02\/dunya-karbon-salimi-artacak-ama-hiz-kesecek-300x198.jpg 300w, https:\/\/www.enerjigazetesi.ist\/wp-content\/uploads\/2016\/02\/dunya-karbon-salimi-artacak-ama-hiz-kesecek-75x50.jpg 75w, https:\/\/www.enerjigazetesi.ist\/wp-content\/uploads\/2016\/02\/dunya-karbon-salimi-artacak-ama-hiz-kesecek.jpg 448w\" sizes=\"(max-width: 300px) 100vw, 300px\" \/><\/a>lama y\u00fczde 1,4 art\u0131\u015f ile toplamda y\u00fczde 34 b\u00fcy\u00fcmesi bekleniyor. Genel talepteki bu y\u00fckseli\u015f, enerji kar\u0131\u015f\u0131m\u0131nda meydana gelecek \u00f6nemli de\u011fi\u015fiklikleri de i\u00e7inde bar\u0131nd\u0131r\u0131yor; d\u00fcnya daha d\u00fc\u015f\u00fck karbonlu bir gelece\u011fe ge\u00e7i\u015fini ba\u015flat\u0131rken, daha d\u00fc\u015f\u00fck karbonlu yak\u0131tlar karbon yo\u011fun yak\u0131tlardan daha h\u0131zl\u0131 b\u00fcy\u00fcyecek.<\/p>\n<p>Sal\u0131mlar\u0131n art\u0131\u015f h\u0131z\u0131ndaki keskin d\u00fc\u015f\u00fc\u015f, neredeyse e\u015fit \u00f6l\u00e7\u00fcde, enerji verimlili\u011findeki h\u0131zl\u0131 iyile\u015fmeleri ve enerjinin karbon yo\u011funlu\u011funun azalt\u0131lmas\u0131n\u0131 yans\u0131t\u0131yor.<\/p>\n<p>D\u00fcnya, d\u00fc\u015f\u00fck karbon enerjili sisteme ge\u00e7i\u015fi yapmaya ba\u015fl\u0131yor ve ge\u00e7en Aral\u0131k ay\u0131nda Paris\u2019te d\u00fczenlenen COP21 toplant\u0131s\u0131 da bu yolculukta at\u0131lan ciddi bir ad\u0131m\u0131 temsil ediyordu.<\/p>\n<p>Ancak, karbon sal\u0131mlar\u0131n\u0131n b\u00fcy\u00fcmeye devam edece\u011finin beklenmesi, yeni politika aksiyonlar\u0131 al\u0131nmas\u0131na ihtiya\u00e7 duyuldu\u011funu ortaya koyuyor. Rapor, karbon i\u00e7in anlaml\u0131 bir global fiyat\u0131n, muhtemelen d\u00fc\u015f\u00fck karbonlu bir d\u00fcnyaya daha da h\u0131zl\u0131 ge\u00e7i\u015f yap\u0131labilmesini sa\u011flayacak en etkin mekanizma olaca\u011f\u0131n\u0131 \u00f6ng\u00f6r\u00fcyor.<\/p>\n<p><strong>FOS\u0130L YAKITLARIN A\u011eIRLI\u011eI DEVAM EDECEK<\/strong><\/p>\n<p>Rapor di\u011fer kaynaklardaki h\u0131zl\u0131 b\u00fcy\u00fcmeye ra\u011fmen, fosil yak\u0131tlar\u0131n 2035 kadar olan d\u00f6nemde hakim enerji \u00e7e\u015fidi olmaya devam ederek, talepte ya\u015fanmas\u0131 beklenen art\u0131\u015f\u0131n y\u00fczde 60\u2019\u0131n\u0131 ve d\u00fcnyan\u0131n 2035 y\u0131l\u0131ndaki toplam enerji arz\u0131n\u0131n y\u00fczde 80\u2019ini olu\u015fturaca\u011f\u0131n\u0131 \u00f6ng\u00f6r\u00fcyor.<\/p>\n<p>Gaz, y\u0131lda y\u00fczde 1,8 art\u0131\u015f ile en h\u0131zl\u0131 b\u00fcy\u00fcyen fosil yak\u0131t olurken petrol, enerji kar\u0131\u015f\u0131m\u0131ndaki pay\u0131nda devam eden d\u00fc\u015f\u00fc\u015fe ra\u011fmen, y\u0131lda y\u00fczde 0,9\u2019luk istikrarl\u0131 b\u00fcy\u00fcme sergileyecek. K\u00f6m\u00fcr t\u00fcketimindeki b\u00fcy\u00fcmede g\u00f6r\u00fclecek keskin yava\u015flamayla, k\u00f6m\u00fcr\u00fcn enerji kar\u0131\u015f\u0131m\u0131ndaki pay\u0131 2035 y\u0131l\u0131na kadar t\u00fcm zamanlar\u0131n en d\u00fc\u015f\u00fck seviyesine inecek ve en b\u00fcy\u00fck yak\u0131t kaynaklar\u0131 s\u0131ralamas\u0131nda ikincili\u011fi gaza b\u0131rakacak.<\/p>\n<p>Fosil d\u0131\u015f\u0131 yak\u0131tlar\u0131n ise, ge\u00e7en y\u0131l\u0131n yay\u0131nlanan \u201cBP Enerji G\u00f6r\u00fcn\u00fcm\u00fc\u201d raporunda beklenenden daha h\u0131zl\u0131 bir b\u00fcy\u00fcme sergileyece\u011fi \u00f6ng\u00f6r\u00fcl\u00fcyor. Biyoyak\u0131tlar\u0131n da aralar\u0131nda bulundu\u011fu yenilenebilir yak\u0131tlar\u0131n y\u0131lda y\u00fczde 6,6 civar\u0131nda b\u00fcy\u00fcmesi ve bunun sonucunda da, bug\u00fcn y\u00fczde 3 olan enerji kar\u0131\u015f\u0131m\u0131ndaki paylar\u0131n\u0131n 2035\u2019e kadar y\u00fczde 9\u2019a \u00e7\u0131kmas\u0131 bekleniyor.<\/p>\n<p><strong>ARZDAK\u0130 ARTI\u015eLAR<\/strong><\/p>\n<p>\u201cBP Enerji G\u00f6r\u00fcn\u00fcm\u00fc 2016\u201d raporuna g\u00f6re, do\u011fal gaz arz\u0131, d\u00fcnya \u00e7ap\u0131nda kaya gaz\u0131 \u00fcretimindeki g\u00fc\u00e7l\u00fc art\u0131\u015flar\u0131n etkisi ile sa\u011flam bir b\u00fcy\u00fcme sergiliyor ve bunun y\u0131lda y\u00fczde 5,6 artmas\u0131 \u00f6ng\u00f6r\u00fcl\u00fcyor. Kaya gaz\u0131n\u0131n 2014\u2019te toplam gaz \u00fcretimindeki y\u00fczde 10\u2019luk pay\u0131 2035\u2019te neredeyse y\u00fczde 25\u2019e y\u00fckselecek.<\/p>\n<p>Global s\u0131v\u0131 yak\u0131t arz\u0131, a\u011f\u0131rl\u0131kl\u0131 olarak OPEC \u00fcyesi olmayan \u00fclkelerin arz\u0131ndaki art\u0131\u015f sayesinde 2035 y\u0131l\u0131na kadar g\u00fcnde 19 milyon varil civar\u0131na ula\u015facak. OPEC\u2019in, y\u00fczde 40 civar\u0131ndaki pazar pay\u0131n\u0131 korumak i\u00e7in harekete ge\u00e7mesi bekleniyor.<\/p>\n<p>Kaynak: <a href=\"http:\/\/enerjigunlugu.net\/dunya-karbon-salimi-artacak-ama-hiz-kesecek_17293.html#.VsOIy1SLRdh\" target=\"_blank\" rel=\"nofollow\">Enerji G\u00fcnl\u00fc\u011f\u00fc<\/a><\/p>","protected":false},"excerpt":{"rendered":"<p>Sorry, this entry is only available in Turkish. For the sake of viewer convenience, the content is shown below in the alternative language. You may click the link to switch the active language.2014 ile 2035 y\u0131llar\u0131 aras\u0131nda k\u00fcresel karbon sal\u0131mlar\u0131n\u0131n art\u0131\u015f h\u0131z\u0131n\u0131n \u00f6nceki 20 y\u0131la g\u00f6re yar\u0131dan fazla d\u00fc\u015ferek y\u0131lda y\u00fczde 2,1\u2019den y\u00fczde 0,9\u2019a inmesi [&hellip;]<\/p>\n","protected":false},"author":1,"featured_media":50510,"comment_status":"open","ping_status":"open","sticky":false,"template":"","format":"standard","meta":[],"categories":[53,52],"tags":[853,63,67,1009,2698,165,10846,1221],"views":862,"_links":{"self":[{"href":"https:\/\/www.enerjigazetesi.ist\/en\/wp-json\/wp\/v2\/posts\/50509"}],"collection":[{"href":"https:\/\/www.enerjigazetesi.ist\/en\/wp-json\/wp\/v2\/posts"}],"about":[{"href":"https:\/\/www.enerjigazetesi.ist\/en\/wp-json\/wp\/v2\/types\/post"}],"author":[{"embeddable":true,"href":"https:\/\/www.enerjigazetesi.ist\/en\/wp-json\/wp\/v2\/users\/1"}],"replies":[{"embeddable":true,"href":"https:\/\/www.enerjigazetesi.ist\/en\/wp-json\/wp\/v2\/comments?post=50509"}],"version-history":[{"count":3,"href":"https:\/\/www.enerjigazetesi.ist\/en\/wp-json\/wp\/v2\/posts\/50509\/revisions"}],"predecessor-version":[{"id":50513,"href":"https:\/\/www.enerjigazetesi.ist\/en\/wp-json\/wp\/v2\/posts\/50509\/revisions\/50513"}],"wp:featuredmedia":[{"embeddable":true,"href":"https:\/\/www.enerjigazetesi.ist\/en\/wp-json\/wp\/v2\/media\/50510"}],"wp:attachment":[{"href":"https:\/\/www.enerjigazetesi.ist\/en\/wp-json\/wp\/v2\/media?parent=50509"}],"wp:term":[{"taxonomy":"category","embeddable":true,"href":"https:\/\/www.enerjigazetesi.ist\/en\/wp-json\/wp\/v2\/categories?post=50509"},{"taxonomy":"post_tag","embeddable":true,"href":"https:\/\/www.enerjigazetesi.ist\/en\/wp-json\/wp\/v2\/tags?post=50509"}],"curies":[{"name":"wp","href":"https:\/\/api.w.org\/{rel}","templated":true}]}}