{"id":50474,"date":"2016-02-16T14:48:40","date_gmt":"2016-02-16T11:48:40","guid":{"rendered":"https:\/\/www.enerjigazetesi.ist\/?p=50474"},"modified":"2016-02-16T14:48:40","modified_gmt":"2016-02-16T11:48:40","slug":"bp-enerji-gorunumu-2016-dusuk-karbonlu-bir-gelecege-gecis-basliyor","status":"publish","type":"post","link":"https:\/\/www.enerjigazetesi.ist\/en\/bp-enerji-gorunumu-2016-dusuk-karbonlu-bir-gelecege-gecis-basliyor\/","title":{"rendered":"(Turkish) BP Enerji G\u00f6r\u00fcn\u00fcm\u00fc 2016: D\u00fc\u015f\u00fck Karbonlu Bir Gelece\u011fe Ge\u00e7i\u015f Ba\u015fl\u0131yor&#8230;"},"content":{"rendered":"<p class=\"qtranxs-available-languages-message qtranxs-available-languages-message-en\">Sorry, this entry is only available in <a href=\"https:\/\/www.enerjigazetesi.ist\/tr\/wp-json\/wp\/v2\/posts\/50474\" class=\"qtranxs-available-language-link qtranxs-available-language-link-tr\" title=\"Turkish\">Turkish<\/a>. For the sake of viewer convenience, the content is shown below in the alternative language. You may click the link to switch the active language.<\/p><p><\/p>\n<p style=\"color: #0a0a0a;\"><strong>Global enerji piyasalar\u0131ndaki zay\u0131fl\u0131\u011fa ve \u00c7in\u2019in b\u00fcy\u00fcmesinde g\u00f6r\u00fclen yava\u015flamaya ra\u011fmen enerji talebindeki art\u0131\u015f, d\u00fcnya ekonomisindeki b\u00fcy\u00fcmeye paralel olarak, gelecek 20 y\u0131lda ve sonras\u0131nda da devam edecek.<\/strong><span id=\"more-76111\"><\/span><\/p>\n<p style=\"color: #0a0a0a;\">\u201cBP Enerji G\u00f6r\u00fcn\u00fcm\u00fc 2016\u201d raporuna g\u00f6re, global enerji talebinin 2014 ile 2035 y\u0131llar\u0131 aras\u0131nda y\u0131lda ortalama y\u00fczde 1,4 art\u0131\u015f ile toplamda y\u00fczde 3<a href=\"https:\/\/www.enerjigazetesi.ist\/wp-content\/uploads\/2016\/02\/bp-enerji-gorunumu-2016-dunyada-dusuk-karbonlu-bir-gelecege-gecis.jpg\"><img loading=\"lazy\" class=\"alignleft size-medium wp-image-50475\" src=\"https:\/\/www.enerjigazetesi.ist\/wp-content\/uploads\/2016\/02\/bp-enerji-gorunumu-2016-dunyada-dusuk-karbonlu-bir-gelecege-gecis-300x165.jpg\" alt=\"bp-enerji-gorunumu-2016-dunyada-dusuk-karbonlu-bir-gelecege-gecis\" width=\"300\" height=\"165\" srcset=\"https:\/\/www.enerjigazetesi.ist\/wp-content\/uploads\/2016\/02\/bp-enerji-gorunumu-2016-dunyada-dusuk-karbonlu-bir-gelecege-gecis-300x165.jpg 300w, https:\/\/www.enerjigazetesi.ist\/wp-content\/uploads\/2016\/02\/bp-enerji-gorunumu-2016-dunyada-dusuk-karbonlu-bir-gelecege-gecis-500x276.jpg 500w, https:\/\/www.enerjigazetesi.ist\/wp-content\/uploads\/2016\/02\/bp-enerji-gorunumu-2016-dunyada-dusuk-karbonlu-bir-gelecege-gecis-80x44.jpg 80w, https:\/\/www.enerjigazetesi.ist\/wp-content\/uploads\/2016\/02\/bp-enerji-gorunumu-2016-dunyada-dusuk-karbonlu-bir-gelecege-gecis.jpg 696w\" sizes=\"(max-width: 300px) 100vw, 300px\" \/><\/a>4 b\u00fcy\u00fcmesi bekleniyor. Genel talepteki bu y\u00fckseli\u015f, enerji kar\u0131\u015f\u0131m\u0131nda meydana gelecek \u00f6nemli de\u011fi\u015fiklikleri de i\u00e7inde bar\u0131nd\u0131r\u0131yor; d\u00fcnya daha d\u00fc\u015f\u00fck karbonlu bir gelece\u011fe ge\u00e7i\u015fini ba\u015flat\u0131rken, daha d\u00fc\u015f\u00fck karbonlu yak\u0131tlar karbon yo\u011fun yak\u0131tlardan daha h\u0131zl\u0131 b\u00fcy\u00fcyecek.<\/p>\n<p style=\"color: #0a0a0a;\">\u201cBP Enerji G\u00f6r\u00fcn\u00fcm\u00fc 2016\u201d raporu, uzun vadeli enerji trendlerini de\u011ferlendirerek d\u00fcnya enerji piyasalar\u0131 i\u00e7in gelecek yirmi y\u0131la y\u00f6nelik tahminler geli\u015ftiriyor. 2016 raporu, BP Grubu Ba\u015f Ekonomisti Spencer Dale ve Grup \u0130cra Kurulu Ba\u015fkan\u0131 Bob Dudley taraf\u0131ndan ge\u00e7ti\u011fimiz hafta Londra\u2019da a\u00e7\u0131kland\u0131.<\/p>\n<p style=\"color: #0a0a0a;\">BP Grup \u0130cra Kurulu Ba\u015fkan\u0131 Bob Dudley, \u201cPetrol ve gaz fiyatlar\u0131ndaki a\u015fa\u011f\u0131 y\u00f6nl\u00fc hareketin g\u00f6r\u00fcld\u00fc\u011f\u00fc bu d\u00f6nemde, sadece mevcut zorlu ko\u015fullara uyum sa\u011flamak de\u011fil, ayn\u0131 zamanda bundan sonra bizi bekleyen zorluklara haz\u0131rlanmak da \u00f6nem ta\u015f\u0131yor. Enerji uzun dalga boyuna sahip bir sekt\u00f6r ve i\u00e7inde faaliyet g\u00f6sterdi\u011fimiz enerji manzaras\u0131n\u0131n nas\u0131l bir de\u011fi\u015fim ge\u00e7irece\u011fine \u00a0dair uzun vadeli bir perspektife de ihtiyac\u0131m\u0131z var. Bu y\u0131lki Enerji G\u00f6r\u00fcn\u00fcm\u00fc raporunun da ortaya koydu\u011fu gibi, d\u00fcnya daha fazla enerji talep etmeye devam etse de, bu tedariklerin de\u011fi\u015fen kar\u0131\u015f\u0131m\u0131 karbon yo\u011funlu\u011funu da azalt\u0131yor. Ayr\u0131ca, karbon sal\u0131mlar\u0131n\u0131 s\u0131n\u0131rlamaya y\u00f6nelik uluslararas\u0131 hedeflerin kar\u015f\u0131lanmas\u0131 i\u00e7in ba\u015fka politika aksiyonlar\u0131 da gerekli olabilir.\u201d<\/p>\n<p style=\"color: #0a0a0a;\"><strong>PETROL VE GAZ HAYAT\u00ce B\u0130R B\u00dcY\u00dcME KAYNA\u011eI OLMAYA DEVAM ED\u0130YOR<\/strong><br \/>\n\u201cBP Enerji G\u00f6r\u00fcn\u00fcm\u00fc 2016\u201d raporu, di\u011fer kaynaklardaki h\u0131zl\u0131 b\u00fcy\u00fcmeye ra\u011fmen, fosil yak\u0131tlar\u0131n 2035 kadar olan d\u00f6nemde hakim enerji \u00e7e\u015fidi olmaya devam ederek, talepte ya\u015fanmas\u0131 beklenen art\u0131\u015f\u0131n y\u00fczde 60\u2019\u0131n\u0131 ve d\u00fcnyan\u0131n 2035 y\u0131l\u0131ndaki toplam enerji arz\u0131n\u0131n y\u00fczde 80\u2019ini olu\u015fturaca\u011f\u0131n\u0131 \u00f6ng\u00f6r\u00fcyor.<\/p>\n<p style=\"color: #0a0a0a;\">Gaz, y\u0131lda y\u00fczde 1,8 art\u0131\u015f ile en h\u0131zl\u0131 b\u00fcy\u00fcyen fosil yak\u0131t olurken petrol, enerji kar\u0131\u015f\u0131m\u0131ndaki pay\u0131nda devam eden d\u00fc\u015f\u00fc\u015fe ra\u011fmen, y\u0131lda y\u00fczde 0,9\u2019luk istikrarl\u0131 b\u00fcy\u00fcme sergileyecek. K\u00f6m\u00fcr t\u00fcketimindeki b\u00fcy\u00fcmede g\u00f6r\u00fclecek keskin yava\u015flamayla, k\u00f6m\u00fcr\u00fcn enerji kar\u0131\u015f\u0131m\u0131ndaki pay\u0131 2035 y\u0131l\u0131na kadar t\u00fcm zamanlar\u0131n en d\u00fc\u015f\u00fck seviyesine inecek ve \u00a0en b\u00fcy\u00fck yak\u0131t kaynaklar\u0131 s\u0131ralamas\u0131nda ikincili\u011fi gaza b\u0131rakacak.<\/p>\n<p style=\"color: #0a0a0a;\">Fosil d\u0131\u015f\u0131 yak\u0131tlar\u0131n ise, ge\u00e7en y\u0131l\u0131n yay\u0131nlanan \u201cBP Enerji G\u00f6r\u00fcn\u00fcm\u00fc\u201d raporunda beklenenden daha h\u0131zl\u0131 bir b\u00fcy\u00fcme sergileyece\u011fi \u00f6ng\u00f6r\u00fcl\u00fcyor. Biyoyak\u0131tlar\u0131n da aralar\u0131nda bulundu\u011fu yenilenebilir yak\u0131tlar\u0131n y\u0131lda y\u00fczde 6,6 civar\u0131nda b\u00fcy\u00fcmesi ve bunun sonucunda da, bug\u00fcn y\u00fczde 3 olan enerji kar\u0131\u015f\u0131m\u0131ndaki paylar\u0131n\u0131n 2035\u2019e kadar y\u00fczde 9\u2019a \u00e7\u0131kmas\u0131 bekleniyor.<\/p>\n<p style=\"color: #0a0a0a;\"><strong>ENERJ\u0130 TALEB\u0130NDEK\u0130 ARTI\u015eIN NEDEN\u0130 GEL\u0130R VE N\u00dcFUSTAK\u0130 B\u00dcY\u00dcME<\/strong><br \/>\nBP Grubu Ba\u015f Ekonomisti Spencer Dale, yapt\u0131\u011f\u0131 de\u011ferlendirmede enerji talebinin b\u00fcy\u00fcyece\u011fini belirtti ve \u015funlar\u0131 s\u00f6yledi; \u00a0\u201cGelecek 20 y\u0131lda, d\u00fcnya ekonomisindeki geni\u015flemeye ve y\u00fckselen aktivite d\u00fczeylerine g\u00fc\u00e7 vermek i\u00e7in daha fazla enerji gerekmesine paralel olarak enerji talebi de b\u00fcy\u00fcmesini s\u00fcrd\u00fcrecek gibi g\u00f6r\u00fcn\u00fcyor.\u201d<\/p>\n<p style=\"color: #0a0a0a;\">Artan enerji talebinin arkas\u0131ndaki temel g\u00fc\u00e7leri ise gelir ve n\u00fcfus olu\u015fturuyor. 2035 y\u0131l\u0131na kadar, d\u00fcnya n\u00fcfusunun yakla\u015f\u0131k 8,8 milyara ula\u015farak enerjiye ihtiya\u00e7 duyan insan say\u0131s\u0131na 1,5 milyar ki\u015fi daha eklenmesi bekleniyor. Ayn\u0131 d\u00f6nemde, GSY\u0130H\u2019nin iki kattan fazla artmas\u0131, \u00f6ng\u00f6r\u00fclen art\u0131\u015f\u0131n yar\u0131s\u0131n\u0131n ise \u00c7in ve Hindistan\u2019dan kaynaklanmas\u0131 \u00f6ng\u00f6r\u00fcl\u00fcyor.<\/p>\n<p style=\"color: #0a0a0a;\">Dale, \u00c7in ekonomisinde, daha s\u00fcrd\u00fcr\u00fclebilir bir b\u00fcy\u00fcme modeline ge\u00e7i\u015f i\u00e7in devam eden reformun, \u00fclkenin enerji talebindeki b\u00fcy\u00fcmede de keskin bir d\u00fc\u015f\u00fc\u015fe yol a\u00e7arak en \u00e7ok da son 20 y\u0131ld\u0131r g\u00f6r\u00fclenin be\u015fte birinden daha az bir h\u0131zla b\u00fcy\u00fcyen global k\u00f6m\u00fcr\u00fc etkiledi\u011fini belirterek, \u201cD\u00fcnyada temel bir de\u011fi\u015fim ya\u015fan\u0131yor ve bunun kan\u0131tlar\u0131n\u0131 da ne t\u00fcr enerjinin, nas\u0131l t\u00fcketildi\u011finden g\u00f6rebiliyoruz\u201d diyor.<\/p>\n<p style=\"color: #0a0a0a;\">Global enerjideki art\u0131\u015f\u0131n yar\u0131s\u0131ndan fazlas\u0131 elektrik \u00fcretimi i\u00e7in kullan\u0131l\u0131rken bu art\u0131\u015f\u0131n \u00e7o\u011fu da n\u00fcfusun b\u00fcy\u00fck k\u0131sm\u0131n\u0131n elektri\u011fe eri\u015fiminin k\u0131s\u0131tl\u0131 oldu\u011fu b\u00f6lgelerde ger\u00e7ekle\u015fiyor.<\/p>\n<p style=\"color: #0a0a0a;\">Elektrik \u00fcretimi, t\u00fcm yak\u0131tlar\u0131n rekabet i\u00e7inde oldu\u011fu bir sekt\u00f6r olarak, yenilenebilir kaynaklar ve do\u011falgaz\u0131n k\u00f6m\u00fcr santrallerinin yerini almas\u0131 ile yak\u0131t\u0131n evriminde \u00f6nemli bir rol oynayacak. Yenilenebilir kaynaklar, elektrik t\u00fcketiminde beklenen b\u00fcy\u00fcmenin \u00fc\u00e7te birinden fazlas\u0131n\u0131 olu\u015fturuyor.<\/p>\n<p style=\"color: #0a0a0a;\">Y\u00fckselen ekonomilerdeki g\u00fc\u00e7l\u00fc b\u00fcy\u00fcme petrol talebini g\u00fc\u00e7lendirirken, d\u00fcnya \u00fczerindeki ta\u015f\u0131t say\u0131s\u0131n\u0131n bug\u00fcnk\u00fcn\u00fcn iki kat\u0131n\u0131n \u00fczerine \u00e7\u0131kmas\u0131 ile d\u00fcnyadaki talep art\u0131\u015f\u0131n\u0131n yar\u0131s\u0131ndan fazlas\u0131 \u00c7in ve Hindistan\u2019dan gelecek.<\/p>\n<p style=\"color: #0a0a0a;\"><strong>ARZDAK\u0130 ARTI\u015eLAR<\/strong><br \/>\n\u201cBP Enerji G\u00f6r\u00fcn\u00fcm\u00fc 2016\u201d raporuna g\u00f6re, do\u011fal gaz arz\u0131, d\u00fcnya \u00e7ap\u0131nda kaya gaz\u0131 \u00fcretimindeki g\u00fc\u00e7l\u00fc art\u0131\u015flar\u0131n etkisi ile sa\u011flam bir b\u00fcy\u00fcme sergiliyor ve bunun y\u0131lda y\u00fczde 5,6 artmas\u0131 \u00f6ng\u00f6r\u00fcl\u00fcyor. Kaya gaz\u0131n\u0131n 2014\u2019te toplam gaz \u00fcretimindeki y\u00fczde 10\u2019luk pay\u0131 2035\u2019te neredeyse y\u00fczde 25\u2019e y\u00fckselecek.<\/p>\n<p style=\"color: #0a0a0a;\">Global s\u0131v\u0131 yak\u0131t arz\u0131, a\u011f\u0131rl\u0131kl\u0131 olarak OPEC \u00fcyesi olmayan \u00fclkelerin arz\u0131ndaki art\u0131\u015f sayesinde 2035 y\u0131l\u0131na kadar g\u00fcnde 19 milyon varil civar\u0131na ula\u015facak. OPEC\u2019in, y\u00fczde 40 civar\u0131ndaki pazar pay\u0131n\u0131 korumak i\u00e7in harekete ge\u00e7mesi bekleniyor.<\/p>\n<p style=\"color: #0a0a0a;\"><strong>KARBON SALIMLARINDAK\u0130 ARTI\u015e, GELECEK 20 YILDA YARI YARIYA D\u00dc\u015eECEK<\/strong><br \/>\n\u201cBP Enerji G\u00f6r\u00fcn\u00fcm\u00fc 2016\u201d raporunun kapsad\u0131\u011f\u0131 d\u00f6nemde karbon sal\u0131mlar\u0131n\u0131n art\u0131\u015f h\u0131z\u0131n\u0131n \u00f6nceki 20 y\u0131la g\u00f6re yar\u0131dan fazla d\u00fc\u015ferek y\u0131lda y\u00fczde 2,1\u2019den y\u00fczde 0,9\u2019a inmesi bekleniyor. Sal\u0131mlar\u0131n art\u0131\u015f h\u0131z\u0131ndaki keskin d\u00fc\u015f\u00fc\u015f, neredeyse e\u015fit \u00f6l\u00e7\u00fcde, enerji verimlili\u011findeki h\u0131zl\u0131 iyile\u015fmeleri ve enerjinin karbon yo\u011funlu\u011funun azalt\u0131lmas\u0131n\u0131 yans\u0131t\u0131yor.<\/p>\n<p style=\"color: #0a0a0a;\">D\u00fcnya, d\u00fc\u015f\u00fck karbon enerjili sisteme ge\u00e7i\u015fi yapmaya ba\u015fl\u0131yor ve ge\u00e7en Aral\u0131k ay\u0131nda Paris\u2019te d\u00fczenlenen COP21 toplant\u0131s\u0131 da bu yolculukta at\u0131lan ciddi bir ad\u0131m\u0131 temsil ediyordu.<\/p>\n<p style=\"color: #0a0a0a;\">Ancak, karbon sal\u0131mlar\u0131n\u0131n b\u00fcy\u00fcmeye devam edece\u011finin beklenmesi, yeni politika aksiyonlar\u0131 al\u0131nmas\u0131na ihtiya\u00e7 duyuldu\u011funu ortaya koyuyor. Rapor, karbon i\u00e7in anlaml\u0131 bir global fiyat\u0131n, muhtemelen d\u00fc\u015f\u00fck karbonlu bir d\u00fcnyaya daha da h\u0131zl\u0131 ge\u00e7i\u015f yap\u0131labilmesini sa\u011flayacak en etkin mekanizma olaca\u011f\u0131n\u0131 \u00f6ng\u00f6r\u00fcyor.<\/p>\n<p style=\"color: #0a0a0a;\"><strong>\u201cBP ENERJ\u0130 G\u00d6R\u00dcN\u00dcM\u00dc 2016\u201d\u00a0 \u00d6NE \u00c7IKAN VER\u0130LER<\/strong><br \/>\n2035\u2019de Yenilenebilir kaynaklar, global birincil enerji b\u00fcy\u00fcmesinin d\u00f6rtte birini ve global elektrik \u00fcretimindeki b\u00fcy\u00fcmenin \u00fc\u00e7te birinden fazlas\u0131n\u0131 sa\u011flayacak.<\/p>\n<p style=\"color: #0a0a0a;\">2035\u2019de AB\u2019deki enerji talebi, ekonominin neredeyse y\u00fczde 150 daha b\u00fcy\u00fck olmas\u0131na ra\u011fmen, 50 y\u0131l \u00f6nceki seviyesine geri d\u00f6necek.<\/p>\n<p style=\"color: #0a0a0a;\">ABD, 2021 y\u0131l\u0131na kadar genel olarak enerjide, 2030 y\u0131l\u0131na kadar da petrolde kendine yeterli hale gelecek.<\/p>\n<p style=\"color: #0a0a0a;\">2035 y\u0131l\u0131na kadar \u00c7in d\u00fcnyan\u0131n en b\u00fcy\u00fck petrol t\u00fcketicisi olarak ABD\u2019yi ge\u00e7ecekse de, ki\u015fi ba\u015fina petrol t\u00fcketimi ABD\u2019nin sadece y\u00fczde 27\u2019sinde kalacak.<\/p>\n<p style=\"color: #0a0a0a;\">2014 ile 2035 y\u0131llar\u0131 aras\u0131nda global gaz t\u00fcketiminde ya\u015fanacak b\u00fcy\u00fcme, ABD ve Rusya\u2019n\u0131n mevcut gaz \u00fcretimlerinin toplam\u0131ndan fazla olacak.<\/p>\n<p style=\"color: #0a0a0a;\">2035 y\u0131l\u0131na gelindi\u011finde, k\u00f6m\u00fcr birincil enerjinin y\u00fczde 25\u2019inden az\u0131n\u0131 sa\u011flayarak sanayi devriminden bu yana en d\u00fc\u015f\u00fck pay\u0131na inecek.<\/p>\n<p style=\"color: #0a0a0a;\">\u00c7in, \u201cBP Enerji G\u00f6r\u00fcn\u00fcm\u00fc 2016\u201d raporunun kapsad\u0131\u011f\u0131 d\u00f6nemde yenilenebilir elektrik kapasitesini AB ile ABD\u2019nin toplam\u0131ndan daha fazla artt\u0131racak.<\/p>\n<p style=\"color: #0a0a0a;\">At\u0131l rafinaj kapasitesi ile gelecek be\u015f sene i\u00e7inde yap\u0131lmas\u0131 planlanan yeni rafineriler, \u201cBP Enerji G\u00f6r\u00fcn\u00fcm\u00fc 2016\u201d raporunun kapsad\u0131\u011f\u0131 d\u00f6nemdeki ham petrol arz\u0131ndaki b\u00fcy\u00fcmeyi kar\u015f\u0131lamaya yetecek.<\/p>\n<p style=\"color: #0a0a0a;\">D\u00fcnyadaki enerji talebinin 2014 ile 2035 y\u0131llar\u0131 aras\u0131nda %1,4 b\u00fcy\u00fcmesi, bu b\u00fcy\u00fcmenin y\u00fczde 95\u2019inin ise OECD \u00fcyesi olmayan \u00fclkelerden gelmesi bekleniyor.<\/p>\n<p style=\"color: #0a0a0a;\">Global enerji yo\u011funlu\u011funun (enerji talebinin GSY\u0130H\u2019ye oran\u0131) bu d\u00f6nemde, y\u0131ll\u0131k y\u00fcze 2,1 artmas\u0131 \u00f6ng\u00f6r\u00fcl\u00fcyor. Bu, verilerimizin toplanmaya ba\u015flad\u0131\u011f\u0131 1965 y\u0131l\u0131ndan bu yana, tarihteki en h\u0131zl\u0131 art\u0131\u015f\u0131n g\u00f6r\u00fcld\u00fc\u011f\u00fc 20 y\u0131ll\u0131k d\u00f6nem olacak.<\/p>\n<p style=\"color: #0a0a0a;\">Gaz, en h\u0131zl\u0131 b\u00fcy\u00fcyen fosil yak\u0131t (y\u0131ll\u0131k y\u00fczde1,8) olurken, bunu petrol (y\u0131ll\u0131k y\u00fczde 0,9) izliyor. K\u00f6m\u00fcrdeki b\u00fcy\u00fcme keskin bir yava\u015flama kaydederek (y\u0131ll\u0131k y\u00fczde 0,5) \u00f6nceki 20 y\u0131ldaki ortalama b\u00fcy\u00fcmesinin (y\u0131ll\u0131k y\u00fczde 2,9) \u00f6nemli \u00f6l\u00e7\u00fcde alt\u0131nda seyredecek.<\/p>\n<p style=\"color: #0a0a0a;\">Yenilenebilir kaynaklar (biyoyak\u0131tlar da dahil) tahmin d\u00f6neminde yakla\u015f\u0131k d\u00f6rt kat artacak (+y\u00fczde 285). 2035\u2019e kadar, birincil enerji b\u00fcy\u00fcmesinin d\u00f6rtte birini sa\u011flayacaklar.<\/p>\n<p style=\"color: #0a0a0a;\">Fosil d\u0131\u015f\u0131 yak\u0131tlar\u0131n bug\u00fcn y\u00fczde 14 olan global birincil enerjideki pay\u0131 2035 y\u0131l\u0131na gelindi\u011finde y\u00fczde21\u2019e \u00e7\u0131kacak.<\/p>\n<p style=\"color: #0a0a0a;\">\u201cBP Enerji G\u00f6r\u00fcn\u00fcm\u00fc 2016\u201d raporunun kapsad\u0131\u011f\u0131 d\u00f6nemdeki birincil enerjideki b\u00fcy\u00fcmenin yar\u0131dan fazlas\u0131 (y\u00fczde 56) elektrik sekt\u00f6r\u00fcne gidecek.<\/p>\n<p style=\"color: #0a0a0a;\">G\u00fcnl\u00fck global s\u0131v\u0131 yak\u0131t talebi (petrol, biyoyak\u0131t ve di\u011fer s\u0131v\u0131 yak\u0131tlar), yakla\u015f\u0131k 20 milyon varil artarak 2035 y\u0131l\u0131nda g\u00fcnde 112 milyon varile y\u00fckselecek. B\u00fcy\u00fcmenin y\u00fczde 60\u2019\u0131ndan fazlas\u0131 ta\u015f\u0131mac\u0131l\u0131ktan kaynaklanacak.<\/p>\n<p style=\"color: #0a0a0a;\">G\u00fcnl\u00fck global s\u0131v\u0131 yak\u0131t arz\u0131, OPEC \u00fcyesi olmayan \u00fclkelerin arz\u0131ndaki art\u0131\u015ftan \u00f6t\u00fcr\u00fc 2035\u2019e kadar yakla\u015f\u0131k 19 milyon varil artacak. \u015eist ya\u011f\u0131 ve NGL\u2019ler, Brezilya\u2019daki derin deniz, Kanada\u2019daki petroll\u00fc kum ve biyoyak\u0131tlar toplam g\u00fcnde 16 milyon varil b\u00fcy\u00fcyecek.<\/p>\n<p style=\"color: #0a0a0a;\">Asya\u2019n\u0131n t\u00fcm b\u00f6lgeler aras\u0131 petrol ithalat\u0131ndaki pay\u0131 bug\u00fcne k\u0131yasla y\u00fczde 64 y\u00fckselerek 2035 y\u0131l\u0131nda yakla\u015f\u0131k %80\u2019e \u00e7\u0131kacak.<\/p>\n<p style=\"color: #0a0a0a;\">Kaya gaz\u0131 \u00fcretimi y\u0131lda y\u00fczde 5,6 b\u00fcy\u00fcyerek global \u00fcretimdeki b\u00fcy\u00fcmenin yar\u0131dan fazlas\u0131n\u0131 olu\u015fturacak. ABD\u2019deki kaya gaz\u0131 tek ba\u015f\u0131na gaz \u00fcretimindeki b\u00fcy\u00fcmenin y\u00fczde 35\u2019ini sa\u011flayacak.<\/p>\n<p style=\"color: #0a0a0a;\">Uluslararas\u0131 gaz ticareti de t\u00fcketime ba\u011fl\u0131 olarak b\u00fcy\u00fcyerek gaz\u0131n global ticaretteki pay\u0131n\u0131n y\u00fczde 30 civar\u0131nda kalmas\u0131n\u0131 sa\u011flayacak. LNG ticareti iki kat daha h\u0131zl\u0131 b\u00fcy\u00fcyecek; t\u00fcketimdeki pay\u0131 2014\u2019te y\u00fczde 10\u2019dan 2035\u2019de y\u00fczde 15\u2019e y\u00fckselecek.<\/p>\n<p style=\"color: #0a0a0a;\">Kaynak: Enerji Enstit\u00fcs\u00fc<\/p>\n<p><\/p>","protected":false},"excerpt":{"rendered":"<p>Sorry, this entry is only available in Turkish. For the sake of viewer convenience, the content is shown below in the alternative language. You may click the link to switch the active language. Global enerji piyasalar\u0131ndaki zay\u0131fl\u0131\u011fa ve \u00c7in\u2019in b\u00fcy\u00fcmesinde g\u00f6r\u00fclen yava\u015flamaya ra\u011fmen enerji talebindeki art\u0131\u015f, d\u00fcnya ekonomisindeki b\u00fcy\u00fcmeye paralel olarak, gelecek 20 y\u0131lda ve [&hellip;]<\/p>\n","protected":false},"author":1,"featured_media":50475,"comment_status":"open","ping_status":"open","sticky":false,"template":"","format":"standard","meta":[],"categories":[46,51,53,44],"tags":[28532,13301,130,19,63,67,1009,2698,165,988,2011,11485,1534],"views":912,"_links":{"self":[{"href":"https:\/\/www.enerjigazetesi.ist\/en\/wp-json\/wp\/v2\/posts\/50474"}],"collection":[{"href":"https:\/\/www.enerjigazetesi.ist\/en\/wp-json\/wp\/v2\/posts"}],"about":[{"href":"https:\/\/www.enerjigazetesi.ist\/en\/wp-json\/wp\/v2\/types\/post"}],"author":[{"embeddable":true,"href":"https:\/\/www.enerjigazetesi.ist\/en\/wp-json\/wp\/v2\/users\/1"}],"replies":[{"embeddable":true,"href":"https:\/\/www.enerjigazetesi.ist\/en\/wp-json\/wp\/v2\/comments?post=50474"}],"version-history":[{"count":1,"href":"https:\/\/www.enerjigazetesi.ist\/en\/wp-json\/wp\/v2\/posts\/50474\/revisions"}],"predecessor-version":[{"id":50476,"href":"https:\/\/www.enerjigazetesi.ist\/en\/wp-json\/wp\/v2\/posts\/50474\/revisions\/50476"}],"wp:featuredmedia":[{"embeddable":true,"href":"https:\/\/www.enerjigazetesi.ist\/en\/wp-json\/wp\/v2\/media\/50475"}],"wp:attachment":[{"href":"https:\/\/www.enerjigazetesi.ist\/en\/wp-json\/wp\/v2\/media?parent=50474"}],"wp:term":[{"taxonomy":"category","embeddable":true,"href":"https:\/\/www.enerjigazetesi.ist\/en\/wp-json\/wp\/v2\/categories?post=50474"},{"taxonomy":"post_tag","embeddable":true,"href":"https:\/\/www.enerjigazetesi.ist\/en\/wp-json\/wp\/v2\/tags?post=50474"}],"curies":[{"name":"wp","href":"https:\/\/api.w.org\/{rel}","templated":true}]}}