{"id":50462,"date":"2016-02-15T22:11:57","date_gmt":"2016-02-15T19:11:57","guid":{"rendered":"https:\/\/www.enerjigazetesi.ist\/?p=50462"},"modified":"2016-02-15T22:11:57","modified_gmt":"2016-02-15T19:11:57","slug":"irak-petrol-uretimini-artirmayi-planliyor","status":"publish","type":"post","link":"https:\/\/www.enerjigazetesi.ist\/en\/irak-petrol-uretimini-artirmayi-planliyor\/","title":{"rendered":"(Turkish) Irak Petrol \u00dcretimini Art\u0131rmay\u0131 Planl\u0131yor!"},"content":{"rendered":"<p class=\"qtranxs-available-languages-message qtranxs-available-languages-message-en\">Sorry, this entry is only available in <a href=\"https:\/\/www.enerjigazetesi.ist\/tr\/wp-json\/wp\/v2\/posts\/50462\" class=\"qtranxs-available-language-link qtranxs-available-language-link-tr\" title=\"Turkish\">Turkish<\/a>. For the sake of viewer convenience, the content is shown below in the alternative language. You may click the link to switch the active language.<\/p><p><span style=\"font-weight: bold; color: #242424;\">Irak y\u00f6netiminin petrol fiyatlar\u0131n\u0131n d\u00fc\u015fmesi nedeniyle ya\u015fad\u0131\u011f\u0131 kayb\u0131 hafifletmek i\u00e7in petrol \u00fcretimini art\u0131rmay\u0131 planlad\u0131\u011f\u0131 bildirildi.<\/span><\/p>\n<p style=\"color: #4d4e53;\">Irak Petrol Bakanl\u0131\u011f\u0131 S\u00f6zc\u00fcs\u00fc \u0130sam Cihad, &#8220;Bakanl\u0131\u011f\u0131n plan\u0131 petrol \u00fcretiminin art\u0131r\u0131lmas\u0131 y\u00f6n\u00fcnde&#8221; dedi.<a href=\"https:\/\/www.enerjigazetesi.ist\/wp-content\/uploads\/2016\/02\/irak-petrol-uretimini-artirmayi-planliyor.jpg\"><img loading=\"lazy\" class=\"alignright size-medium wp-image-50463\" src=\"https:\/\/www.enerjigazetesi.ist\/wp-content\/uploads\/2016\/02\/irak-petrol-uretimini-artirmayi-planliyor-300x153.jpg\" alt=\"irak-petrol-uretimini-artirmayi-planliyor\" width=\"300\" height=\"153\" srcset=\"https:\/\/www.enerjigazetesi.ist\/wp-content\/uploads\/2016\/02\/irak-petrol-uretimini-artirmayi-planliyor-300x153.jpg 300w, https:\/\/www.enerjigazetesi.ist\/wp-content\/uploads\/2016\/02\/irak-petrol-uretimini-artirmayi-planliyor-500x255.jpg 500w, https:\/\/www.enerjigazetesi.ist\/wp-content\/uploads\/2016\/02\/irak-petrol-uretimini-artirmayi-planliyor-80x40.jpg 80w, https:\/\/www.enerjigazetesi.ist\/wp-content\/uploads\/2016\/02\/irak-petrol-uretimini-artirmayi-planliyor.jpg 685w\" sizes=\"(max-width: 300px) 100vw, 300px\" \/><\/a><\/p>\n<p style=\"color: #4d4e53;\">Cihad, Irak hazinesinin gelirlerinin art\u0131r\u0131lmas\u0131 amac\u0131yla t\u00fcm petrol \u00fcretim kapasitesini kullanmay\u0131 ama\u00e7lad\u0131klar\u0131n\u0131 s\u00f6yledi.<\/p>\n<p style=\"color: #4d4e53;\">Irak parlamentosundaki Enerji, Petrol ve Gaz Komisyonu Ba\u015fkan\u0131 \u0130brahim Bahr ise &#8220;Irak, tarihinde ilk kez aral\u0131k ay\u0131nda orta ve g\u00fcneydeki petrol sahalar\u0131ndan g\u00fcnde 4 milyon varil petrol \u00fcretmeyi ba\u015fard\u0131. Buna Irak K\u00fcrt B\u00f6lgesel Y\u00f6netimi ve Kerk\u00fck&#8217;teki petrol sahalar\u0131ndan elde edilen miktar\u0131 da eklersek g\u00fcnl\u00fck yakla\u015f\u0131k 4,5 milyona ula\u015f\u0131yor&#8221; diye konu\u015ftu.<\/p>\n<p style=\"color: #4d4e53;\">Bahr, Irak&#8217;\u0131n petrol \u00fcretim seviyesini korumas\u0131n\u0131 ve bu y\u0131l i\u00e7inde art\u0131rmas\u0131n\u0131 umut ettiklerini kaydederek, &#8220;Fiyatlar\u0131n d\u00fc\u015fmesi, b\u00fct\u00e7edeki kayb\u0131n telafi edilmesi ve gelecekte olu\u015fabilecek herhangi bir a\u00e7\u0131\u011f\u0131n \u00f6nlenmesi amac\u0131yla \u00fcretimin iki kat\u0131na \u00e7\u0131kar\u0131lmas\u0131 i\u00e7in \u00e7abalar\u0131n art\u0131r\u0131lmas\u0131n\u0131 gerektiriyor&#8221; ifadelerini kulland\u0131.<\/p>\n<p style=\"color: #4d4e53;\">Irak Petrol Bakanl\u0131\u011f\u0131, aral\u0131k ay\u0131nda petrol ihracat\u0131n\u0131n g\u00f6r\u00fclmemi\u015f \u015fekilde artt\u0131\u011f\u0131n\u0131 ve g\u00fcneydeki limanlardan yap\u0131lan ihracat\u0131n g\u00fcnl\u00fck 100 milyon varili a\u015ft\u0131\u011f\u0131n\u0131 a\u00e7\u0131klam\u0131\u015ft\u0131.<\/p>\n<p style=\"color: #4d4e53;\">Kaynak: <a href=\"http:\/\/www.dunya.com\/dunya\/ortadogu\/irak-petrol-uretimini-artirmayi-planliyor-290462h.htm\" target=\"_blank\" rel=\"nofollow\">D\u00fcnya<\/a><\/p>\n<p><\/p>","protected":false},"excerpt":{"rendered":"<p>Sorry, this entry is only available in Turkish. For the sake of viewer convenience, the content is shown below in the alternative language. You may click the link to switch the active language.Irak y\u00f6netiminin petrol fiyatlar\u0131n\u0131n d\u00fc\u015fmesi nedeniyle ya\u015fad\u0131\u011f\u0131 kayb\u0131 hafifletmek i\u00e7in petrol \u00fcretimini art\u0131rmay\u0131 planlad\u0131\u011f\u0131 bildirildi. Irak Petrol Bakanl\u0131\u011f\u0131 S\u00f6zc\u00fcs\u00fc \u0130sam Cihad, &#8220;Bakanl\u0131\u011f\u0131n plan\u0131 [&hellip;]<\/p>\n","protected":false},"author":1,"featured_media":50463,"comment_status":"open","ping_status":"open","sticky":false,"template":"","format":"standard","meta":[],"categories":[53,44],"tags":[63,67,1009,2698,165,945,59,79,2388,887,2522,1369],"views":527,"_links":{"self":[{"href":"https:\/\/www.enerjigazetesi.ist\/en\/wp-json\/wp\/v2\/posts\/50462"}],"collection":[{"href":"https:\/\/www.enerjigazetesi.ist\/en\/wp-json\/wp\/v2\/posts"}],"about":[{"href":"https:\/\/www.enerjigazetesi.ist\/en\/wp-json\/wp\/v2\/types\/post"}],"author":[{"embeddable":true,"href":"https:\/\/www.enerjigazetesi.ist\/en\/wp-json\/wp\/v2\/users\/1"}],"replies":[{"embeddable":true,"href":"https:\/\/www.enerjigazetesi.ist\/en\/wp-json\/wp\/v2\/comments?post=50462"}],"version-history":[{"count":1,"href":"https:\/\/www.enerjigazetesi.ist\/en\/wp-json\/wp\/v2\/posts\/50462\/revisions"}],"predecessor-version":[{"id":50464,"href":"https:\/\/www.enerjigazetesi.ist\/en\/wp-json\/wp\/v2\/posts\/50462\/revisions\/50464"}],"wp:featuredmedia":[{"embeddable":true,"href":"https:\/\/www.enerjigazetesi.ist\/en\/wp-json\/wp\/v2\/media\/50463"}],"wp:attachment":[{"href":"https:\/\/www.enerjigazetesi.ist\/en\/wp-json\/wp\/v2\/media?parent=50462"}],"wp:term":[{"taxonomy":"category","embeddable":true,"href":"https:\/\/www.enerjigazetesi.ist\/en\/wp-json\/wp\/v2\/categories?post=50462"},{"taxonomy":"post_tag","embeddable":true,"href":"https:\/\/www.enerjigazetesi.ist\/en\/wp-json\/wp\/v2\/tags?post=50462"}],"curies":[{"name":"wp","href":"https:\/\/api.w.org\/{rel}","templated":true}]}}