{"id":50429,"date":"2016-02-15T15:43:24","date_gmt":"2016-02-15T12:43:24","guid":{"rendered":"https:\/\/www.enerjigazetesi.ist\/?p=50429"},"modified":"2016-02-15T15:43:24","modified_gmt":"2016-02-15T12:43:24","slug":"buyuk-tuketiciler-fiyatlar-yukselince-tuketimi-kisarsa-ucuz-elektrik","status":"publish","type":"post","link":"https:\/\/www.enerjigazetesi.ist\/en\/buyuk-tuketiciler-fiyatlar-yukselince-tuketimi-kisarsa-ucuz-elektrik\/","title":{"rendered":"(Turkish) B\u00fcy\u00fck T\u00fcketiciler, Fiyatlar Y\u00fckselince T\u00fcketimi K\u0131sarsa Ucuz Elektrik!"},"content":{"rendered":"<p class=\"qtranxs-available-languages-message qtranxs-available-languages-message-en\">Sorry, this entry is only available in <a href=\"https:\/\/www.enerjigazetesi.ist\/tr\/wp-json\/wp\/v2\/posts\/50429\" class=\"qtranxs-available-language-link qtranxs-available-language-link-tr\" title=\"Turkish\">Turkish<\/a>. For the sake of viewer convenience, the content is shown below in the alternative language. You may click the link to switch the active language.<\/p><p><\/p>\n<p style=\"color: #0a0a0a;\"><strong>Enerji Piyasas\u0131 D\u00fczenleme Kurumu, bu y\u0131l i\u00e7inde elektrikte yeni bir uygulamay\u0131 hayata ge\u00e7irmeyi hedefliyor. \u0130lk etapta b\u00fcy\u00fck t\u00fcketiciler, piyasa fiyatlar\u0131n\u0131n y\u00fckseldi\u011fi anlarda t\u00fcketimlerini k\u0131smalar\u0131 halinde, daha uygun fiyatlardan elektrik alabilecek.<span id=\"more-76097\"><\/span>\u00a0Elektrik t\u00fcketiminin g\u00f6n\u00fcll\u00fc bir \u015fekilde azalt\u0131lmas\u0131 kar\u015f\u0131l\u0131\u011f\u0131nda t\u00fcketilmeyen elektri\u011fe kar\u015f\u0131l\u0131k bir bedel \u00f6denecek.<\/strong><\/p>\n<p class=\"selectionShareable\" style=\"color: #0a0a0a;\">T\u00fcrkiye\u2019de elektrik da\u011f\u0131t\u0131m\u0131nda t\u00fcketicilerin rol\u00fc, haklar\u0131 ve talepleri tart\u0131\u015f\u0131lmaya devam ederken, bu konuda yeni bir uygulaman\u0131n yak\u0131nda devreye girmesi bekleniyor. Enerji Piyasas\u0131 D\u00fczenleme Kurumu\u2019nun (EPDK) bu y\u0131l hay<a href=\"https:\/\/www.enerjigazetesi.ist\/wp-content\/uploads\/2016\/02\/buyuk-tuketiciler-fiyatlar-yukselince-tuketimi-kisarsa-ucuz-elektrik.jpg\"><img loading=\"lazy\" class=\"alignright size-medium wp-image-50430\" src=\"https:\/\/www.enerjigazetesi.ist\/wp-content\/uploads\/2016\/02\/buyuk-tuketiciler-fiyatlar-yukselince-tuketimi-kisarsa-ucuz-elektrik-300x165.jpg\" alt=\"buyuk-tuketiciler-fiyatlar-yukselince-tuketimi-kisarsa-ucuz-elektrik\" width=\"300\" height=\"165\" srcset=\"https:\/\/www.enerjigazetesi.ist\/wp-content\/uploads\/2016\/02\/buyuk-tuketiciler-fiyatlar-yukselince-tuketimi-kisarsa-ucuz-elektrik-300x165.jpg 300w, https:\/\/www.enerjigazetesi.ist\/wp-content\/uploads\/2016\/02\/buyuk-tuketiciler-fiyatlar-yukselince-tuketimi-kisarsa-ucuz-elektrik-500x276.jpg 500w, https:\/\/www.enerjigazetesi.ist\/wp-content\/uploads\/2016\/02\/buyuk-tuketiciler-fiyatlar-yukselince-tuketimi-kisarsa-ucuz-elektrik-80x44.jpg 80w, https:\/\/www.enerjigazetesi.ist\/wp-content\/uploads\/2016\/02\/buyuk-tuketiciler-fiyatlar-yukselince-tuketimi-kisarsa-ucuz-elektrik.jpg 696w\" sizes=\"(max-width: 300px) 100vw, 300px\" \/><\/a>ata ge\u00e7irmeyi hedefledi\u011fi uygulamaya g\u00f6re, elektrik t\u00fcketicileri t\u00fcketimlerini elektri\u011fin daha bol ve ucuz oldu\u011fu saatlere kayd\u0131rabilecek. \u201cTalep taraf\u0131 kat\u0131l\u0131mc\u0131s\u0131 t\u00fcketicisi\u201d olarak adland\u0131r\u0131lan belli t\u00fcketiciler, piyasa fiyatlar\u0131n\u0131n y\u00fckseldi\u011fi anlarda ve sistem g\u00fcvenli\u011finin tehdit alt\u0131na girdi\u011fi-yani elektrik \u00fcretiminin t\u00fcketimini kar\u015f\u0131layamad\u0131\u011f\u0131 durumlarda t\u00fcketimlerini k\u0131smalar\u0131 halinde, daha uygun fiyatlardan elektrik alabilecek. B\u00f6ylece elektri\u011fin daha etkin kullan\u0131lmas\u0131 hedefleniyor.<\/p>\n<p class=\"selectionShareable\" style=\"color: #0a0a0a;\">Elektrik t\u00fcketiminin g\u00f6n\u00fcll\u00fc bir \u015fekilde azalt\u0131lmas\u0131 kar\u015f\u0131l\u0131\u011f\u0131nda, t\u00fcketilmeyen elektri\u011fe kar\u015f\u0131l\u0131k bir bedel t\u00fcketicilere \u00f6denecek. \u00a0Elektrik t\u00fcketicilerinin elde edece\u011fi ekonomik faydaya ek olarak, 31 Mart 2015\u2019te \u00fclke \u00e7ap\u0131nda ger\u00e7ekle\u015fen elektrik kesintisi gibi s\u0131k\u0131nt\u0131l\u0131 durumlar\u0131n da \u00f6n\u00fcne ge\u00e7ilebilecek. Sekt\u00f6r temsilcileri, burada esas \u00f6nceli\u011fin, sadece arz de\u011fil talebin de kontrol edilerek sistemin dengede tutulmas\u0131 oldu\u011funu s\u00f6ylerken, \u201cBuna sadece bir fiyat kontrol mekanizmas\u0131 olarak bak\u0131lmamas\u0131 laz\u0131m. Arz taraf\u0131nda herhangi bir s\u0131k\u0131nt\u0131 ya\u015fand\u0131\u011f\u0131, fakat fiyatlar\u0131n artmad\u0131\u011f\u0131 bir durumda da TE\u0130A\u015e talebi k\u0131smalar\u0131n\u0131 kat\u0131l\u0131mc\u0131lardan isteyebilecek\u201d diyor.<\/p>\n<p class=\"selectionShareable\" style=\"color: #0a0a0a;\"><strong>KISINTI KAR\u015eILI\u011eI TAZM\u0130N\u00a0<\/strong><\/p>\n<p class=\"selectionShareable\" style=\"color: #0a0a0a;\">TOBB Ekonomi ve Teknoloji \u00dcniversitesi Elektrik ve Elektronik M\u00fchendisli\u011fi B\u00f6l\u00fcm Ba\u015fkan\u0131 Prof. Dr. Murat Alanyal\u0131, talep taraf\u0131 kat\u0131l\u0131m\u0131n\u0131n esasen sistemin ihtiyac\u0131 oldu\u011fu zamanlarda t\u00fcketicinin t\u00fcketimini de\u011fi\u015ftirmesini ifade etti\u011fini belirterek, \u201cElektrik sistemi arz ve talebin anl\u0131k dengelenmesine dayan\u0131yor. Talep \u00e7ok y\u00fcksek veya arz \u00e7ok d\u00fc\u015f\u00fck oldu\u011fu zaman, elektrik fiyatlar\u0131 \u00e7ok y\u00fcksek oluyor.<\/p>\n<p class=\"selectionShareable\" style=\"color: #0a0a0a;\">Arz ve talebi dengelemek i\u00e7in \u00e7ok pahal\u0131 santralleri \u00e7al\u0131\u015ft\u0131rmak gerekiyor. Piyasa fiyat\u0131n\u0131n y\u00fcksek olmas\u0131 ise t\u00fcketiciye do\u011frudan yans\u0131masa da dolayl\u0131 olarak tarifelerle yans\u0131yor. B\u00f6yle bir uygulamaya ge\u00e7ildi\u011finde, fiyat\u0131n \u00e7ok y\u00fckseldi\u011fi veya elektrik k\u0131s\u0131nt\u0131s\u0131na gidildi\u011fi zamanlarda, bu t\u00fcr k\u0131s\u0131nt\u0131lardan en az etkilenecek t\u00fcketiciler belli olur ve onlar\u0131n k\u0131s\u0131nt\u0131 yapmas\u0131 istenir. Bir de bug\u00fcn yap\u0131lan k\u0131s\u0131nt\u0131lardan \u00e7ok b\u00fcy\u00fck bir fark olarak t\u00fcketicilerin k\u0131s\u0131nt\u0131dan do\u011fan zarar\u0131 tazmin edilir. \u015eu anda b\u00fcy\u00fck t\u00fcketicilerin t\u00fcketimleri 15 dakikal\u0131k aral\u0131klarla okunabiliyor. Bu nedenle sanayi tesisleri gibi b\u00fcy\u00fck t\u00fcketiciler bu d\u00fczenlemeden faydalanabilir\u201d diyor.<\/p>\n<p class=\"selectionShareable\" style=\"color: #0a0a0a;\"><strong>\u0130K\u0130 FAYDASI VAR<\/strong><br \/>\nAlanyal\u0131, g\u00f6n\u00fcll\u00fcl\u00fck esas\u0131n\u0131n \u00f6nemli oldu\u011fu bu sistemin, elektrik kesintisinin bundan en az etkilenecek kesimden yap\u0131lmas\u0131n\u0131 sa\u011flayaca\u011f\u0131n\u0131 vurgulayarak, \u201cT\u00fcketim taraf\u0131 b\u00f6yle g\u00f6n\u00fcll\u00fc bir programa d\u00e2hil olacak. Mevsimsel ve y\u0131ll\u0131k d\u00fc\u015f\u00fcnmek laz\u0131m. \u00d6rne\u011fin k\u0131\u015f d\u00f6nemi i\u00e7in b\u00fcy\u00fck t\u00fcketici, \u2018K\u0131\u015f d\u00f6neminde 10 g\u00fcn boyunca t\u00fcketimimi \u015fu kadar kilovat saat azaltabilirim\u2019 diyerek, sistemle anla\u015fmaya girecek. Sistem de o anla\u015fma \u00e7er\u00e7evesinde kendisine tan\u0131nan hakk\u0131 kullanacak. \u0130ki faydas\u0131 var: Sistemde elektrik kesintilerinin verdi\u011fi ekonomik maliyeti indirmek, ikincisi de talebi ve son kullan\u0131c\u0131y\u0131 g\u00fc\u00e7lendirerek, elektrik fiyatlar\u0131n\u0131n \u00e7ok pahal\u0131 santrallerin \u00e7al\u0131\u015fmas\u0131 dolay\u0131s\u0131yla \u00e7ok y\u00fcksek seviyelere \u00e7\u0131kmas\u0131n\u0131 engellemek.<\/p>\n<p class=\"selectionShareable\" style=\"color: #0a0a0a;\">Hem elektrik fiyatlar\u0131n\u0131n daha d\u00fc\u015f\u00fck kalmas\u0131n\u0131 sa\u011fl\u0131yor. Hem de ak\u0131ll\u0131 t\u00fcketici i\u00e7in ek bir gelir sa\u011fl\u0131yor\u201d \u015feklinde konu\u015fuyor. EPDK yetkilileri, talep taraf\u0131 kat\u0131l\u0131m mekanizmas\u0131n\u0131n elektrik t\u00fcketicilerinin sahip olduklar\u0131 esneklik potansiyelinden fayda sa\u011flanmas\u0131 i\u00e7in f\u0131rsat sa\u011flad\u0131\u011f\u0131n\u0131 belirterek, \u201cT\u00fcketiciler, t\u00fcketimlerini sistemin ihtiya\u00e7 duydu\u011funda azaltmak suretiyle, sistemin daha d\u00fc\u015f\u00fck maliyetle dengelenmesine katk\u0131 sunacak. Bunun kar\u015f\u0131l\u0131\u011f\u0131nda ortaya \u00e7\u0131kan verimlilik art\u0131\u015f\u0131ndan paylar\u0131n\u0131 do\u011frudan \u00f6deme ya da elektrik t\u00fcketim fiyatlar\u0131nda indirim olacak tahsil edebilecekler\u201d diyor. Talep taraf\u0131 kat\u0131l\u0131m\u0131n\u0131n daha fazla uygulanmas\u0131 i\u00e7in ise ak\u0131ll\u0131 saya\u00e7 ve ak\u0131ll\u0131 \u015febeke uygulamalar\u0131n\u0131n yayg\u0131nla\u015fmas\u0131n\u0131n \u00f6nemli oldu\u011fu vurgulan\u0131yor.<\/p>\n<p class=\"selectionShareable\" style=\"color: #0a0a0a;\"><strong>T\u00fcketilmeyen elektrik\u00a0para kazand\u0131racak\u00a0<\/strong><br \/>\nHaz\u0131rl\u0131klar\u0131\u00a0y\u00fcr\u00fct\u00fclen bu uygulamaya y\u00f6nelik EPDK\u2019dan edindi\u011fimiz bilgilere g\u00f6re, tedarik\u00e7iler, hali haz\u0131rda g\u00fcn \u00f6ncesi piyasas\u0131 teklif setlerine yans\u0131tmak \u00fczere talep taraf\u0131 kat\u0131l\u0131m\u0131n\u0131 \u00f6ng\u00f6ren ikili anla\u015fmalar yapma imkan\u0131na sahip. Bu \u00e7er\u00e7evede, \u00f6rne\u011fin bir tedarik\u00e7i t\u00fcketicisine g\u00fcn \u00f6ncesi fiyat\u0131 s\u00f6zle\u015fmede belirlenen bir fiyat\u0131 ge\u00e7ti\u011finde t\u00fcketim yapmamas\u0131 ya da t\u00fcketim yapmas\u0131 halinde fiyat riskini \u00fcstlenmesi kar\u015f\u0131l\u0131\u011f\u0131nda ek indirim verebiliyor. Ancak bu imkan 2011 aral\u0131k ay\u0131ndan bu yana sunulmu\u015f olmas\u0131na ra\u011fmen hen\u00fcz etkin \u015fekilde kullan\u0131lm\u0131yor.<\/p>\n<p class=\"selectionShareable\" style=\"color: #0a0a0a;\">Bu nedenle mevcut talep taraf\u0131 kat\u0131l\u0131m\u0131 mekanizmalar\u0131n\u0131n \u00f6tesinde yeni mekanizmalar geli\u015ftirilmesine y\u00f6nelik \u00e7al\u0131\u015fmalara a\u011f\u0131rl\u0131k verildi. Buna g\u00f6re, elektrik t\u00fcketiminin g\u00f6n\u00fcll\u00fc bir \u015fekilde azalt\u0131lmas\u0131 kar\u015f\u0131l\u0131\u011f\u0131nda t\u00fcketilmeyen elektrik yani verilen hizmete kar\u015f\u0131l\u0131k bir bedelin t\u00fcketicilere \u00f6denmesi \u00f6ng\u00f6r\u00fcl\u00fcyor. Talep taraf\u0131 kat\u0131l\u0131m\u0131na y\u00f6nelik anla\u015fmada, anla\u015fman\u0131n s\u00fcresi, sa\u011flanacak talep taraf\u0131 kat\u0131l\u0131m yede\u011finin megavat (MW) cinsinden miktar\u0131, t\u00fcketim tesislerine ne \u015fekilde talimat verilece\u011fi ve devreye al\u0131naca\u011f\u0131, hizmetin \u00fccretlendirilmesi, y\u00fck\u00fcml\u00fcl\u00fcklerin izlenmesi, cezai yapt\u0131r\u0131mlar gibi konular\u0131n yer almas\u0131 \u00f6ng\u00f6r\u00fcl\u00fcyor.<\/p>\n<p class=\"selectionShareable\" style=\"color: #0a0a0a;\">Haberin Devam\u0131 i\u00e7in\u00a0<a style=\"color: #1e73be;\" href=\"http:\/\/www.hurriyet.com.tr\/kritik-enerji-sureclerinde-gonullu-kesinti-donemi-basliyor-40053854\" target=\"_blank\" rel=\"nofollow\">t\u0131klay\u0131n\u0131z&gt;&gt;&gt;<\/a><\/p>\n<p class=\"selectionShareable\" style=\"color: #0a0a0a;\">Kaynak: H\u00fcrriyet<\/p>\n<p><\/p>","protected":false},"excerpt":{"rendered":"<p>Sorry, this entry is only available in Turkish. For the sake of viewer convenience, the content is shown below in the alternative language. You may click the link to switch the active language. Enerji Piyasas\u0131 D\u00fczenleme Kurumu, bu y\u0131l i\u00e7inde elektrikte yeni bir uygulamay\u0131 hayata ge\u00e7irmeyi hedefliyor. \u0130lk etapta b\u00fcy\u00fck t\u00fcketiciler, piyasa fiyatlar\u0131n\u0131n y\u00fckseldi\u011fi anlarda [&hellip;]<\/p>\n","protected":false},"author":1,"featured_media":50430,"comment_status":"open","ping_status":"open","sticky":false,"template":"","format":"standard","meta":[],"categories":[51,53],"tags":[68,61,343,19638,2873,130,63,67,1009,2698,1046,165,750,5404],"views":792,"_links":{"self":[{"href":"https:\/\/www.enerjigazetesi.ist\/en\/wp-json\/wp\/v2\/posts\/50429"}],"collection":[{"href":"https:\/\/www.enerjigazetesi.ist\/en\/wp-json\/wp\/v2\/posts"}],"about":[{"href":"https:\/\/www.enerjigazetesi.ist\/en\/wp-json\/wp\/v2\/types\/post"}],"author":[{"embeddable":true,"href":"https:\/\/www.enerjigazetesi.ist\/en\/wp-json\/wp\/v2\/users\/1"}],"replies":[{"embeddable":true,"href":"https:\/\/www.enerjigazetesi.ist\/en\/wp-json\/wp\/v2\/comments?post=50429"}],"version-history":[{"count":1,"href":"https:\/\/www.enerjigazetesi.ist\/en\/wp-json\/wp\/v2\/posts\/50429\/revisions"}],"predecessor-version":[{"id":50431,"href":"https:\/\/www.enerjigazetesi.ist\/en\/wp-json\/wp\/v2\/posts\/50429\/revisions\/50431"}],"wp:featuredmedia":[{"embeddable":true,"href":"https:\/\/www.enerjigazetesi.ist\/en\/wp-json\/wp\/v2\/media\/50430"}],"wp:attachment":[{"href":"https:\/\/www.enerjigazetesi.ist\/en\/wp-json\/wp\/v2\/media?parent=50429"}],"wp:term":[{"taxonomy":"category","embeddable":true,"href":"https:\/\/www.enerjigazetesi.ist\/en\/wp-json\/wp\/v2\/categories?post=50429"},{"taxonomy":"post_tag","embeddable":true,"href":"https:\/\/www.enerjigazetesi.ist\/en\/wp-json\/wp\/v2\/tags?post=50429"}],"curies":[{"name":"wp","href":"https:\/\/api.w.org\/{rel}","templated":true}]}}