{"id":50399,"date":"2016-02-14T18:21:18","date_gmt":"2016-02-14T15:21:18","guid":{"rendered":"https:\/\/www.enerjigazetesi.ist\/?p=50399"},"modified":"2016-02-14T18:21:18","modified_gmt":"2016-02-14T15:21:18","slug":"kritik-enerji-sureclerinde-gonullu-kesinti-donemi-basliyor","status":"publish","type":"post","link":"https:\/\/www.enerjigazetesi.ist\/en\/kritik-enerji-sureclerinde-gonullu-kesinti-donemi-basliyor\/","title":{"rendered":"(Turkish) Kritik Enerji S\u00fcre\u00e7lerinde \u2018G\u00f6n\u00fcll\u00fc\u2019 Kesinti D\u00f6nemi Ba\u015fl\u0131yor!"},"content":{"rendered":"<p class=\"qtranxs-available-languages-message qtranxs-available-languages-message-en\">Sorry, this entry is only available in <a href=\"https:\/\/www.enerjigazetesi.ist\/tr\/wp-json\/wp\/v2\/posts\/50399\" class=\"qtranxs-available-language-link qtranxs-available-language-link-tr\" title=\"Turkish\">Turkish<\/a>. For the sake of viewer convenience, the content is shown below in the alternative language. You may click the link to switch the active language.<\/p><p><\/p>\n<div class=\"news-detail-spot\">\n<h2 class=\"selectionShareable\">Enerji Piyasas\u0131 D\u00fczenleme Kurumu, bu y\u0131l i\u00e7inde elektrikte yeni bir uygulamay\u0131 hayata ge\u00e7irmeyi hedefliyor. \u0130lk etapta b\u00fcy\u00fck t\u00fcketiciler, piyasa fiyatlar\u0131n\u0131n y\u00fckseldi\u011fi anlarda t\u00fcketimlerini k\u0131smalar\u0131 halinde, daha uygun fiyatlardan elektrik alabilecek. Elektrik t\u00fcketiminin g\u00f6n\u00fcll\u00fc bir \u015fekilde azalt\u0131lmas\u0131 kar\u015f\u0131l\u0131\u011f\u0131nda t\u00fcketilmeyen elektri\u011fe kar\u015f\u0131l\u0131k bir bedel \u00f6denecek.<\/h2>\n<\/div>\n<div class=\"news-box\">\n<p class=\"selectionShareable\">T\u00dcRK\u0130YE\u2019de elektrik da\u011f\u0131t\u0131m\u0131nda t\u00fcketicilerin rol\u00fc, haklar\u0131 ve talepleri tart\u0131\u015f\u0131lmaya devam ederken, bu konuda yeni bir uygulaman\u0131n yak\u0131nda devreye girm<a href=\"https:\/\/www.enerjigazetesi.ist\/wp-content\/uploads\/2016\/02\/kritik-enerji-sureclerinde-gonullu-kesinti-donemi-basliyor.jpg\"><img loading=\"lazy\" class=\"alignleft size-medium wp-image-50400\" src=\"https:\/\/www.enerjigazetesi.ist\/wp-content\/uploads\/2016\/02\/kritik-enerji-sureclerinde-gonullu-kesinti-donemi-basliyor-300x169.jpg\" alt=\"kritik-enerji-sureclerinde-gonullu-kesinti-donemi-basliyor\" width=\"300\" height=\"169\" srcset=\"https:\/\/www.enerjigazetesi.ist\/wp-content\/uploads\/2016\/02\/kritik-enerji-sureclerinde-gonullu-kesinti-donemi-basliyor-300x169.jpg 300w, https:\/\/www.enerjigazetesi.ist\/wp-content\/uploads\/2016\/02\/kritik-enerji-sureclerinde-gonullu-kesinti-donemi-basliyor-500x282.jpg 500w, https:\/\/www.enerjigazetesi.ist\/wp-content\/uploads\/2016\/02\/kritik-enerji-sureclerinde-gonullu-kesinti-donemi-basliyor-80x45.jpg 80w, https:\/\/www.enerjigazetesi.ist\/wp-content\/uploads\/2016\/02\/kritik-enerji-sureclerinde-gonullu-kesinti-donemi-basliyor.jpg 620w\" sizes=\"(max-width: 300px) 100vw, 300px\" \/><\/a>esi bekleniyor. Enerji Piyasas\u0131 D\u00fczenleme Kurumu\u2019nun (EPDK) bu y\u0131l hayata ge\u00e7irmeyi hedefledi\u011fi uygulamaya g\u00f6re, elektrik t\u00fcketicileri t\u00fcketimlerini elektri\u011fin daha bol ve ucuz oldu\u011fu saatlere kayd\u0131rabilecek. \u201cTalep taraf\u0131 kat\u0131l\u0131mc\u0131s\u0131 t\u00fcketicisi\u201d olarak adland\u0131r\u0131lan belli t\u00fcketiciler, piyasa fiyatlar\u0131n\u0131n y\u00fckseldi\u011fi anlarda ve sistem g\u00fcvenli\u011finin tehdit alt\u0131na girdi\u011fi-yani elektrik \u00fcretiminin t\u00fcketimini kar\u015f\u0131layamad\u0131\u011f\u0131 durumlarda t\u00fcketimlerini k\u0131smalar\u0131 halinde, daha uygun fiyatlardan elektrik alabilecek. B\u00f6ylece elektri\u011fin daha etkin kullan\u0131lmas\u0131 hedefleniyor.<\/p>\n<p class=\"selectionShareable\">Elektrik t\u00fcketiminin g\u00f6n\u00fcll\u00fc bir \u015fekilde azalt\u0131lmas\u0131 kar\u015f\u0131l\u0131\u011f\u0131nda, t\u00fcketilmeyen elektri\u011fe kar\u015f\u0131l\u0131k bir bedel t\u00fcketicilere \u00f6denecek. \u00a0Elektrik t\u00fcketicilerinin elde edece\u011fi ekonomik faydaya ek olarak, 31 Mart 2015\u2019te \u00fclke \u00e7ap\u0131nda ger\u00e7ekle\u015fen elektrik kesintisi gibi s\u0131k\u0131nt\u0131l\u0131 durumlar\u0131n da \u00f6n\u00fcne ge\u00e7ilebilecek. Sekt\u00f6r temsilcileri, burada esas \u00f6nceli\u011fin, sadece arz de\u011fil talebin de kontrol edilerek sistemin dengede tutulmas\u0131 oldu\u011funu s\u00f6ylerken, \u201cBuna sadece bir fiyat kontrol mekanizmas\u0131 olarak bak\u0131lmamas\u0131 laz\u0131m. Arz taraf\u0131nda herhangi bir s\u0131k\u0131nt\u0131 ya\u015fand\u0131\u011f\u0131, fakat fiyatlar\u0131n artmad\u0131\u011f\u0131 bir durumda da TE\u0130A\u015e talebi k\u0131smalar\u0131n\u0131 kat\u0131l\u0131mc\u0131lardan isteyebilecek\u201d diyor.<\/p>\n<p class=\"selectionShareable\">Haberin <a href=\"http:\/\/www.hurriyet.com.tr\/kritik-enerji-sureclerinde-gonullu-kesinti-donemi-basliyor-40053854\" target=\"_blank\" rel=\"nofollow\">Devam\u0131 \u0130\u00e7in TIKLAYINIZ&gt;&gt;&gt;<\/a><\/p>\n<p class=\"selectionShareable\">Kaynak: H\u00fcrriyet<\/p>\n<\/div>\n<p><\/p>","protected":false},"excerpt":{"rendered":"<p>Sorry, this entry is only available in Turkish. For the sake of viewer convenience, the content is shown below in the alternative language. You may click the link to switch the active language. Enerji Piyasas\u0131 D\u00fczenleme Kurumu, bu y\u0131l i\u00e7inde elektrikte yeni bir uygulamay\u0131 hayata ge\u00e7irmeyi hedefliyor. \u0130lk etapta b\u00fcy\u00fck t\u00fcketiciler, piyasa fiyatlar\u0131n\u0131n y\u00fckseldi\u011fi anlarda [&hellip;]<\/p>\n","protected":false},"author":1,"featured_media":50400,"comment_status":"open","ping_status":"open","sticky":false,"template":"","format":"standard","meta":[],"categories":[51,53],"tags":[68,61,19638,2873,130,63,67,1009,2698,1046,165,750],"views":700,"_links":{"self":[{"href":"https:\/\/www.enerjigazetesi.ist\/en\/wp-json\/wp\/v2\/posts\/50399"}],"collection":[{"href":"https:\/\/www.enerjigazetesi.ist\/en\/wp-json\/wp\/v2\/posts"}],"about":[{"href":"https:\/\/www.enerjigazetesi.ist\/en\/wp-json\/wp\/v2\/types\/post"}],"author":[{"embeddable":true,"href":"https:\/\/www.enerjigazetesi.ist\/en\/wp-json\/wp\/v2\/users\/1"}],"replies":[{"embeddable":true,"href":"https:\/\/www.enerjigazetesi.ist\/en\/wp-json\/wp\/v2\/comments?post=50399"}],"version-history":[{"count":1,"href":"https:\/\/www.enerjigazetesi.ist\/en\/wp-json\/wp\/v2\/posts\/50399\/revisions"}],"predecessor-version":[{"id":50401,"href":"https:\/\/www.enerjigazetesi.ist\/en\/wp-json\/wp\/v2\/posts\/50399\/revisions\/50401"}],"wp:featuredmedia":[{"embeddable":true,"href":"https:\/\/www.enerjigazetesi.ist\/en\/wp-json\/wp\/v2\/media\/50400"}],"wp:attachment":[{"href":"https:\/\/www.enerjigazetesi.ist\/en\/wp-json\/wp\/v2\/media?parent=50399"}],"wp:term":[{"taxonomy":"category","embeddable":true,"href":"https:\/\/www.enerjigazetesi.ist\/en\/wp-json\/wp\/v2\/categories?post=50399"},{"taxonomy":"post_tag","embeddable":true,"href":"https:\/\/www.enerjigazetesi.ist\/en\/wp-json\/wp\/v2\/tags?post=50399"}],"curies":[{"name":"wp","href":"https:\/\/api.w.org\/{rel}","templated":true}]}}