{"id":50388,"date":"2016-02-14T17:48:12","date_gmt":"2016-02-14T14:48:12","guid":{"rendered":"https:\/\/www.enerjigazetesi.ist\/?p=50388"},"modified":"2016-02-14T17:50:39","modified_gmt":"2016-02-14T14:50:39","slug":"irak-petrol-uretiminde-ataga-gecme-hazirliginda","status":"publish","type":"post","link":"https:\/\/www.enerjigazetesi.ist\/en\/irak-petrol-uretiminde-ataga-gecme-hazirliginda\/","title":{"rendered":"(Turkish) Irak, Petrol \u00dcretiminde Ata\u011fa Ge\u00e7me Haz\u0131rl\u0131\u011f\u0131nda!"},"content":{"rendered":"<p class=\"qtranxs-available-languages-message qtranxs-available-languages-message-en\">Sorry, this entry is only available in <a href=\"https:\/\/www.enerjigazetesi.ist\/tr\/wp-json\/wp\/v2\/posts\/50388\" class=\"qtranxs-available-language-link qtranxs-available-language-link-tr\" title=\"Turkish\">Turkish<\/a>. For the sake of viewer convenience, the content is shown below in the alternative language. You may click the link to switch the active language.<\/p><p><strong>Irak Petrol Bakanl\u0131\u011f\u0131\u2019ndan yap\u0131lan a\u00e7\u0131klamada, \u00fclkedeki petrol \u00fcretiminin iki kat\u0131na \u00e7\u0131kar\u0131lmas\u0131n\u0131n hedeflendi\u011fi duyuruldu.<\/strong><\/p>\n<p>Irak hazinesinin gelirlerinin art\u0131r\u0131lmas\u0131 amac\u0131yla t\u00fcm petrol \u00fcretim kapasitesini kullanmay\u0131 ama\u00e7lad\u0131klar\u0131n\u0131 belirten Bakanl\u0131k S\u00f6zc\u00fcs\u00fc \u0130sam Cihad<a href=\"https:\/\/www.enerjigazetesi.ist\/wp-content\/uploads\/2016\/02\/irak-petrol-uretiminde-ataga-gecme-hazirliginda.jpg\"><img loading=\"lazy\" class=\"alignleft size-medium wp-image-50389\" src=\"https:\/\/www.enerjigazetesi.ist\/wp-content\/uploads\/2016\/02\/irak-petrol-uretiminde-ataga-gecme-hazirliginda-300x162.jpg\" alt=\"irak-petrol-uretiminde-ataga-gecme-hazirliginda\" width=\"300\" height=\"162\" srcset=\"https:\/\/www.enerjigazetesi.ist\/wp-content\/uploads\/2016\/02\/irak-petrol-uretiminde-ataga-gecme-hazirliginda-300x162.jpg 300w, https:\/\/www.enerjigazetesi.ist\/wp-content\/uploads\/2016\/02\/irak-petrol-uretiminde-ataga-gecme-hazirliginda-500x270.jpg 500w, https:\/\/www.enerjigazetesi.ist\/wp-content\/uploads\/2016\/02\/irak-petrol-uretiminde-ataga-gecme-hazirliginda-80x43.jpg 80w, https:\/\/www.enerjigazetesi.ist\/wp-content\/uploads\/2016\/02\/irak-petrol-uretiminde-ataga-gecme-hazirliginda.jpg 1000w\" sizes=\"(max-width: 300px) 100vw, 300px\" \/><\/a>, &#8220;Fiyatlar\u0131n d\u00fc\u015fmesi, b\u00fct\u00e7edeki kayb\u0131n telafi edilmesi ve gelecekte olu\u015fabilecek herhangi bir a\u00e7\u0131\u011f\u0131n \u00f6nlenmesi amac\u0131yla \u00fcretimin iki kat\u0131na \u00e7\u0131kar\u0131lmas\u0131 i\u00e7in \u00e7abalar\u0131n art\u0131r\u0131lmas\u0131n\u0131 gerektiriyor&#8221; dedi.<\/p>\n<p>Enerji, Petrol ve Gaz Komisyonu Ba\u015fkan\u0131 \u0130brahim Bahr da &#8220;Irak, tarihinde ilk kez aral\u0131k ay\u0131nda orta ve g\u00fcneydeki petrol sahalar\u0131ndan g\u00fcnde 4 milyon varil petrol \u00fcretmeyi ba\u015fard\u0131.\u00a0Buna Irak K\u00fcrt B\u00f6lgesel Y\u00f6netimi ve Kerk\u00fck&#8217;teki petrol sahalar\u0131ndan elde edilen miktar\u0131 da eklersek g\u00fcnl\u00fck yakla\u015f\u0131k 4,5 milyona ula\u015f\u0131yor&#8221; diye konu\u015ftu.<\/p>\n<p>Bahr, Irak&#8217;\u0131n petrol \u00fcretim seviyesini korumas\u0131n\u0131 ve bu y\u0131l i\u00e7inde art\u0131rmas\u0131n\u0131 umut ettiklerini kaydederek, &#8220;Fiyatlar\u0131n d\u00fc\u015fmesi, b\u00fct\u00e7edeki kayb\u0131n telafi edilmesi ve gelecekte olu\u015fabilecek herhangi bir a\u00e7\u0131\u011f\u0131n \u00f6nlenmesi amac\u0131yla \u00fcretimin iki kat\u0131na \u00e7\u0131kar\u0131lmas\u0131 i\u00e7in \u00e7abalar\u0131n art\u0131r\u0131lmas\u0131n\u0131 gerektiriyor&#8221; ifadelerini kulland\u0131.<\/p>\n<p>Irak Petrol Bakanl\u0131\u011f\u0131, aral\u0131k ay\u0131nda petrol ihracat\u0131n\u0131n g\u00f6r\u00fclmemi\u015f \u015fekilde artt\u0131\u011f\u0131n\u0131 ve g\u00fcneydeki limanlardan yap\u0131lan ihracat\u0131n g\u00fcnl\u00fck 100 milyon varili a\u015ft\u0131\u011f\u0131n\u0131 a\u00e7\u0131klam\u0131\u015ft\u0131.<\/p>\n<p>Kaynak: <a href=\"http:\/\/tr.sputniknews.com\/ortadogu\/20160214\/1020864364\/irak-petrol-uretiminde-ataga-gecme-hazirliginda.html\" target=\"_blank\" rel=\"nofollow\">Sputniknews<\/a><\/p>","protected":false},"excerpt":{"rendered":"<p>Sorry, this entry is only available in Turkish. For the sake of viewer convenience, the content is shown below in the alternative language. You may click the link to switch the active language.Irak Petrol Bakanl\u0131\u011f\u0131\u2019ndan yap\u0131lan a\u00e7\u0131klamada, \u00fclkedeki petrol \u00fcretiminin iki kat\u0131na \u00e7\u0131kar\u0131lmas\u0131n\u0131n hedeflendi\u011fi duyuruldu. Irak hazinesinin gelirlerinin art\u0131r\u0131lmas\u0131 amac\u0131yla t\u00fcm petrol \u00fcretim kapasitesini kullanmay\u0131 [&hellip;]<\/p>\n","protected":false},"author":1,"featured_media":50389,"comment_status":"open","ping_status":"open","sticky":false,"template":"","format":"standard","meta":[],"categories":[53,44],"tags":[63,67,1009,2698,165,59,79,2388,887,2522,1369],"views":713,"_links":{"self":[{"href":"https:\/\/www.enerjigazetesi.ist\/en\/wp-json\/wp\/v2\/posts\/50388"}],"collection":[{"href":"https:\/\/www.enerjigazetesi.ist\/en\/wp-json\/wp\/v2\/posts"}],"about":[{"href":"https:\/\/www.enerjigazetesi.ist\/en\/wp-json\/wp\/v2\/types\/post"}],"author":[{"embeddable":true,"href":"https:\/\/www.enerjigazetesi.ist\/en\/wp-json\/wp\/v2\/users\/1"}],"replies":[{"embeddable":true,"href":"https:\/\/www.enerjigazetesi.ist\/en\/wp-json\/wp\/v2\/comments?post=50388"}],"version-history":[{"count":3,"href":"https:\/\/www.enerjigazetesi.ist\/en\/wp-json\/wp\/v2\/posts\/50388\/revisions"}],"predecessor-version":[{"id":50393,"href":"https:\/\/www.enerjigazetesi.ist\/en\/wp-json\/wp\/v2\/posts\/50388\/revisions\/50393"}],"wp:featuredmedia":[{"embeddable":true,"href":"https:\/\/www.enerjigazetesi.ist\/en\/wp-json\/wp\/v2\/media\/50389"}],"wp:attachment":[{"href":"https:\/\/www.enerjigazetesi.ist\/en\/wp-json\/wp\/v2\/media?parent=50388"}],"wp:term":[{"taxonomy":"category","embeddable":true,"href":"https:\/\/www.enerjigazetesi.ist\/en\/wp-json\/wp\/v2\/categories?post=50388"},{"taxonomy":"post_tag","embeddable":true,"href":"https:\/\/www.enerjigazetesi.ist\/en\/wp-json\/wp\/v2\/tags?post=50388"}],"curies":[{"name":"wp","href":"https:\/\/api.w.org\/{rel}","templated":true}]}}