{"id":50250,"date":"2016-02-10T19:51:29","date_gmt":"2016-02-10T16:51:29","guid":{"rendered":"https:\/\/www.enerjigazetesi.ist\/?p=50250"},"modified":"2016-02-10T19:51:29","modified_gmt":"2016-02-10T16:51:29","slug":"2015-avrupada-ruzgarin-yili-oldu","status":"publish","type":"post","link":"https:\/\/www.enerjigazetesi.ist\/en\/2015-avrupada-ruzgarin-yili-oldu\/","title":{"rendered":"(Turkish) 2015 Avrupa&#8217;da R\u00fczgar\u0131n Y\u0131l\u0131 Oldu&#8230;"},"content":{"rendered":"<p class=\"qtranxs-available-languages-message qtranxs-available-languages-message-en\">Sorry, this entry is only available in <a href=\"https:\/\/www.enerjigazetesi.ist\/tr\/wp-json\/wp\/v2\/posts\/50250\" class=\"qtranxs-available-language-link qtranxs-available-language-link-tr\" title=\"Turkish\">Turkish<\/a>. For the sake of viewer convenience, the content is shown below in the alternative language. You may click the link to switch the active language.<\/p><p><strong>Avrupa`da 2015 y\u0131l\u0131 r\u00fczgar enerjisi kurulu kapasitesi 13 GW artarak t\u00fcm yeni enerji kurulumlar\u0131n\u0131n y\u00fczde 44`\u00fcn\u00fc olu\u015fturdu.<\/strong><\/p>\n<p>Avrupa R\u00fczgar Enerjisi Birli\u011fi`nin EWEA yay\u0131nlad\u0131\u011f\u0131 2015 Avrupa R\u00fczgar \u0130statistik Raporu`na g\u00f6re r\u00fczgar enerjisi kurulumlar\u0131 2015 <a href=\"https:\/\/www.enerjigazetesi.ist\/wp-content\/uploads\/2016\/02\/2015-avrupada-ruzgarin-yili-oldu.jpg\"><img loading=\"lazy\" class=\"alignleft size-medium wp-image-50251\" src=\"https:\/\/www.enerjigazetesi.ist\/wp-content\/uploads\/2016\/02\/2015-avrupada-ruzgarin-yili-oldu-300x225.jpg\" alt=\"2015-avrupada-ruzgarin-yili-oldu\" width=\"300\" height=\"225\" srcset=\"https:\/\/www.enerjigazetesi.ist\/wp-content\/uploads\/2016\/02\/2015-avrupada-ruzgarin-yili-oldu-300x225.jpg 300w, https:\/\/www.enerjigazetesi.ist\/wp-content\/uploads\/2016\/02\/2015-avrupada-ruzgarin-yili-oldu-66x50.jpg 66w, https:\/\/www.enerjigazetesi.ist\/wp-content\/uploads\/2016\/02\/2015-avrupada-ruzgarin-yili-oldu.jpg 448w\" sizes=\"(max-width: 300px) 100vw, 300px\" \/><\/a>y\u0131l\u0131nda Avrupa`da t\u00fcm enerji kaynaklar\u0131 i\u00e7inde \u00f6ne \u00e7\u0131kan enerji kayna\u011f\u0131 oldu. Avrupa`da ge\u00e7en y\u0131l r\u00fczgar enerjisi kurulu kapasitesi 13 MW artt\u0131.<\/p>\n<p>28 AB \u00fcyesi \u00fclkede 2015 y\u0131l\u0131nda kurulan 12.8 GW r\u00fczgar kapasitesinin 9.766 MW`\u0131 kara topraklar\u0131 \u00fczerinde kurulurken 3.034 MW`\u0131 a\u00e7\u0131kdenizlerde kuruldu.<\/p>\n<p>B\u00f6ylece Avrupa`n\u0131n toplam r\u00fczgar enerjisi kurulum kapasitesi 142 GW`a ula\u015ft\u0131. Avrupa elektrik ihtiyac\u0131n\u0131n y\u00fczde 11.4`\u00fcn\u00fc r\u00fczgardan kar\u015f\u0131l\u0131yor.<\/p>\n<p>Avrupa`n\u0131n yeni enerji kurulum kapasitesinde r\u00fczgar\u0131n pay\u0131 2014 y\u0131l\u0131nda y\u00fczde 6.3 idi.<\/p>\n<p>R\u00fczgar yat\u0131r\u0131mlar\u0131 da 2014 y\u0131l\u0131na g\u00f6re y\u00fczde 40 artarak 26.4 milyar Euro`ya ula\u015ft\u0131.<\/p>\n<p>Yeni r\u00fczgar kurulumlar\u0131n\u0131n neredeyse yar\u0131s\u0131 Almanya`da ger\u00e7ekle\u015ftirilirken, ikinci s\u0131radaki Polonya`da 1.3 GW r\u00fczgar kurulumu, \u00fc\u00e7\u00fcnc\u00fc s\u0131radaki Fransa da 1 GW r\u00fczgar kurulumu ger\u00e7ekle\u015ftirildi.<\/p>\n<p>EWEA CEO`su Giles Dickson, bu rakamlar\u0131n r\u00fczgar enerjisinin Avrupa enerji d\u00f6n\u00fc\u015f\u00fcm\u00fcnde ba\u015f\u0131 \u00e7ekti\u011fini g\u00f6sterdi\u011fini ifade ederek, r\u00fczgar enerjisinin ekonomik oldu\u011funu ve Avrupa`n\u0131n enerji g\u00fcvenli\u011fini ve rekabet hedeflerini sa\u011flad\u0131\u011f\u0131n\u0131 belirtti.<\/p>\n<p><strong>AVRUPA`DA YEN\u0130LENEB\u0130L\u0130R ENERJ\u0130<\/strong><\/p>\n<p>Avrupa`da ge\u00e7en y\u0131l yeni kurulumu yap\u0131lan enerji santrallerinin y\u00fczde 77`sini 22.3 GW ile yenilenebilir enerji kaynaklar\u0131 olu\u015fturdu. Yenilenebilir kurulumu b\u00f6ylece toplamda 29 GW`a ula\u015ft\u0131.<\/p>\n<p>Kaynak: <a href=\"http:\/\/enerjigunlugu.net\/2015-avrupada-ruzgarin-yili-oldu_17219.html#.VrtpaFSLRdg\" target=\"_blank\" rel=\"nofollow\">Enerji G\u00fcnl\u00fc\u011f\u00fc<\/a><\/p>","protected":false},"excerpt":{"rendered":"<p>Sorry, this entry is only available in Turkish. For the sake of viewer convenience, the content is shown below in the alternative language. You may click the link to switch the active language.Avrupa`da 2015 y\u0131l\u0131 r\u00fczgar enerjisi kurulu kapasitesi 13 GW artarak t\u00fcm yeni enerji kurulumlar\u0131n\u0131n y\u00fczde 44`\u00fcn\u00fc olu\u015fturdu. Avrupa R\u00fczgar Enerjisi Birli\u011fi`nin EWEA yay\u0131nlad\u0131\u011f\u0131 [&hellip;]<\/p>\n","protected":false},"author":1,"featured_media":50251,"comment_status":"open","ping_status":"open","sticky":false,"template":"","format":"standard","meta":[],"categories":[53,50],"tags":[21279,1964,63,67,1009,2698,165,1683,69,16,23318,22615,4784],"views":1023,"_links":{"self":[{"href":"https:\/\/www.enerjigazetesi.ist\/en\/wp-json\/wp\/v2\/posts\/50250"}],"collection":[{"href":"https:\/\/www.enerjigazetesi.ist\/en\/wp-json\/wp\/v2\/posts"}],"about":[{"href":"https:\/\/www.enerjigazetesi.ist\/en\/wp-json\/wp\/v2\/types\/post"}],"author":[{"embeddable":true,"href":"https:\/\/www.enerjigazetesi.ist\/en\/wp-json\/wp\/v2\/users\/1"}],"replies":[{"embeddable":true,"href":"https:\/\/www.enerjigazetesi.ist\/en\/wp-json\/wp\/v2\/comments?post=50250"}],"version-history":[{"count":1,"href":"https:\/\/www.enerjigazetesi.ist\/en\/wp-json\/wp\/v2\/posts\/50250\/revisions"}],"predecessor-version":[{"id":50252,"href":"https:\/\/www.enerjigazetesi.ist\/en\/wp-json\/wp\/v2\/posts\/50250\/revisions\/50252"}],"wp:featuredmedia":[{"embeddable":true,"href":"https:\/\/www.enerjigazetesi.ist\/en\/wp-json\/wp\/v2\/media\/50251"}],"wp:attachment":[{"href":"https:\/\/www.enerjigazetesi.ist\/en\/wp-json\/wp\/v2\/media?parent=50250"}],"wp:term":[{"taxonomy":"category","embeddable":true,"href":"https:\/\/www.enerjigazetesi.ist\/en\/wp-json\/wp\/v2\/categories?post=50250"},{"taxonomy":"post_tag","embeddable":true,"href":"https:\/\/www.enerjigazetesi.ist\/en\/wp-json\/wp\/v2\/tags?post=50250"}],"curies":[{"name":"wp","href":"https:\/\/api.w.org\/{rel}","templated":true}]}}