{"id":50221,"date":"2016-02-10T13:14:06","date_gmt":"2016-02-10T10:14:06","guid":{"rendered":"https:\/\/www.enerjigazetesi.ist\/?p=50221"},"modified":"2016-02-10T13:15:30","modified_gmt":"2016-02-10T10:15:30","slug":"enerji-sektorune-10-yilda-110-milyar-dolar-yatirim","status":"publish","type":"post","link":"https:\/\/www.enerjigazetesi.ist\/en\/enerji-sektorune-10-yilda-110-milyar-dolar-yatirim\/","title":{"rendered":"(Turkish) Enerji Sekt\u00f6r\u00fcne 10 Y\u0131lda 110 Milyar Dolar Yat\u0131r\u0131m&#8230;"},"content":{"rendered":"<p class=\"qtranxs-available-languages-message qtranxs-available-languages-message-en\">Sorry, this entry is only available in <a href=\"https:\/\/www.enerjigazetesi.ist\/tr\/wp-json\/wp\/v2\/posts\/50221\" class=\"qtranxs-available-language-link qtranxs-available-language-link-tr\" title=\"Turkish\">Turkish<\/a>. For the sake of viewer convenience, the content is shown below in the alternative language. You may click the link to switch the active language.<\/p><p><\/p>\n<p style=\"color: #0a0a0a;\"><strong>Sekt\u00f6r\u00fcn \u00f6n\u00fcm\u00fczdeki 10 y\u0131ll\u0131k d\u00f6nemde toplam yat\u0131r\u0131m ihtiyac\u0131n\u0131n 110 milyar dolar\u0131 a\u015faca\u011f\u0131na dikkat \u00e7eken Bakan Albayrak, T\u00fcrkiye\u2019nin b\u00f6lgesel enerji \u00fcss\u00fc ve terminali olma hedefinin de bir kez daha alt\u0131n\u0131 \u00e7izdi.<\/strong><span id=\"more-76018\"><\/span><\/p>\n<p style=\"color: #0a0a0a;\">Enerji ve Tabii Kaynaklar Bakan\u0131 Berat Albayrak, TBMM Plan ve B\u00fct\u00e7e Komisyonu\u2019nda konu\u015ftu. Yeni d\u00f6nemde T\u00fcrkiye\u2019nin enerjideki \u00a0yol haritas\u0131n\u0131 a\u00e7\u0131klayan Bakan Albayrak, enerjide yerli kaynaklara \u00f6ncelik verilece\u011fini s\u00f6yle<a href=\"https:\/\/www.enerjigazetesi.ist\/wp-content\/uploads\/2016\/02\/enerji-sektorune-10-yilda-110-milyar-dolar-yatirim.jpg\"><img loading=\"lazy\" class=\"alignright size-medium wp-image-50224\" src=\"https:\/\/www.enerjigazetesi.ist\/wp-content\/uploads\/2016\/02\/enerji-sektorune-10-yilda-110-milyar-dolar-yatirim-300x165.jpg\" alt=\"enerji-sektorune-10-yilda-110-milyar-dolar-yatirim\" width=\"300\" height=\"165\" srcset=\"https:\/\/www.enerjigazetesi.ist\/wp-content\/uploads\/2016\/02\/enerji-sektorune-10-yilda-110-milyar-dolar-yatirim-300x165.jpg 300w, https:\/\/www.enerjigazetesi.ist\/wp-content\/uploads\/2016\/02\/enerji-sektorune-10-yilda-110-milyar-dolar-yatirim-500x276.jpg 500w, https:\/\/www.enerjigazetesi.ist\/wp-content\/uploads\/2016\/02\/enerji-sektorune-10-yilda-110-milyar-dolar-yatirim-80x44.jpg 80w, https:\/\/www.enerjigazetesi.ist\/wp-content\/uploads\/2016\/02\/enerji-sektorune-10-yilda-110-milyar-dolar-yatirim.jpg 696w\" sizes=\"(max-width: 300px) 100vw, 300px\" \/><\/a>di. Bakan Albayrak, enerji alan\u0131nda b\u00f6lgesel i\u015fbirli\u011fi s\u00fcre\u00e7leri \u00e7er\u00e7evesinde T\u00fcrkiye\u2019nin enerji \u00fcss\u00fc ve terminali haline getirilece\u011fini kaydetti.<\/p>\n<p style=\"color: #0a0a0a;\">N\u00fckleer enerjinin, \u00fcretim portf\u00f6y\u00fcnde yer almas\u0131n\u0131n \u00f6nemli oldu\u011funa dikkat \u00e7eken Albayrak, 2023\u2019e kadar n\u00fckleer santrallerden elektrik \u00fcretimine ge\u00e7ilece\u011fini ve \u00fc\u00e7\u00fcnc\u00fc n\u00fckleer santral i\u00e7in de \u00e7al\u0131\u015fmalar\u0131n ba\u015flat\u0131laca\u011f\u0131n\u0131 kaydetti. Bakan Albayrak, \u015fu de\u011ferlendirmelerde bulundu: \u201cBu ama\u00e7la Akkuyu N\u00fckleer Santral\u0131 i\u00e7in \u00c7evre ve \u015eehircilik Bakanl\u0131\u011f\u0131ndan \u00c7ED olumlu karar\u0131 ve EPDK\u2019dan 3 y\u0131l s\u00fcreli \u00f6n lisans al\u0131nm\u0131\u015f olup, imar plan\u0131 \u00e7al\u0131\u015fmalar\u0131 tamamland\u0131\u011f\u0131nda in\u015faat faaliyetleri b\u00fct\u00fcn y\u00f6nleriyle ba\u015flayacakt\u0131r. Santral\u0131n ilk \u00fcnitesinin 2022 y\u0131l\u0131na kadar elektrik \u00fcretimine ba\u015flamas\u0131 planlanmaktad\u0131r.\u201d<\/p>\n<p style=\"color: #0a0a0a;\">Sinop N\u00fckleer Santral projesi i\u00e7in fizibilite \u00e7al\u0131\u015fmalar\u0131 ile ilgili olarak sismolojik katalog olu\u015fturma \u00e7al\u0131\u015fmalar\u0131na ba\u015flan\u0131ld\u0131\u011f\u0131n\u0131 dile getiren Enerji Bakan\u0131 Albayrak, \u201cAkkuyu ve Sinop N\u00fckleer Santral Projelerinde n\u00fckleer standartlara uygun ekipman \u00fcretip malzeme tedarik edebilecek yerli firmalar\u0131m\u0131za en az 16 milyar dolar hacminde i\u015f imkan\u0131 ve \u00f6nemli bir istihdam kayna\u011f\u0131 olacakt\u0131r\u201d diye konu\u015ftu. Albayrak, 2023 y\u0131l\u0131na kadar 3. N\u00fckleer santral i\u00e7in \u00e7al\u0131\u015fmalara ba\u015flan\u0131laca\u011f\u0131n\u0131 kaydetti.<\/p>\n<p style=\"color: #0a0a0a;\">Bakan\u00a0Albayrak, Tuz G\u00f6l\u00fc Yeralt\u0131 Do\u011fal Gaz Depolama Projesi\u2019ne ba\u015flan\u0131ld\u0131\u011f\u0131n\u0131 a\u00e7\u0131klad\u0131. 12 kuyunun a\u00e7\u0131ld\u0131\u011f\u0131, 6 kuyuda ise \u00e7\u00f6zeltme i\u015fleminin s\u00fcrd\u00fc\u011f\u00fcn\u00fc belirten Albayrak, sekt\u00f6r\u00fcn \u00f6n\u00fcm\u00fczdeki 10 y\u0131lda toplam yat\u0131r\u0131m ihtiyac\u0131n\u0131n 110 milyar dolar\u0131 a\u015faca\u011f\u0131n\u0131n tahmin edildi\u011fini kaydetti. Albayrak, bor madeninin e\u015fde\u011fer \u00fcr\u00fcn olarak ihra\u00e7 edilmesi gerekti\u011fini kaydetti.<\/p>\n<p style=\"color: #0a0a0a;\">T\u00fcrkiye\u2019nin elektrik iletim ve da\u011f\u0131t\u0131m \u015febeke uzunlu\u011funun d\u00fcnyan\u0131n en b\u00fcy\u00fck be\u015finci, Avrupa\u2019n\u0131n ise en b\u00fcy\u00fck \u00fc\u00e7\u00fcnc\u00fc \u015febekesi oldu\u011funu bildirdi. Yerli kaynaklar\u0131n enerji \u00fcretimi amac\u0131yla de\u011ferlendirilmesinin \u00f6nemli oldu\u011funu aktaran Albayrak, \u201cBu ama\u00e7la Bakanl\u0131\u011f\u0131m\u0131z 2015-2019 y\u0131l\u0131 Stratejik Plan\u0131\u2019nda 2019\u2019a kadar hidrolikte 32 bin MW, r\u00fczg\u00e2rda 10.000 MW, g\u00fcne\u015fte 3.000 MW, jeotermalde 700 MW ve biyok\u00fctlede 700 MW kurulu g\u00fcce ula\u015f\u0131lmas\u0131 hedefleri belirlenmi\u015ftir\u201d dedi.<\/p>\n<p style=\"color: #0a0a0a;\">Kaynak: Enerji Enstit\u00fcs\u00fc<\/p>\n<p><\/p>","protected":false},"excerpt":{"rendered":"<p>Sorry, this entry is only available in Turkish. For the sake of viewer convenience, the content is shown below in the alternative language. You may click the link to switch the active language. Sekt\u00f6r\u00fcn \u00f6n\u00fcm\u00fczdeki 10 y\u0131ll\u0131k d\u00f6nemde toplam yat\u0131r\u0131m ihtiyac\u0131n\u0131n 110 milyar dolar\u0131 a\u015faca\u011f\u0131na dikkat \u00e7eken Bakan Albayrak, T\u00fcrkiye\u2019nin b\u00f6lgesel enerji \u00fcss\u00fc ve terminali [&hellip;]<\/p>\n","protected":false},"author":1,"featured_media":50224,"comment_status":"open","ping_status":"open","sticky":false,"template":"","format":"standard","meta":[],"categories":[53],"tags":[1026,28428,28429,63,67,1009,2698,165,117,532,21,846,28430],"views":676,"_links":{"self":[{"href":"https:\/\/www.enerjigazetesi.ist\/en\/wp-json\/wp\/v2\/posts\/50221"}],"collection":[{"href":"https:\/\/www.enerjigazetesi.ist\/en\/wp-json\/wp\/v2\/posts"}],"about":[{"href":"https:\/\/www.enerjigazetesi.ist\/en\/wp-json\/wp\/v2\/types\/post"}],"author":[{"embeddable":true,"href":"https:\/\/www.enerjigazetesi.ist\/en\/wp-json\/wp\/v2\/users\/1"}],"replies":[{"embeddable":true,"href":"https:\/\/www.enerjigazetesi.ist\/en\/wp-json\/wp\/v2\/comments?post=50221"}],"version-history":[{"count":2,"href":"https:\/\/www.enerjigazetesi.ist\/en\/wp-json\/wp\/v2\/posts\/50221\/revisions"}],"predecessor-version":[{"id":50225,"href":"https:\/\/www.enerjigazetesi.ist\/en\/wp-json\/wp\/v2\/posts\/50221\/revisions\/50225"}],"wp:featuredmedia":[{"embeddable":true,"href":"https:\/\/www.enerjigazetesi.ist\/en\/wp-json\/wp\/v2\/media\/50224"}],"wp:attachment":[{"href":"https:\/\/www.enerjigazetesi.ist\/en\/wp-json\/wp\/v2\/media?parent=50221"}],"wp:term":[{"taxonomy":"category","embeddable":true,"href":"https:\/\/www.enerjigazetesi.ist\/en\/wp-json\/wp\/v2\/categories?post=50221"},{"taxonomy":"post_tag","embeddable":true,"href":"https:\/\/www.enerjigazetesi.ist\/en\/wp-json\/wp\/v2\/tags?post=50221"}],"curies":[{"name":"wp","href":"https:\/\/api.w.org\/{rel}","templated":true}]}}