{"id":50180,"date":"2016-02-09T13:02:20","date_gmt":"2016-02-09T10:02:20","guid":{"rendered":"https:\/\/www.enerjigazetesi.ist\/?p=50180"},"modified":"2016-02-09T13:02:20","modified_gmt":"2016-02-09T10:02:20","slug":"almanyanin-elektriginin-yuzde-42-2si-komurden","status":"publish","type":"post","link":"https:\/\/www.enerjigazetesi.ist\/en\/almanyanin-elektriginin-yuzde-42-2si-komurden\/","title":{"rendered":"(Turkish) Almanya\u2019n\u0131n Elektri\u011finin Y\u00fczde 42,2\u2019si K\u00f6m\u00fcrden&#8230;"},"content":{"rendered":"<p class=\"qtranxs-available-languages-message qtranxs-available-languages-message-en\">Sorry, this entry is only available in <a href=\"https:\/\/www.enerjigazetesi.ist\/tr\/wp-json\/wp\/v2\/posts\/50180\" class=\"qtranxs-available-language-link qtranxs-available-language-link-tr\" title=\"Turkish\">Turkish<\/a>. For the sake of viewer convenience, the content is shown below in the alternative language. You may click the link to switch the active language.<\/p><p><\/p>\n<p style=\"color: #0a0a0a;\"><strong>Avrupa\u2019n\u0131n en fazla enerji t\u00fcketen \u00fclkesi Almanya, ge\u00e7en y\u0131l toplam br\u00fct elektrik \u00fcretiminin y\u00fczde 42,2\u2019sini kahverengi k\u00f6m\u00fcr (linyit) ve maden k\u00f6m\u00fcr\u00fcnden sa\u011flad\u0131.<a href=\"https:\/\/www.enerjigazetesi.ist\/wp-content\/uploads\/2016\/02\/almanyanin-elektriginin-yuzde-42-2si-komurden.jpg\"><img loading=\"lazy\" class=\"alignright size-medium wp-image-50181\" src=\"https:\/\/www.enerjigazetesi.ist\/wp-content\/uploads\/2016\/02\/almanyanin-elektriginin-yuzde-42-2si-komurden-300x165.jpg\" alt=\"almanyanin-elektriginin-yuzde-42-2si-komurden\" width=\"300\" height=\"165\" srcset=\"https:\/\/www.enerjigazetesi.ist\/wp-content\/uploads\/2016\/02\/almanyanin-elektriginin-yuzde-42-2si-komurden-300x165.jpg 300w, https:\/\/www.enerjigazetesi.ist\/wp-content\/uploads\/2016\/02\/almanyanin-elektriginin-yuzde-42-2si-komurden-500x276.jpg 500w, https:\/\/www.enerjigazetesi.ist\/wp-content\/uploads\/2016\/02\/almanyanin-elektriginin-yuzde-42-2si-komurden-80x44.jpg 80w, https:\/\/www.enerjigazetesi.ist\/wp-content\/uploads\/2016\/02\/almanyanin-elektriginin-yuzde-42-2si-komurden.jpg 696w\" sizes=\"(max-width: 300px) 100vw, 300px\" \/><\/a><\/strong><span id=\"more-75987\"><\/span><\/p>\n<p style=\"color: #0a0a0a;\">Almanya Federal \u0130statistik Ofisinin (Destatis) verilerinden derlenen bilgilere g\u00f6re, \u00fclkede 2015 y\u0131l\u0131nda yakla\u015f\u0131k 647 milyar kilovatsaatlik elektrik \u00fcretildi. Elektrik \u00fcretimi, 2015\u2019te 2014 y\u0131l\u0131na k\u0131yasla art\u0131\u015f kaydetti.<\/p>\n<p style=\"color: #0a0a0a;\">Ge\u00e7en y\u0131l toplam br\u00fct elektrik \u00fcretiminin y\u00fczde 42,2\u2019si k\u00f6m\u00fcrden elde edildi.<\/p>\n<p style=\"color: #0a0a0a;\">Kahverengi k\u00f6m\u00fcr ve maden k\u00f6m\u00fcr\u00fcn\u00fcn elektrik \u00fcretiminin y\u00fczde 57\u2019sini kar\u015f\u0131lad\u0131\u011f\u0131 1990\u2019dan beri bu oran belirgin \u015fekilde azald\u0131. Ayr\u0131ca k\u00f6m\u00fcrden elektrik \u00fcretimi 2014 y\u0131l\u0131na k\u0131yasla da azald\u0131.<\/p>\n<p style=\"color: #0a0a0a;\">Kaynak: Enerji Enstit\u00fcs\u00fc<\/p>\n<p><\/p>","protected":false},"excerpt":{"rendered":"<p>Sorry, this entry is only available in Turkish. For the sake of viewer convenience, the content is shown below in the alternative language. You may click the link to switch the active language. Avrupa\u2019n\u0131n en fazla enerji t\u00fcketen \u00fclkesi Almanya, ge\u00e7en y\u0131l toplam br\u00fct elektrik \u00fcretiminin y\u00fczde 42,2\u2019sini kahverengi k\u00f6m\u00fcr (linyit) ve maden k\u00f6m\u00fcr\u00fcnden sa\u011flad\u0131. [&hellip;]<\/p>\n","protected":false},"author":1,"featured_media":50181,"comment_status":"open","ping_status":"open","sticky":false,"template":"","format":"standard","meta":[],"categories":[53,24649],"tags":[929,28411,63,67,1009,2698,165,28412,1677,28413],"views":624,"_links":{"self":[{"href":"https:\/\/www.enerjigazetesi.ist\/en\/wp-json\/wp\/v2\/posts\/50180"}],"collection":[{"href":"https:\/\/www.enerjigazetesi.ist\/en\/wp-json\/wp\/v2\/posts"}],"about":[{"href":"https:\/\/www.enerjigazetesi.ist\/en\/wp-json\/wp\/v2\/types\/post"}],"author":[{"embeddable":true,"href":"https:\/\/www.enerjigazetesi.ist\/en\/wp-json\/wp\/v2\/users\/1"}],"replies":[{"embeddable":true,"href":"https:\/\/www.enerjigazetesi.ist\/en\/wp-json\/wp\/v2\/comments?post=50180"}],"version-history":[{"count":1,"href":"https:\/\/www.enerjigazetesi.ist\/en\/wp-json\/wp\/v2\/posts\/50180\/revisions"}],"predecessor-version":[{"id":50182,"href":"https:\/\/www.enerjigazetesi.ist\/en\/wp-json\/wp\/v2\/posts\/50180\/revisions\/50182"}],"wp:featuredmedia":[{"embeddable":true,"href":"https:\/\/www.enerjigazetesi.ist\/en\/wp-json\/wp\/v2\/media\/50181"}],"wp:attachment":[{"href":"https:\/\/www.enerjigazetesi.ist\/en\/wp-json\/wp\/v2\/media?parent=50180"}],"wp:term":[{"taxonomy":"category","embeddable":true,"href":"https:\/\/www.enerjigazetesi.ist\/en\/wp-json\/wp\/v2\/categories?post=50180"},{"taxonomy":"post_tag","embeddable":true,"href":"https:\/\/www.enerjigazetesi.ist\/en\/wp-json\/wp\/v2\/tags?post=50180"}],"curies":[{"name":"wp","href":"https:\/\/api.w.org\/{rel}","templated":true}]}}