{"id":50128,"date":"2016-02-08T19:53:16","date_gmt":"2016-02-08T16:53:16","guid":{"rendered":"https:\/\/www.enerjigazetesi.ist\/?p=50128"},"modified":"2016-02-08T19:53:37","modified_gmt":"2016-02-08T16:53:37","slug":"gunes-enerjisi-kurulu-gucu-son-bir-ayda-yuzde-16-artarak-290-megavat-oldu","status":"publish","type":"post","link":"https:\/\/www.enerjigazetesi.ist\/en\/gunes-enerjisi-kurulu-gucu-son-bir-ayda-yuzde-16-artarak-290-megavat-oldu\/","title":{"rendered":"(Turkish) G\u00fcne\u015f Enerjisi Kurulu G\u00fcc\u00fc Son Bir Ayda %16 Artarak 290 Megavat Oldu!"},"content":{"rendered":"<p class=\"qtranxs-available-languages-message qtranxs-available-languages-message-en\">Sorry, this entry is only available in <a href=\"https:\/\/www.enerjigazetesi.ist\/tr\/wp-json\/wp\/v2\/posts\/50128\" class=\"qtranxs-available-language-link qtranxs-available-language-link-tr\" title=\"Turkish\">Turkish<\/a>. For the sake of viewer convenience, the content is shown below in the alternative language. You may click the link to switch the active language.<\/p><p><\/p>\n<p style=\"color: #0a0a0a;\"><strong>T\u00fcrkiye\u2019de lisanss\u0131z elektrik \u00fcretim kapasitesi h\u0131zla art\u0131yor. TE\u0130A\u015e ve Enerji Bakanl\u0131\u011f\u0131\u00a0elektrik istatistiklerine g\u00f6re \u015eubat ay\u0131 itibari ile T\u00fcrkiye\u2019de g\u00fcne\u015f enerjisinden elektrik \u00fcreten santral say\u0131s\u0131 son bir ayda\u00a0%13\u00a0artarak 409 adete ula\u015ft\u0131.<a href=\"https:\/\/www.enerjigazetesi.ist\/wp-content\/uploads\/2016\/02\/turkiye-gunes-solar-enerjisi-kurulu-gucu-2016-696x385.png\"><img loading=\"lazy\" class=\"alignleft size-medium wp-image-50129\" src=\"https:\/\/www.enerjigazetesi.ist\/wp-content\/uploads\/2016\/02\/turkiye-gunes-solar-enerjisi-kurulu-gucu-2016-696x385-300x165.png\" alt=\"turkiye-gunes-solar-enerjisi-kurulu-gucu-2016-696x385\" width=\"300\" height=\"165\" srcset=\"https:\/\/www.enerjigazetesi.ist\/wp-content\/uploads\/2016\/02\/turkiye-gunes-solar-enerjisi-kurulu-gucu-2016-696x385-300x165.png 300w, https:\/\/www.enerjigazetesi.ist\/wp-content\/uploads\/2016\/02\/turkiye-gunes-solar-enerjisi-kurulu-gucu-2016-696x385-500x276.png 500w, https:\/\/www.enerjigazetesi.ist\/wp-content\/uploads\/2016\/02\/turkiye-gunes-solar-enerjisi-kurulu-gucu-2016-696x385-80x44.png 80w, https:\/\/www.enerjigazetesi.ist\/wp-content\/uploads\/2016\/02\/turkiye-gunes-solar-enerjisi-kurulu-gucu-2016-696x385.png 696w\" sizes=\"(max-width: 300px) 100vw, 300px\" \/><\/a><\/strong><\/p>\n<p style=\"color: #0a0a0a;\">Toplam kurulu g\u00fc\u00e7\u00a0<strong>290 MW<\/strong>\u00a0olarak belirlendi. Ocak 2016 d\u00f6neminde kurulu g\u00fc\u00e7 kapasitesi\u00a0<strong>%16<\/strong>\u00a0art\u0131\u015f g\u00f6sterdi, toplam kapasitesi 41 MW g\u00fcc\u00fcnde olan 47 santral elektrik \u00fcretimine\u00a0ba\u015flad\u0131.<span id=\"more-75952\"><\/span><\/p>\n<p style=\"color: #0a0a0a;\">\u00d6te yandan, lisanss\u0131z r\u00fczgar enerjisinde santral say\u0131s\u0131 10 adete ula\u015farak toplam kurulu g\u00fc\u00e7\u00a0<strong>7.3 MW<\/strong>\u00a0oldu.\u00a0Son durum itibari ile lisanss\u0131z g\u00fcne\u015f ve r\u00fczgar santrallerinin toplam kurulu g\u00fc\u00e7 i\u00e7indeki pay\u0131 y\u00fczde\u00a0<strong>%0.41<\/strong>\u2018e ula\u015ft\u0131.<\/p>\n<p style=\"color: #0a0a0a;\">Lisanss\u0131z g\u00fcne\u015f ve r\u00fczgar enerjisi ile di\u011fer \u00fcretim kaynaklar\u0131n\u0131n geli\u015fimini\u00a0<a style=\"color: #1e73be;\" href=\"http:\/\/enerjienstitusu.com\/turkiye-kurulu-elektrik-enerji-gucu-mw\/\" target=\"_blank\" rel=\"nofollow\">Kurulu G\u00fc\u00e7 \u0130statistikleri<\/a>\u00a0sayfas\u0131ndan interaktif olarak inceleyebilirsiniz.<\/p>\n<p style=\"color: #0a0a0a;\">Kaynak: Enerji Enstit\u00fcs\u00fc<\/p>\n<p><\/p>","protected":false},"excerpt":{"rendered":"<p>Sorry, this entry is only available in Turkish. For the sake of viewer convenience, the content is shown below in the alternative language. You may click the link to switch the active language. T\u00fcrkiye\u2019de lisanss\u0131z elektrik \u00fcretim kapasitesi h\u0131zla art\u0131yor. TE\u0130A\u015e ve Enerji Bakanl\u0131\u011f\u0131\u00a0elektrik istatistiklerine g\u00f6re \u015eubat ay\u0131 itibari ile T\u00fcrkiye\u2019de g\u00fcne\u015f enerjisinden elektrik \u00fcreten [&hellip;]<\/p>\n","protected":false},"author":1,"featured_media":50129,"comment_status":"open","ping_status":"open","sticky":false,"template":"","format":"standard","meta":[],"categories":[53,49],"tags":[63,67,1009,2698,165,227,13,28399,19757,23133,22975,4269,1663,28400,28401,16189,28402,28403],"views":1989,"_links":{"self":[{"href":"https:\/\/www.enerjigazetesi.ist\/en\/wp-json\/wp\/v2\/posts\/50128"}],"collection":[{"href":"https:\/\/www.enerjigazetesi.ist\/en\/wp-json\/wp\/v2\/posts"}],"about":[{"href":"https:\/\/www.enerjigazetesi.ist\/en\/wp-json\/wp\/v2\/types\/post"}],"author":[{"embeddable":true,"href":"https:\/\/www.enerjigazetesi.ist\/en\/wp-json\/wp\/v2\/users\/1"}],"replies":[{"embeddable":true,"href":"https:\/\/www.enerjigazetesi.ist\/en\/wp-json\/wp\/v2\/comments?post=50128"}],"version-history":[{"count":2,"href":"https:\/\/www.enerjigazetesi.ist\/en\/wp-json\/wp\/v2\/posts\/50128\/revisions"}],"predecessor-version":[{"id":50131,"href":"https:\/\/www.enerjigazetesi.ist\/en\/wp-json\/wp\/v2\/posts\/50128\/revisions\/50131"}],"wp:featuredmedia":[{"embeddable":true,"href":"https:\/\/www.enerjigazetesi.ist\/en\/wp-json\/wp\/v2\/media\/50129"}],"wp:attachment":[{"href":"https:\/\/www.enerjigazetesi.ist\/en\/wp-json\/wp\/v2\/media?parent=50128"}],"wp:term":[{"taxonomy":"category","embeddable":true,"href":"https:\/\/www.enerjigazetesi.ist\/en\/wp-json\/wp\/v2\/categories?post=50128"},{"taxonomy":"post_tag","embeddable":true,"href":"https:\/\/www.enerjigazetesi.ist\/en\/wp-json\/wp\/v2\/tags?post=50128"}],"curies":[{"name":"wp","href":"https:\/\/api.w.org\/{rel}","templated":true}]}}