{"id":50095,"date":"2016-02-08T02:08:12","date_gmt":"2016-02-07T23:08:12","guid":{"rendered":"https:\/\/www.enerjigazetesi.ist\/?p=50095"},"modified":"2016-02-08T02:08:12","modified_gmt":"2016-02-07T23:08:12","slug":"ingilterenin-gunes-elektrigi-gucu-9-gwa-yaklasti","status":"publish","type":"post","link":"https:\/\/www.enerjigazetesi.ist\/en\/ingilterenin-gunes-elektrigi-gucu-9-gwa-yaklasti\/","title":{"rendered":"(Turkish) \u0130ngiltere\u2019nin G\u00fcne\u015f Elektri\u011fi G\u00fcc\u00fc 9 GW\u2019a Yakla\u015ft\u0131!"},"content":{"rendered":"<p class=\"qtranxs-available-languages-message qtranxs-available-languages-message-en\">Sorry, this entry is only available in <a href=\"https:\/\/www.enerjigazetesi.ist\/tr\/wp-json\/wp\/v2\/posts\/50095\" class=\"qtranxs-available-language-link qtranxs-available-language-link-tr\" title=\"Turkish\">Turkish<\/a>. For the sake of viewer convenience, the content is shown below in the alternative language. You may click the link to switch the active language.<\/p><p><\/p>\n<p style=\"color: #444444;\"><strong>\u0130ngiltere\u2019nin g\u00fcne\u015f elektri\u011fi kurulu g\u00fcc\u00fcn\u00fcn 8,667 MW\u2019a y\u00fckseldi\u011fi a\u00e7\u0131kland\u0131.<\/strong><\/p>\n<p style=\"color: #444444;\">Birle\u015fik Krall\u0131k Ene<a href=\"https:\/\/www.enerjigazetesi.ist\/wp-content\/uploads\/2016\/02\/ingilterenin-gunes-elektrigi-gucu-9-gwa-yaklasti.jpg\"><img loading=\"lazy\" class=\"alignleft size-medium wp-image-50096\" src=\"https:\/\/www.enerjigazetesi.ist\/wp-content\/uploads\/2016\/02\/ingilterenin-gunes-elektrigi-gucu-9-gwa-yaklasti-300x163.jpg\" alt=\"ingilterenin-gunes-elektrigi-gucu-9-gwa-yaklasti\" width=\"300\" height=\"163\" srcset=\"https:\/\/www.enerjigazetesi.ist\/wp-content\/uploads\/2016\/02\/ingilterenin-gunes-elektrigi-gucu-9-gwa-yaklasti-300x163.jpg 300w, https:\/\/www.enerjigazetesi.ist\/wp-content\/uploads\/2016\/02\/ingilterenin-gunes-elektrigi-gucu-9-gwa-yaklasti-80x43.jpg 80w, https:\/\/www.enerjigazetesi.ist\/wp-content\/uploads\/2016\/02\/ingilterenin-gunes-elektrigi-gucu-9-gwa-yaklasti.jpg 460w\" sizes=\"(max-width: 300px) 100vw, 300px\" \/><\/a>rji ve \u0130klim De\u011fi\u015fikli\u011fi Bakanl\u0131\u011f\u0131 taraf\u0131ndan a\u00e7\u0131klanan verilere g\u00f6re 2015 y\u0131l\u0131nda \u00fclkenin g\u00fcne\u015f elektri\u011fi kurulu g\u00fcc\u00fc bir \u00f6nceki y\u0131la g\u00f6re y\u00fczde 34,5 oran\u0131nda y\u00fckselerek 3,319 MW d\u00fczeyinde art\u0131\u015f g\u00f6sterdi.<\/p>\n<p style=\"color: #444444;\">\u00dclkedeki g\u00fcne\u015f elektri\u011fi kurulumlar\u0131n\u0131n say\u0131s\u0131 ise 842.005 adet oldu.<\/p>\n<p style=\"color: #444444;\">\u0130ngiltere\u2019nin g\u00fcne\u015f elektri\u011fi g\u00fcc\u00fc 2014 y\u0131l\u0131nda 2.467 MW d\u00fczeyinde art\u0131\u015f g\u00f6stermi\u015fti.<\/p>\n<p style=\"color: #444444;\">\u0130ngiltere 2020 y\u0131l\u0131nda 22 GW\u2019l\u0131k g\u00fcne\u015f elektri\u011fi g\u00fcc\u00fcne ula\u015fmay\u0131 ve \u00fclke i\u00e7i elektrik talebini y\u00fczde 15 oran\u0131nda yenilenebilir enerji kaynaklar\u0131ndan sa\u011flamay\u0131 hedefliyor.<\/p>\n<p style=\"color: #444444;\">Kaynak: <a href=\"http:\/\/yesilekonomi.com\/fotovoltaik\/ingilterenin-gunes-elektrigi-gucu-9-gwa-yaklasti\" target=\"_blank\" rel=\"nofollow\">Ye\u015fil Ekonomi<\/a><\/p>\n<p><\/p>","protected":false},"excerpt":{"rendered":"<p>Sorry, this entry is only available in Turkish. For the sake of viewer convenience, the content is shown below in the alternative language. You may click the link to switch the active language. \u0130ngiltere\u2019nin g\u00fcne\u015f elektri\u011fi kurulu g\u00fcc\u00fcn\u00fcn 8,667 MW\u2019a y\u00fckseldi\u011fi a\u00e7\u0131kland\u0131. Birle\u015fik Krall\u0131k Enerji ve \u0130klim De\u011fi\u015fikli\u011fi Bakanl\u0131\u011f\u0131 taraf\u0131ndan a\u00e7\u0131klanan verilere g\u00f6re 2015 y\u0131l\u0131nda [&hellip;]<\/p>\n","protected":false},"author":1,"featured_media":50096,"comment_status":"open","ping_status":"open","sticky":false,"template":"","format":"standard","meta":[],"categories":[51,53,49],"tags":[63,67,1009,2698,165,227,1169,13,23133,22975,4269,1092],"views":998,"_links":{"self":[{"href":"https:\/\/www.enerjigazetesi.ist\/en\/wp-json\/wp\/v2\/posts\/50095"}],"collection":[{"href":"https:\/\/www.enerjigazetesi.ist\/en\/wp-json\/wp\/v2\/posts"}],"about":[{"href":"https:\/\/www.enerjigazetesi.ist\/en\/wp-json\/wp\/v2\/types\/post"}],"author":[{"embeddable":true,"href":"https:\/\/www.enerjigazetesi.ist\/en\/wp-json\/wp\/v2\/users\/1"}],"replies":[{"embeddable":true,"href":"https:\/\/www.enerjigazetesi.ist\/en\/wp-json\/wp\/v2\/comments?post=50095"}],"version-history":[{"count":1,"href":"https:\/\/www.enerjigazetesi.ist\/en\/wp-json\/wp\/v2\/posts\/50095\/revisions"}],"predecessor-version":[{"id":50097,"href":"https:\/\/www.enerjigazetesi.ist\/en\/wp-json\/wp\/v2\/posts\/50095\/revisions\/50097"}],"wp:featuredmedia":[{"embeddable":true,"href":"https:\/\/www.enerjigazetesi.ist\/en\/wp-json\/wp\/v2\/media\/50096"}],"wp:attachment":[{"href":"https:\/\/www.enerjigazetesi.ist\/en\/wp-json\/wp\/v2\/media?parent=50095"}],"wp:term":[{"taxonomy":"category","embeddable":true,"href":"https:\/\/www.enerjigazetesi.ist\/en\/wp-json\/wp\/v2\/categories?post=50095"},{"taxonomy":"post_tag","embeddable":true,"href":"https:\/\/www.enerjigazetesi.ist\/en\/wp-json\/wp\/v2\/tags?post=50095"}],"curies":[{"name":"wp","href":"https:\/\/api.w.org\/{rel}","templated":true}]}}