{"id":50086,"date":"2016-02-07T15:28:03","date_gmt":"2016-02-07T12:28:03","guid":{"rendered":"https:\/\/www.enerjigazetesi.ist\/?p=50086"},"modified":"2016-02-07T15:28:03","modified_gmt":"2016-02-07T12:28:03","slug":"avrupadan-tanapa-1-milyar-euroluk-finansman","status":"publish","type":"post","link":"https:\/\/www.enerjigazetesi.ist\/en\/avrupadan-tanapa-1-milyar-euroluk-finansman\/","title":{"rendered":"(Turkish) Avrupa&#8217;dan TANAP&#8217;a 1 Milyar Euroluk Finansman!"},"content":{"rendered":"<p class=\"qtranxs-available-languages-message qtranxs-available-languages-message-en\">Sorry, this entry is only available in <a href=\"https:\/\/www.enerjigazetesi.ist\/tr\/wp-json\/wp\/v2\/posts\/50086\" class=\"qtranxs-available-language-link qtranxs-available-language-link-tr\" title=\"Turkish\">Turkish<\/a>. For the sake of viewer convenience, the content is shown below in the alternative language. You may click the link to switch the active language.<\/p><p><span style=\"font-weight: bold; color: #242424;\">Avrupa Yat\u0131r\u0131m Bankas\u0131 Ba\u015fkan Yard\u0131mc\u0131s\u0131 Ballekom, TANAP i\u00e7in 1 milyar euroluk finansman deste\u011fi istendi\u011fini ve bunu a\u015fama a\u015fama sa\u011flayacaklar\u0131n\u0131 s\u00f6yledi.<\/span><\/p>\n<p style=\"color: #4d4e53;\">Avrupa Yat\u0131r\u0131m Bankas\u0131 (AYB) Ba\u015fkan Yard\u0131mc\u0131s\u0131 Pim Van Ballekom, bu y\u0131l T\u00fcrkiye&#8217;nin talebi \u00fczerine e<a href=\"https:\/\/www.enerjigazetesi.ist\/wp-content\/uploads\/2016\/02\/avrupadan-tanapa-1-milyar-euroluk-finansman.jpg\"><img loading=\"lazy\" class=\"alignright size-medium wp-image-50087\" src=\"https:\/\/www.enerjigazetesi.ist\/wp-content\/uploads\/2016\/02\/avrupadan-tanapa-1-milyar-euroluk-finansman-300x153.jpg\" alt=\"avrupadan-tanapa-1-milyar-euroluk-finansman\" width=\"300\" height=\"153\" srcset=\"https:\/\/www.enerjigazetesi.ist\/wp-content\/uploads\/2016\/02\/avrupadan-tanapa-1-milyar-euroluk-finansman-300x153.jpg 300w, https:\/\/www.enerjigazetesi.ist\/wp-content\/uploads\/2016\/02\/avrupadan-tanapa-1-milyar-euroluk-finansman-500x255.jpg 500w, https:\/\/www.enerjigazetesi.ist\/wp-content\/uploads\/2016\/02\/avrupadan-tanapa-1-milyar-euroluk-finansman-80x40.jpg 80w, https:\/\/www.enerjigazetesi.ist\/wp-content\/uploads\/2016\/02\/avrupadan-tanapa-1-milyar-euroluk-finansman.jpg 685w\" sizes=\"(max-width: 300px) 100vw, 300px\" \/><\/a>nerji finansman\u0131n \u00f6ncelikleri olaca\u011f\u0131n\u0131 belirterek, &#8220;\u015eu an g\u00fcndemimizde Trans Anadolu Do\u011falgaz Boru Hatt\u0131 (TANAP) var. Maliyeti 8 milyar dolar\u0131 a\u015facak bu \u00e7ok b\u00fcy\u00fck ve stratejik proje i\u00e7in 1 milyar euroluk finansman deste\u011fi istendi. Bu finansman\u0131 tek seferde de\u011fil ama a\u015fama a\u015fama sa\u011flayaca\u011f\u0131z&#8221; dedi.<\/p>\n<p style=\"color: #4d4e53;\">Ballekom yapt\u0131\u011f\u0131 a\u00e7\u0131klamada, ge\u00e7en y\u0131l T\u00fcrkiye&#8217;ye sa\u011flad\u0131klar\u0131 finansman\u0131n enerji, KOB\u0130 finansman\u0131, ula\u015f\u0131m gibi farkl\u0131 alanlarda 2,3 milyar euroya ula\u015ft\u0131\u011f\u0131n\u0131 hat\u0131rlatt\u0131. Bu rakam\u0131n her y\u0131l 2-2,5 milyar euro aras\u0131nda de\u011fi\u015fti\u011fini dile getiren Ballekom, ge\u00e7en y\u0131lki portf\u00f6y\u00fcn\u00fcn b\u00fcy\u00fck bir k\u0131sm\u0131n\u0131 KOB\u0130&#8217;lerin olu\u015fturdu\u011funu s\u00f6yledi.<\/p>\n<p style=\"color: #4d4e53;\"><strong>Her zamankinden fazla destek<\/strong><\/p>\n<p style=\"color: #4d4e53;\">Ballekom, bu y\u0131l ise T\u00fcrkiye&#8217;de enerji sekt\u00f6r\u00fcne sa\u011flayacaklar\u0131 kredi deste\u011finin her zamankinden biraz daha fazla olaca\u011f\u0131na i\u015faret ederek, &#8220;Planlar\u0131m\u0131z\u0131 T\u00fcrk yetkililerle g\u00f6r\u00fc\u015f\u00fcp \u00f6yle yap\u0131yoruz. Bu y\u0131lki deste\u011fin enerjiye daha fazla olmas\u0131 T\u00fcrk yetkililerinin iste\u011fi \u00fczerine ger\u00e7ekle\u015fti. O y\u00fczden 2016&#8217;da normalden daha fazla enerji finansman\u0131 sa\u011flayaca\u011f\u0131z&#8221; ifadelerini kulland\u0131.<\/p>\n<p style=\"color: #4d4e53;\">T\u00fcrkiye i\u00e7in enerji kaynaklar\u0131n\u0131n \u00e7e\u015fitlili\u011finin ve arz g\u00fcvenli\u011finin sa\u011flanmas\u0131n\u0131n \u00e7ok \u00f6nemli oldu\u011funu vurgulayan Ballekom, \u015f\u00f6yle devam etti:<\/p>\n<p style=\"color: #4d4e53;\">&#8220;\u015eu an g\u00fcndemimizde Trans Anadolu Do\u011falgaz Boru Hatt\u0131 (TANAP) var. Maliyeti 8 milyar dolar\u0131 a\u015facak bu \u00e7ok b\u00fcy\u00fck ve stratejik proje i\u00e7in 1 milyar euroluk finansman deste\u011fi istendi. Bu finansman\u0131 tek seferde de\u011fil, ama a\u015fama a\u015fama sa\u011flayaca\u011f\u0131z. Bu y\u00fczden de \u00f6n\u00fcm\u00fczdeki y\u0131llardaki enerji sekt\u00f6r\u00fcn\u00fcn portf\u00f6y\u00fcm\u00fczdeki pay\u0131 artacak.&#8221;<\/p>\n<p style=\"color: #4d4e53;\"><strong>Enerji sekt\u00f6r\u00fcne destek<\/strong><\/p>\n<p style=\"color: #4d4e53;\">Ballekom ayr\u0131ca, T\u00fcrkiye&#8217;de gaz depolama kapasitesinin art\u0131r\u0131lmas\u0131 i\u00e7in de \u00e7al\u0131\u015fmalar y\u00fcr\u00fctt\u00fc\u011f\u00fcn\u00fc belirterek, \u015funlar\u0131 s\u00f6yledi:<\/p>\n<p style=\"color: #4d4e53;\">&#8220;Bankam\u0131z i\u00e7in enerji sekt\u00f6r\u00fcndeki bir di\u011fer \u00f6nceli\u011fimiz de gaz depolama tesisleri. T\u00fcrkiye Petrollerinin Silivri&#8217;de maliyeti toplamda 500 milyon euroyu bulacak gaz depolama tesisine de finansman sa\u011flayaca\u011f\u0131z. Bu projeye ay\u0131raca\u011f\u0131m\u0131z kredi hen\u00fcz netle\u015fmedi, ancak bu y\u0131l enerji sekt\u00f6r\u00fcnde destekledi\u011fimiz ikinci b\u00fcy\u00fck proje olmas\u0131n\u0131 \u00f6ng\u00f6r\u00fcyoruz.&#8221;<\/p>\n<p style=\"color: #4d4e53;\">T\u00fcrkiye&#8217;de talep oldu\u011fu takdirde yenilenebilir enerji projelerini de portf\u00f6yleri i\u00e7ine katmak istediklerini dile getiren Ballekom, g\u00fcne\u015f ve r\u00fczgar enerjisi projelerini k\u00fc\u00e7\u00fck \u00e7apl\u0131 olsalar da destekleyeceklerini kaydetti.<\/p>\n<p style=\"color: #4d4e53;\"><strong>&#8216;T\u00fcrkiye&#8217;ye yat\u0131r\u0131m akacak&#8217;<\/strong><\/p>\n<p style=\"color: #4d4e53;\">Ballekom, ayn\u0131 zamanda d\u00fc\u015fen petrol fiyatlar\u0131na da de\u011finerek, bu s\u00fcrecin yenilenebilir enerji yat\u0131r\u0131mlar\u0131n\u0131 durdurmamas\u0131 gerekti\u011fini fakat baz\u0131 \u00fclkelerde bu y\u00f6nde e\u011filimler oldu\u011funu anlatt\u0131. &#8220;Umar\u0131m T\u00fcrkiye&#8217;de bu t\u00fcr bir s\u00fcre\u00e7 ya\u015fanmaz&#8221; diyen Ballekom, s\u00f6zlerini \u015f\u00f6yle tamamlad\u0131:<\/p>\n<p style=\"color: #4d4e53;\">&#8220;Ba\u015fbakan Yard\u0131mc\u0131s\u0131 Mehmet \u015eim\u015fek&#8217;e de yapt\u0131\u011f\u0131m\u0131z toplant\u0131da s\u00f6yledi\u011fim gibi T\u00fcrkiye, \u00c7in ve AB&#8217;deki ekonomik durgunluklara, b\u00f6lgedeki sorunlara ra\u011fmen ekonomik stratejilerini olu\u015fturmada \u00e7ok iyi bir i\u015f \u00e7\u0131kard\u0131. Yabanc\u0131 yat\u0131r\u0131mc\u0131 \u00e7ekmek i\u00e7in \u00e7ok iyi makro-ekonomik stratejilerinizin olmas\u0131 gerekir. T\u00fcrk ekonomisinin bunu \u00e7ok iyi yapt\u0131\u011f\u0131n\u0131 ve g\u00fcven a\u015f\u0131lad\u0131\u011f\u0131n\u0131 d\u00fc\u015f\u00fcn\u00fcyorum. Yabanc\u0131 yat\u0131r\u0131mc\u0131 i\u00e7in en b\u00fcy\u00fck garanti istikrarl\u0131 ekonomidir ki, bu y\u00fczden de T\u00fcrkiye&#8217;ye yabanc\u0131 yat\u0131r\u0131m\u0131n akaca\u011f\u0131n\u0131 d\u00fc\u015f\u00fcn\u00fcyorum. Ayr\u0131ca, T\u00fcrk h\u00fck\u00fcmetinin reform paketi de, e\u011fer olmas\u0131 gerekti\u011fi gibi uygulan\u0131rsa, bu s\u00fcrece olduk\u00e7a olumlu katk\u0131 sa\u011flayacakt\u0131r.&#8221;<\/p>\n<p style=\"color: #4d4e53;\">Kaynak: <a href=\"http:\/\/www.dunya.com\/ekonomi\/ekonomi-diger\/avrupadan-tanapa-1-milyar-euroluk-finansman-289539h.htm\" target=\"_blank\" rel=\"nofollow\">D\u00fcnya<\/a><\/p>\n<p><\/p>","protected":false},"excerpt":{"rendered":"<p>Sorry, this entry is only available in Turkish. For the sake of viewer convenience, the content is shown below in the alternative language. You may click the link to switch the active language.Avrupa Yat\u0131r\u0131m Bankas\u0131 Ba\u015fkan Yard\u0131mc\u0131s\u0131 Ballekom, TANAP i\u00e7in 1 milyar euroluk finansman deste\u011fi istendi\u011fini ve bunu a\u015fama a\u015fama sa\u011flayacaklar\u0131n\u0131 s\u00f6yledi. Avrupa Yat\u0131r\u0131m Bankas\u0131 [&hellip;]<\/p>\n","protected":false},"author":1,"featured_media":50087,"comment_status":"open","ping_status":"open","sticky":false,"template":"","format":"standard","meta":[],"categories":[46,53],"tags":[92,226,19761,2092,2677,63,67,1009,2698,165,1265,2297],"views":678,"_links":{"self":[{"href":"https:\/\/www.enerjigazetesi.ist\/en\/wp-json\/wp\/v2\/posts\/50086"}],"collection":[{"href":"https:\/\/www.enerjigazetesi.ist\/en\/wp-json\/wp\/v2\/posts"}],"about":[{"href":"https:\/\/www.enerjigazetesi.ist\/en\/wp-json\/wp\/v2\/types\/post"}],"author":[{"embeddable":true,"href":"https:\/\/www.enerjigazetesi.ist\/en\/wp-json\/wp\/v2\/users\/1"}],"replies":[{"embeddable":true,"href":"https:\/\/www.enerjigazetesi.ist\/en\/wp-json\/wp\/v2\/comments?post=50086"}],"version-history":[{"count":1,"href":"https:\/\/www.enerjigazetesi.ist\/en\/wp-json\/wp\/v2\/posts\/50086\/revisions"}],"predecessor-version":[{"id":50088,"href":"https:\/\/www.enerjigazetesi.ist\/en\/wp-json\/wp\/v2\/posts\/50086\/revisions\/50088"}],"wp:featuredmedia":[{"embeddable":true,"href":"https:\/\/www.enerjigazetesi.ist\/en\/wp-json\/wp\/v2\/media\/50087"}],"wp:attachment":[{"href":"https:\/\/www.enerjigazetesi.ist\/en\/wp-json\/wp\/v2\/media?parent=50086"}],"wp:term":[{"taxonomy":"category","embeddable":true,"href":"https:\/\/www.enerjigazetesi.ist\/en\/wp-json\/wp\/v2\/categories?post=50086"},{"taxonomy":"post_tag","embeddable":true,"href":"https:\/\/www.enerjigazetesi.ist\/en\/wp-json\/wp\/v2\/tags?post=50086"}],"curies":[{"name":"wp","href":"https:\/\/api.w.org\/{rel}","templated":true}]}}